{"id":239338,"date":"2024-10-08T10:40:00","date_gmt":"2024-10-08T08:40:00","guid":{"rendered":"https:\/\/www.tucomarca.com\/wordpress\/segunda\/?p=239338"},"modified":"2024-10-08T20:11:39","modified_gmt":"2024-10-08T18:11:39","slug":"la-diputacio-reunix-250-musics-de-nou-bandes-valencianes-per-a-celebrar-larribada-del-9-doctubre","status":"publish","type":"post","link":"https:\/\/www.tucomarca.com\/wordpress\/segunda\/ca\/la-diputacio-reunix-250-musics-de-nou-bandes-valencianes-per-a-celebrar-larribada-del-9-doctubre\/","title":{"rendered":"La Diputaci\u00f3 reunix 250 m\u00fasics de nou bandes valencianes per a celebrar l&#8217;arribada del 9 d\u2019Octubre"},"content":{"rendered":"\n<h3 class=\"wp-block-heading\">La pla\u00e7a Manises ha acollit este dilluns \u2018Sona la M\u00fasica\u2019, el concert de m\u00fasica de banda organitzat per la Diputaci\u00f3 de Val\u00e8ncia amb motiu del Dia de la Comunitat. Han participat m\u00fasics de Val\u00e8ncia i quatre comarques.<\/h3>\n\n\n\n<h3 class=\"wp-block-heading\">L&#8217;Himne Regional del mestre Serrano, amb la veu del tenor Vicente Ombuena, tanca l&#8217;acte. El president Momp\u00f3 destaca el potencial de la m\u00fasica de banda com \u201cuna de les nostres principals senyes d&#8217;identitat\u201d.<\/h3>\n\n\n\n<p>La Diputaci\u00f3 de Val\u00e8ncia ha reunit este dilluns en la pla\u00e7a Manises a 250 m\u00fasics per a celebrar l&#8217;arribada del 9 d\u2019Octubre, en el marc del programa d&#8217;activitats de la corporaci\u00f3 provincial per a commemorar el Dia de la Comunitat. Els m\u00fasics, pertanyents a nou bandes de Val\u00e8ncia i quatre comarques, han ocupat la pla\u00e7a agrupats per instruments i han interpretat tres peces baix la batuta del mestre Juan Jos\u00e9 Navarro.<\/p>\n\n\n\n<p>L&#8217;Himne Regional, amb la veu del tenor Vicente Ombuena, ha tancat el \u2018Sona la M\u00fasica\u2019, l&#8217;acte organitzat per la delegaci\u00f3 de Bandes que dirigix el diputat Ricardo Gabald\u00f3n, a qui ha felicitat el president de la Diputaci\u00f3, Vicent Momp\u00f3, per \u201cl&#8217;extraordinari treball que est\u00e0 realitzant per a promocionar la m\u00fasica de banda tant a nivell nacional com internacional, i per descomptat en la nostra terra, on la m\u00fasica \u00e9s sempre protagonista i una de les nostres principals senyes d&#8217;identitat\u201d.<\/p>\n\n\n\n<p>Momp\u00f3 ha presenciat un acte en el qual han participat la Banda Juvenil l&#8217;Art\u00edstica de Bu\u00f1ol, la Uni\u00f3 Musical de Godelleta, la Banda Santa Cecilia de Y\u00e0tova i la Uni\u00f3 Musical de Y\u00e0tova, a la comarca de l\u2019Hoya de Bu\u00f1ol; la Uni\u00f3 Musical Utielana, de la plana Utiel-Requena; la Familiar de Benissan\u00f3, des del Camp de T\u00faria; el Centre Instructiu Musical de Mislata, de l\u2019Horta Sud; i la Societat Musical Uni\u00f3 de Tres Forques i el Centre Instructiu Musical de la Banda de Torrefiel, en representaci\u00f3 de les agrupacions musicals de la ciutat.<\/p>\n\n\n\n<p>El president de la Diputaci\u00f3 ha agra\u00eft a tots els m\u00fasics la seua participaci\u00f3 i ha destacat que este tipus d&#8217;actes \u201cs\u00f3n l&#8217;ess\u00e8ncia de la nostra terra, del que som com a poble. La m\u00fasica est\u00e0 present en cada festa i en cada celebraci\u00f3, perqu\u00e8 el so de les nostres bandes fa m\u00e9s especial, si cap, cada moment de la nostra mem\u00f2ria col\u00b7lectiva\u201d.<\/p>\n\n\n\n<figure class=\"wp-block-gallery has-nested-images columns-default is-cropped wp-block-gallery-1 is-layout-flex wp-block-gallery-is-layout-flex\">\n<figure class=\"wp-block-image size-large\"><img loading=\"lazy\" decoding=\"async\" width=\"1024\" height=\"666\" data-id=\"239335\" src=\"https:\/\/www.tucomarca.com\/wordpress\/segunda\/wp-content\/uploads\/2024\/10\/Dipu9OctubreSona3-1024x666.jpg\" alt=\"\" class=\"wp-image-239335\" srcset=\"https:\/\/www.tucomarca.com\/wordpress\/segunda\/wp-content\/uploads\/2024\/10\/Dipu9OctubreSona3-1024x666.jpg 1024w, https:\/\/www.tucomarca.com\/wordpress\/segunda\/wp-content\/uploads\/2024\/10\/Dipu9OctubreSona3-300x195.jpg 300w, https:\/\/www.tucomarca.com\/wordpress\/segunda\/wp-content\/uploads\/2024\/10\/Dipu9OctubreSona3-768x499.jpg 768w, https:\/\/www.tucomarca.com\/wordpress\/segunda\/wp-content\/uploads\/2024\/10\/Dipu9OctubreSona3.jpg 1181w\" sizes=\"auto, (max-width: 1024px) 100vw, 1024px\" \/><\/figure>\n\n\n\n<figure class=\"wp-block-image size-large\"><img loading=\"lazy\" decoding=\"async\" width=\"1024\" height=\"666\" data-id=\"239333\" src=\"https:\/\/www.tucomarca.com\/wordpress\/segunda\/wp-content\/uploads\/2024\/10\/Dipu9OctubreSona2-1024x666.jpg\" alt=\"\" class=\"wp-image-239333\" srcset=\"https:\/\/www.tucomarca.com\/wordpress\/segunda\/wp-content\/uploads\/2024\/10\/Dipu9OctubreSona2-1024x666.jpg 1024w, https:\/\/www.tucomarca.com\/wordpress\/segunda\/wp-content\/uploads\/2024\/10\/Dipu9OctubreSona2-300x195.jpg 300w, https:\/\/www.tucomarca.com\/wordpress\/segunda\/wp-content\/uploads\/2024\/10\/Dipu9OctubreSona2-768x499.jpg 768w, https:\/\/www.tucomarca.com\/wordpress\/segunda\/wp-content\/uploads\/2024\/10\/Dipu9OctubreSona2.jpg 1181w\" sizes=\"auto, (max-width: 1024px) 100vw, 1024px\" \/><\/figure>\n<\/figure>\n\n\n\n<p><strong>D\u2018Amparito Roca a l&#8217;Himne Regional<\/strong><\/p>\n\n\n\n<p>El concert de pla\u00e7a Manises s&#8217;ha iniciat amb la interpretaci\u00f3 d\u2019Amparito Roca, del mestre Jaume Teixidor. A continuaci\u00f3 ha sonat el Val\u00e8ncia de Jos\u00e9 Padilla, amb la veu de Vicente Ombuena. I per a acabar, l&#8217;Himne Regional del mestre Serrano acompanyat per la veu del tenor valenci\u00e0. \u201cUn aut\u00e8ntic luxe que demostra que no ens equivoquem a l&#8217;hora de potenciar la delegaci\u00f3 de Bandes de M\u00fasica per a promoure i protegir esta meravellosa her\u00e8ncia\u201d, ha assenyalat el diputat Ricardo Gabald\u00f3n.<\/p>\n\n\n\n<p>Per part seua, el president Momp\u00f3 ha apuntat que en la Comunitat Valenciana \u201ctenim m\u00e9s societats musicals que municipis, la qual cosa posa de manifest que la m\u00fasica \u00e9s molt m\u00e9s que una tradici\u00f3; \u00e9s un mode de vida, una passi\u00f3 que compartim de generaci\u00f3 en generaci\u00f3 i que vertebra el teixit social dels nostres pobles i comarques\u201d. \u201cA poques hores del 9 d\u2019Octubre, \u00e9s important recordar que la m\u00fasica ha sigut sempre una part essencial de la nostra hist\u00f2ria\u201d, ha concl\u00f2s Momp\u00f3.<\/p>\n\n\n\n<p><strong>El Passacarrer de les Comarques<\/strong><\/p>\n\n\n\n<p>La programaci\u00f3 del 9 d\u2019Octubre de la Diputaci\u00f3 de Val\u00e8ncia continuar\u00e0 este dimarts amb una nova edici\u00f3 del Passacarrer de les Comarques, que tindr\u00e0 lloc a partir de les 18.00 hores. Organitzat per la corporaci\u00f3 provincial a trav\u00e9s de Val\u00e8ncia Turisme, l&#8217;acte comen\u00e7ar\u00e0 a les Torres de Serrans i finalitzar\u00e0 en pla\u00e7a Manises. Participaran, entre altres, el Tio de la Porra de Gandia, la Dans\u00e0 de Quatretonda, el Grup de Dansadors de l\u2019Alfor\u00ed, el Grup d\u2019Albaes \u2018Cantar per Cantar\u2019 de Meliana, el Ball de l\u2019\u00c0guila d&#8217;Ontinyent i els Cabuts de Bocairent.<\/p>\n\n\n\n<p>Un total de 300 persones participaran en este passacarrer que la Diputaci\u00f3 ha convertit en un dels actes de refer\u00e8ncia en vespres del 9 d\u2019Octubre. A m\u00e9s, el Sal\u00f3 de Reines de la corporaci\u00f3 provincial exhibix fins al 14 d&#8217;octubre l&#8217;exposici\u00f3 \u2018El 9 d\u2019Octubre, la nostra festa\u2019, amb m\u00e9s de 60 fotografies i una pintura de Josep Maria Fenollera. L&#8217;acc\u00e9s \u00e9s lliure entre les 10 i les 14 i les 16 i les 20 hores.<\/p>\n","protected":false},"excerpt":{"rendered":"<div class=\"mh-excerpt\">La pla\u00e7a Manises ha acollit este dilluns \u2018Sona la M\u00fasica\u2019, el concert de m\u00fasica de banda organitzat per la Diputaci\u00f3 de Val\u00e8ncia amb motiu del Dia de la Comunitat. Han participat m\u00fasics de Val\u00e8ncia i <a class=\"mh-excerpt-more\" href=\"https:\/\/www.tucomarca.com\/wordpress\/segunda\/ca\/la-diputacio-reunix-250-musics-de-nou-bandes-valencianes-per-a-celebrar-larribada-del-9-doctubre\/\" title=\"La Diputaci\u00f3 reunix 250 m\u00fasics de nou bandes valencianes per a celebrar l&#8217;arribada del 9 d\u2019Octubre\">[+] <\/a><\/div>\n","protected":false},"author":12,"featured_media":239332,"comment_status":"open","ping_status":"open","sticky":false,"template":"","format":"gallery","meta":{"footnotes":""},"categories":[10938,10911,10892,11005,10898,10977,10980,10894,10904,10912,11007,10909,10896,11059],"tags":[11227,11246,18825],"class_list":{"0":"post-239338","1":"post","2":"type-post","3":"status-publish","4":"format-gallery","5":"has-post-thumbnail","7":"category-benisano-ca","8":"category-bunol-ca","9":"category-camp-de-turia-ca","10":"category-canal-musica","11":"category-ventana-ca","12":"category-godelleta-ca","13":"category-yatova-ca","14":"category-la-comarca-ca","15":"category-sin-categorizar-ca","16":"category-la-hoya-ca","17":"category-ocio-y-cultura-ca","18":"category-requena-utiel-ca","19":"category-seccion-ca","20":"category-utiel-ca","21":"tag-9-doctubre-ca","22":"tag-diputacio-de-valencia-ca","23":"tag-vicent-mompo-ca","24":"post_format-post-format-gallery"},"_links":{"self":[{"href":"https:\/\/www.tucomarca.com\/wordpress\/segunda\/ca\/wp-json\/wp\/v2\/posts\/239338","targetHints":{"allow":["GET"]}}],"collection":[{"href":"https:\/\/www.tucomarca.com\/wordpress\/segunda\/ca\/wp-json\/wp\/v2\/posts"}],"about":[{"href":"https:\/\/www.tucomarca.com\/wordpress\/segunda\/ca\/wp-json\/wp\/v2\/types\/post"}],"author":[{"embeddable":true,"href":"https:\/\/www.tucomarca.com\/wordpress\/segunda\/ca\/wp-json\/wp\/v2\/users\/12"}],"replies":[{"embeddable":true,"href":"https:\/\/www.tucomarca.com\/wordpress\/segunda\/ca\/wp-json\/wp\/v2\/comments?post=239338"}],"version-history":[{"count":0,"href":"https:\/\/www.tucomarca.com\/wordpress\/segunda\/ca\/wp-json\/wp\/v2\/posts\/239338\/revisions"}],"wp:featuredmedia":[{"embeddable":true,"href":"https:\/\/www.tucomarca.com\/wordpress\/segunda\/ca\/wp-json\/wp\/v2\/media\/239332"}],"wp:attachment":[{"href":"https:\/\/www.tucomarca.com\/wordpress\/segunda\/ca\/wp-json\/wp\/v2\/media?parent=239338"}],"wp:term":[{"taxonomy":"category","embeddable":true,"href":"https:\/\/www.tucomarca.com\/wordpress\/segunda\/ca\/wp-json\/wp\/v2\/categories?post=239338"},{"taxonomy":"post_tag","embeddable":true,"href":"https:\/\/www.tucomarca.com\/wordpress\/segunda\/ca\/wp-json\/wp\/v2\/tags?post=239338"}],"curies":[{"name":"wp","href":"https:\/\/api.w.org\/{rel}","templated":true}]}}