{"id":239366,"date":"2024-10-08T10:45:00","date_gmt":"2024-10-08T08:45:00","guid":{"rendered":"https:\/\/www.tucomarca.com\/wordpress\/segunda\/?p=239366"},"modified":"2024-10-08T12:22:03","modified_gmt":"2024-10-08T10:22:03","slug":"extingit-lincendi-forestal-declarat-la-vesprada-del-dilluns-en-una-zona-de-pins-a-godelleta","status":"publish","type":"post","link":"https:\/\/www.tucomarca.com\/wordpress\/segunda\/ca\/extingit-lincendi-forestal-declarat-la-vesprada-del-dilluns-en-una-zona-de-pins-a-godelleta\/","title":{"rendered":"Extingit l&#8217;incendi forestal declarat la vesprada del dilluns en una zona de pins a Godelleta"},"content":{"rendered":"\n<p>Aquest dilluns a la vesprada s&#8217;ha declarat un incendi forestal en una zona de pins del terme municipal de Godelleta, la qual cosa va mobilitzar r\u00e0pidament a diversos mitjans d&#8217;extinci\u00f3. En les labors d&#8217;extinci\u00f3 van participar una autobomba i una unitat del Servei de Bombers Forestals de la Generalitat Valenciana, juntament amb una dotaci\u00f3 de bombers del Consorci Provincial de Bombers de Val\u00e8ncia a m\u00e9s d&#8217;un mitj\u00e0 aeri.<\/p>\n\n\n\n<p>Gr\u00e0cies a la r\u00e0pida intervenci\u00f3 d&#8217;aquests equips, l&#8217;incendi va poder ser controlat i, finalment, a les 18,27 hores va ser declarat extingit. No es van reportar danys personals ni materials significatius, encara que s&#8217;avaluar\u00e0 l&#8217;impacte en la zona afectada, tal com han informat fonts del Consorci Provincial de Bombers de Val\u00e8ncia.<\/p>\n","protected":false},"excerpt":{"rendered":"<div class=\"mh-excerpt\">Aquest dilluns a la vesprada s&#8217;ha declarat un incendi forestal en una zona de pins del terme municipal de Godelleta, la qual cosa va mobilitzar r\u00e0pidament a diversos mitjans d&#8217;extinci\u00f3. En les labors d&#8217;extinci\u00f3 van <a class=\"mh-excerpt-more\" href=\"https:\/\/www.tucomarca.com\/wordpress\/segunda\/ca\/extingit-lincendi-forestal-declarat-la-vesprada-del-dilluns-en-una-zona-de-pins-a-godelleta\/\" title=\"Extingit l&#8217;incendi forestal declarat la vesprada del dilluns en una zona de pins a Godelleta\">[+] <\/a><\/div>\n","protected":false},"author":13,"featured_media":108827,"comment_status":"open","ping_status":"open","sticky":false,"template":"","format":"standard","meta":{"footnotes":""},"categories":[10898,10977,10948,10894,10912,10903,10896,10897],"tags":[11087,13724,10914,10901],"class_list":{"0":"post-239366","1":"post","2":"type-post","3":"status-publish","4":"format-standard","5":"has-post-thumbnail","7":"category-ventana-ca","8":"category-godelleta-ca","9":"category-infraestructuras-ca","10":"category-la-comarca-ca","11":"category-la-hoya-ca","12":"category-medio-ambiente-la-comarca-ca","13":"category-seccion-ca","14":"category-sucesos-la-comarca-ca","15":"tag-godelleta-ca","16":"tag-incendio-forestal-ca","17":"tag-la-hoya-de-bunol-chiva-ca","18":"tag-sucesos-ca"},"_links":{"self":[{"href":"https:\/\/www.tucomarca.com\/wordpress\/segunda\/ca\/wp-json\/wp\/v2\/posts\/239366","targetHints":{"allow":["GET"]}}],"collection":[{"href":"https:\/\/www.tucomarca.com\/wordpress\/segunda\/ca\/wp-json\/wp\/v2\/posts"}],"about":[{"href":"https:\/\/www.tucomarca.com\/wordpress\/segunda\/ca\/wp-json\/wp\/v2\/types\/post"}],"author":[{"embeddable":true,"href":"https:\/\/www.tucomarca.com\/wordpress\/segunda\/ca\/wp-json\/wp\/v2\/users\/13"}],"replies":[{"embeddable":true,"href":"https:\/\/www.tucomarca.com\/wordpress\/segunda\/ca\/wp-json\/wp\/v2\/comments?post=239366"}],"version-history":[{"count":0,"href":"https:\/\/www.tucomarca.com\/wordpress\/segunda\/ca\/wp-json\/wp\/v2\/posts\/239366\/revisions"}],"wp:featuredmedia":[{"embeddable":true,"href":"https:\/\/www.tucomarca.com\/wordpress\/segunda\/ca\/wp-json\/wp\/v2\/media\/108827"}],"wp:attachment":[{"href":"https:\/\/www.tucomarca.com\/wordpress\/segunda\/ca\/wp-json\/wp\/v2\/media?parent=239366"}],"wp:term":[{"taxonomy":"category","embeddable":true,"href":"https:\/\/www.tucomarca.com\/wordpress\/segunda\/ca\/wp-json\/wp\/v2\/categories?post=239366"},{"taxonomy":"post_tag","embeddable":true,"href":"https:\/\/www.tucomarca.com\/wordpress\/segunda\/ca\/wp-json\/wp\/v2\/tags?post=239366"}],"curies":[{"name":"wp","href":"https:\/\/api.w.org\/{rel}","templated":true}]}}