{"id":239481,"date":"2024-10-08T09:35:00","date_gmt":"2024-10-08T07:35:00","guid":{"rendered":"https:\/\/www.tucomarca.com\/wordpress\/segunda\/?p=239481"},"modified":"2024-10-08T22:20:41","modified_gmt":"2024-10-08T20:20:41","slug":"educacio-destina-671-486-euros-al-foment-del-valencia-en-premsa-escrita-no-diaria-i-mitjans-de-comunicacio-en-linia","status":"publish","type":"post","link":"https:\/\/www.tucomarca.com\/wordpress\/segunda\/ca\/educacio-destina-671-486-euros-al-foment-del-valencia-en-premsa-escrita-no-diaria-i-mitjans-de-comunicacio-en-linia\/","title":{"rendered":"Educaci\u00f3 destina 671.486 euros al foment del valenci\u00e0 en premsa escrita no di\u00e0ria i mitjans de comunicaci\u00f3 en l\u00ednia"},"content":{"rendered":"\n<h3 class=\"wp-block-heading\">S&#8217;han adjudicat un total de 243.594,33 euros per a premsa escrita no di\u00e0ria i 427.892,35 euros per a mitjans de comunicaci\u00f3 en l\u00ednia.<\/h3>\n\n\n\n<p>La Conselleria d\u2019Educaci\u00f3, Cultura, Universitats i Ocupaci\u00f3 ha publicat en el&nbsp;<em>Diari Oficial de la Generalitat Valenciana<\/em>&nbsp;(<a href=\"https:\/\/dogv.gva.es\/va\/resultat-dogv?signatura=2024\/10293\">DOGV<\/a>) la resoluci\u00f3 de la convocat\u00f2ria de les subvencions per al foment del valenci\u00e0 en l\u2019\u00e0mbit dels mitjans de comunicaci\u00f3 en les modalitats de premsa escrita no di\u00e0ria i mitjans de comunicaci\u00f3 en l\u00ednia del programa B.<\/p>\n\n\n\n<p>A trav\u00e9s d\u2019esta resoluci\u00f3 es concedix un total de 671.486,68 euros, dels quals 243.594,33 euros s\u00f3n per a la modalitat de premsa escrita no di\u00e0ria i 427.892,35 euros per a la modalitat de mitjans de comunicaci\u00f3 en l\u00ednia, els dos de la modalitat B, parcialment en valenci\u00e0.<\/p>\n\n\n\n<p>En concret, en la categoria de premsa escrita no di\u00e0ria s\u2019han adjudicat vint-i-dos subvencions a diferents mitjans valencians. La subvenci\u00f3 mitjana \u00e9s d\u201911.072,47 euros, que oscil\u00b7len des dels 5.414,72 euros als 18.181,82 euros.<\/p>\n\n\n\n<p>En la categoria de mitjans de comunicaci\u00f3 en l\u00ednia s\u2019han valorat un total de trenta-tres sol\u00b7licituds. La subvenci\u00f3 mitjana total arriba als 12.966,43 euros, que van des dels 1.156,79 euros als 27.354,50 euros. El termini de justificaci\u00f3 acaba el pr\u00f2xim 15 de novembre.<\/p>\n\n\n\n<p>D\u2019esta manera, des de la Generalitat es contribu\u00efx al foment de l\u2019\u00fas social del valenci\u00e0, incentivant als mitjans de comunicaci\u00f3 d\u2019iniciativa privada perqu\u00e8 utilitzen el valenci\u00e0 en les seues comunicacions amb la ciutadania.<\/p>\n\n\n\n<p>Amb estes subvencions s\u2019ajuda a garantir a m\u00e9s els drets ling\u00fc\u00edstics als ciutadans perqu\u00e8 puguen rebre la informaci\u00f3 en valenci\u00e0 a trav\u00e9s d\u2019una major oferta informativa i de continguts en la llengua pr\u00f2pia de la Comunitat Valenciana, tal com s\u2019establix en la Llei d\u2019\u00fas i ensenyament del valenci\u00e0 i es recomana en la Carta europea de les lleng\u00fces regionals i minorit\u00e0ries.<\/p>\n","protected":false},"excerpt":{"rendered":"<div class=\"mh-excerpt\">S&#8217;han adjudicat un total de 243.594,33 euros per a premsa escrita no di\u00e0ria i 427.892,35 euros per a mitjans de comunicaci\u00f3 en l\u00ednia. La Conselleria d\u2019Educaci\u00f3, Cultura, Universitats i Ocupaci\u00f3 ha publicat en el&nbsp;Diari Oficial <a class=\"mh-excerpt-more\" href=\"https:\/\/www.tucomarca.com\/wordpress\/segunda\/ca\/educacio-destina-671-486-euros-al-foment-del-valencia-en-premsa-escrita-no-diaria-i-mitjans-de-comunicacio-en-linia\/\" title=\"Educaci\u00f3 destina 671.486 euros al foment del valenci\u00e0 en premsa escrita no di\u00e0ria i mitjans de comunicaci\u00f3 en l\u00ednia\">[+] <\/a><\/div>\n","protected":false},"author":13,"featured_media":171460,"comment_status":"open","ping_status":"open","sticky":false,"template":"","format":"standard","meta":{"footnotes":""},"categories":[10898,10948,10894,10904,11007,10947,10896],"tags":[11199,11140],"class_list":{"0":"post-239481","1":"post","2":"type-post","3":"status-publish","4":"format-standard","5":"has-post-thumbnail","7":"category-ventana-ca","8":"category-infraestructuras-ca","9":"category-la-comarca-ca","10":"category-sin-categorizar-ca","11":"category-ocio-y-cultura-ca","12":"category-politica","13":"category-seccion-ca","14":"tag-la-comunitat-ca","15":"tag-politica-ca"},"_links":{"self":[{"href":"https:\/\/www.tucomarca.com\/wordpress\/segunda\/ca\/wp-json\/wp\/v2\/posts\/239481","targetHints":{"allow":["GET"]}}],"collection":[{"href":"https:\/\/www.tucomarca.com\/wordpress\/segunda\/ca\/wp-json\/wp\/v2\/posts"}],"about":[{"href":"https:\/\/www.tucomarca.com\/wordpress\/segunda\/ca\/wp-json\/wp\/v2\/types\/post"}],"author":[{"embeddable":true,"href":"https:\/\/www.tucomarca.com\/wordpress\/segunda\/ca\/wp-json\/wp\/v2\/users\/13"}],"replies":[{"embeddable":true,"href":"https:\/\/www.tucomarca.com\/wordpress\/segunda\/ca\/wp-json\/wp\/v2\/comments?post=239481"}],"version-history":[{"count":0,"href":"https:\/\/www.tucomarca.com\/wordpress\/segunda\/ca\/wp-json\/wp\/v2\/posts\/239481\/revisions"}],"wp:featuredmedia":[{"embeddable":true,"href":"https:\/\/www.tucomarca.com\/wordpress\/segunda\/ca\/wp-json\/wp\/v2\/media\/171460"}],"wp:attachment":[{"href":"https:\/\/www.tucomarca.com\/wordpress\/segunda\/ca\/wp-json\/wp\/v2\/media?parent=239481"}],"wp:term":[{"taxonomy":"category","embeddable":true,"href":"https:\/\/www.tucomarca.com\/wordpress\/segunda\/ca\/wp-json\/wp\/v2\/categories?post=239481"},{"taxonomy":"post_tag","embeddable":true,"href":"https:\/\/www.tucomarca.com\/wordpress\/segunda\/ca\/wp-json\/wp\/v2\/tags?post=239481"}],"curies":[{"name":"wp","href":"https:\/\/api.w.org\/{rel}","templated":true}]}}