{"id":239665,"date":"2024-10-10T11:00:00","date_gmt":"2024-10-10T09:00:00","guid":{"rendered":"https:\/\/www.tucomarca.com\/wordpress\/segunda\/?p=239665"},"modified":"2024-10-10T22:12:53","modified_gmt":"2024-10-10T20:12:53","slug":"lalcaldessa-de-bunyol-anuncia-licitacio-de-les-obres-dadequacio-de-lantic-institut-per-a-escola-oficial-didiomes-i-conservatori-professional-de-musica","status":"publish","type":"post","link":"https:\/\/www.tucomarca.com\/wordpress\/segunda\/ca\/lalcaldessa-de-bunyol-anuncia-licitacio-de-les-obres-dadequacio-de-lantic-institut-per-a-escola-oficial-didiomes-i-conservatori-professional-de-musica\/","title":{"rendered":"L&#8217;alcaldessa de Bunyol anuncia licitaci\u00f3 de les obres d&#8217;adequaci\u00f3 de l&#8217;antic institut per a Escola Oficial d&#8217;Idiomes i Conservatori Professional de M\u00fasica"},"content":{"rendered":"\n<h3 class=\"wp-block-heading\">L&#8217;alcaldessa de Bunyol, Virg\u00ednia Sanz, acaba de fer p\u00fablic el comen\u00e7ament de la licitaci\u00f3 de manera imminent d&#8217;una de les obres m\u00e9s esperades i necessitades de la localitat com \u00e9s l&#8217;adequaci\u00f3 de l&#8217;antic institut per a EOI i altres usos educatius, entre ells el Conservatori Professional de M\u00fasica de la localitat.<\/h3>\n\n\n\n<p>La primer edil bunyolense, Virginia Sanz, confirma que el per\u00edode de licitaci\u00f3, que ser\u00e0 de tres mesos, s&#8217;iniciar\u00e0 de manera imminent perqu\u00e8 s&#8217;ha presentat el projecte definitiu. \u00c9sto que suposa que les obres per a adequar l&#8217;antic institut de Bunyol per a Escola Oficial d&#8217;Idiomes i Conservatori Professional de M\u00fasica, entre altres usos educatius, arrancaran en el primer semestre de 2025.<\/p>\n\n\n\n<p>Virginia Sanz informa que el projecte definitiu i visat s&#8217;ha presentat a l&#8217;Ajuntament, la qual cosa suposa l&#8217;anunci de manera imminent de la licitaci\u00f3 de les obres. La primer edil s&#8217;ha mostrat molt satisfeta perqu\u00e8 suposa que l&#8217;any pr\u00f2xim puguen arrancar les obres del nou Conservatori Professional de M\u00fasica i Escola Oficial d&#8217;Idiomes, serveis molt demandats i necessitats d&#8217;una profunda adequaci\u00f3.<\/p>\n\n\n\n<p>El projecte rep el nom de \u201cAdequaci\u00f3 de l&#8217;antic institut per a Escola Oficial d&#8217;Idiomes i altres usos educatius\u201d i procedeix del Pla Edificant. El pressupost total \u00e9s de 4.573.802,12\u20ac. Una gran not\u00edcia per al poble de Bunyol i tota la comarca, ja que tant l&#8217;Escola Oficial d&#8217;Idiomes com els nombrosos estudiants que integren l&#8217;actual Conservatori de M\u00fasica Professional procedeixen de municipis de voltant.<\/p>\n\n\n\n<p>Una obra molt necess\u00e0ria que far\u00e0 un pas de qualitat a la immillorable educaci\u00f3 que reben els joves m\u00fasics en l&#8217;actual edifici que alberga el Conservatori Professional de M\u00fasica.<\/p>\n","protected":false},"excerpt":{"rendered":"<div class=\"mh-excerpt\">L&#8217;alcaldessa de Bunyol, Virg\u00ednia Sanz, acaba de fer p\u00fablic el comen\u00e7ament de la licitaci\u00f3 de manera imminent d&#8217;una de les obres m\u00e9s esperades i necessitades de la localitat com \u00e9s l&#8217;adequaci\u00f3 de l&#8217;antic institut per <a class=\"mh-excerpt-more\" href=\"https:\/\/www.tucomarca.com\/wordpress\/segunda\/ca\/lalcaldessa-de-bunyol-anuncia-licitacio-de-les-obres-dadequacio-de-lantic-institut-per-a-escola-oficial-didiomes-i-conservatori-professional-de-musica\/\" title=\"L&#8217;alcaldessa de Bunyol anuncia licitaci\u00f3 de les obres d&#8217;adequaci\u00f3 de l&#8217;antic institut per a Escola Oficial d&#8217;Idiomes i Conservatori Professional de M\u00fasica\">[+] <\/a><\/div>\n","protected":false},"author":12,"featured_media":114019,"comment_status":"open","ping_status":"open","sticky":false,"template":"","format":"standard","meta":{"footnotes":""},"categories":[10911,10948,10894,10912,11007,10947,10896],"tags":[15720,10913,10914],"class_list":{"0":"post-239665","1":"post","2":"type-post","3":"status-publish","4":"format-standard","5":"has-post-thumbnail","7":"category-bunol-ca","8":"category-infraestructuras-ca","9":"category-la-comarca-ca","10":"category-la-hoya-ca","11":"category-ocio-y-cultura-ca","12":"category-politica","13":"category-seccion-ca","14":"tag-antiguo-ies-bunol-ca","15":"tag-bunol-ca","16":"tag-la-hoya-de-bunol-chiva-ca"},"_links":{"self":[{"href":"https:\/\/www.tucomarca.com\/wordpress\/segunda\/ca\/wp-json\/wp\/v2\/posts\/239665","targetHints":{"allow":["GET"]}}],"collection":[{"href":"https:\/\/www.tucomarca.com\/wordpress\/segunda\/ca\/wp-json\/wp\/v2\/posts"}],"about":[{"href":"https:\/\/www.tucomarca.com\/wordpress\/segunda\/ca\/wp-json\/wp\/v2\/types\/post"}],"author":[{"embeddable":true,"href":"https:\/\/www.tucomarca.com\/wordpress\/segunda\/ca\/wp-json\/wp\/v2\/users\/12"}],"replies":[{"embeddable":true,"href":"https:\/\/www.tucomarca.com\/wordpress\/segunda\/ca\/wp-json\/wp\/v2\/comments?post=239665"}],"version-history":[{"count":0,"href":"https:\/\/www.tucomarca.com\/wordpress\/segunda\/ca\/wp-json\/wp\/v2\/posts\/239665\/revisions"}],"wp:featuredmedia":[{"embeddable":true,"href":"https:\/\/www.tucomarca.com\/wordpress\/segunda\/ca\/wp-json\/wp\/v2\/media\/114019"}],"wp:attachment":[{"href":"https:\/\/www.tucomarca.com\/wordpress\/segunda\/ca\/wp-json\/wp\/v2\/media?parent=239665"}],"wp:term":[{"taxonomy":"category","embeddable":true,"href":"https:\/\/www.tucomarca.com\/wordpress\/segunda\/ca\/wp-json\/wp\/v2\/categories?post=239665"},{"taxonomy":"post_tag","embeddable":true,"href":"https:\/\/www.tucomarca.com\/wordpress\/segunda\/ca\/wp-json\/wp\/v2\/tags?post=239665"}],"curies":[{"name":"wp","href":"https:\/\/api.w.org\/{rel}","templated":true}]}}