{"id":239763,"date":"2024-10-11T11:00:00","date_gmt":"2024-10-11T09:00:00","guid":{"rendered":"https:\/\/www.tucomarca.com\/wordpress\/segunda\/?p=239763"},"modified":"2024-10-11T20:41:53","modified_gmt":"2024-10-11T18:41:53","slug":"la-xxvii-mostra-de-teatre-no-professional-de-xest-sinaugura-amb-un-recital-de-lola-herrera","status":"publish","type":"post","link":"https:\/\/www.tucomarca.com\/wordpress\/segunda\/ca\/la-xxvii-mostra-de-teatre-no-professional-de-xest-sinaugura-amb-un-recital-de-lola-herrera\/","title":{"rendered":"La XXVII Mostra de teatre no professional de Xest s&#8217;inaugura amb un recital de Lola Herrera"},"content":{"rendered":"<div class=\"wp-block-image\">\n<figure class=\"alignleft size-large is-resized\"><img loading=\"lazy\" decoding=\"async\" width=\"724\" height=\"1024\" src=\"http:\/\/www.tucomarca.com\/wordpress\/segunda\/wp-content\/uploads\/2024\/10\/ChesteMuestradeTeatro24_02-724x1024.jpg\" alt=\"\" class=\"wp-image-239760\" style=\"width:429px;height:auto\" srcset=\"https:\/\/www.tucomarca.com\/wordpress\/segunda\/wp-content\/uploads\/2024\/10\/ChesteMuestradeTeatro24_02-724x1024.jpg 724w, https:\/\/www.tucomarca.com\/wordpress\/segunda\/wp-content\/uploads\/2024\/10\/ChesteMuestradeTeatro24_02-212x300.jpg 212w, https:\/\/www.tucomarca.com\/wordpress\/segunda\/wp-content\/uploads\/2024\/10\/ChesteMuestradeTeatro24_02-768x1086.jpg 768w, https:\/\/www.tucomarca.com\/wordpress\/segunda\/wp-content\/uploads\/2024\/10\/ChesteMuestradeTeatro24_02.jpg 886w\" sizes=\"auto, (max-width: 724px) 100vw, 724px\" \/><\/figure>\n<\/div>\n\n\n<p>El pr\u00f2xim 20 d&#8217;octubre, diumenge, s&#8217;inaugurar\u00e0 la 27a edici\u00f3 de la Mostra de teatre no professional de Xest amb una nova proposta de Lola Herrera titulada Tres cors infinits. La reconeguda actriu recitar\u00e0, en les taules del teatre Liceu, versos de Federico Garc\u00eda Lorca, Antonio Machado i Miguel Hern\u00e1ndez, juntament amb el bar\u00edton Luis Santana, que interpretar\u00e0 can\u00e7ons relacionades amb el context dels autors i les seues respectives \u00e8poques. El recital tamb\u00e9 comptar\u00e0 amb m\u00fasica de piano de fons, de la m\u00e0 del m\u00fasic V\u00edctor Carbajo.<\/p>\n\n\n\n<p>Enguany, cinc companyies amateurs de diferents punts de la geografia espanyola es donaran cita a Xest per a participar en la mostra, a les quals se sumaran, fora de concurs, dues propostes teatrals del grup local Far\u00e0ndula Teatre: B\u00fanquer, el 2 de novembre, i Una hora per a mi, que clausurar\u00e0 l&#8217;edici\u00f3, el 8 de desembre.<\/p>\n\n\n\n<p>Totes les obres comen\u00e7aran a les 19.00 en el teatre Liceu i les entrades estaran disponibles en els quioscos de la localitat i en la web agendacheste.com, per a adquirir-les de forma anticipada. A m\u00e9s, es podran comprar les entrades en taquilla des de les 18.00 del mateix dia de la representaci\u00f3.<\/p>\n\n\n\n<figure class=\"wp-block-image size-large\"><img loading=\"lazy\" decoding=\"async\" width=\"1024\" height=\"724\" src=\"http:\/\/www.tucomarca.com\/wordpress\/segunda\/wp-content\/uploads\/2024\/10\/ChesteMuestradeTeatro24_01-1024x724.jpg\" alt=\"\" class=\"wp-image-239758\" srcset=\"https:\/\/www.tucomarca.com\/wordpress\/segunda\/wp-content\/uploads\/2024\/10\/ChesteMuestradeTeatro24_01-1024x724.jpg 1024w, https:\/\/www.tucomarca.com\/wordpress\/segunda\/wp-content\/uploads\/2024\/10\/ChesteMuestradeTeatro24_01-300x212.jpg 300w, https:\/\/www.tucomarca.com\/wordpress\/segunda\/wp-content\/uploads\/2024\/10\/ChesteMuestradeTeatro24_01-768x543.jpg 768w, https:\/\/www.tucomarca.com\/wordpress\/segunda\/wp-content\/uploads\/2024\/10\/ChesteMuestradeTeatro24_01.jpg 1181w\" sizes=\"auto, (max-width: 1024px) 100vw, 1024px\" \/><\/figure>\n\n\n\n<p><strong>Dates de les representacions<\/strong><\/p>\n\n\n\n<p>Diumenge, 20 d&#8217;octubre:<br>Obertura \u00b7 Tres cors infinits, de Lola Herrera.<\/p>\n\n\n\n<p>Dissabte, 2 de novembre:<br>B\u00fanquer, de la companyia Far\u00e0ndula teatre Xest.<\/p>\n\n\n\n<p>Diumenge, 3 de novembre:<br>Ai Carmela!, de la companyia Unicorn teatre.<\/p>\n\n\n\n<p>Diumenge, 10 de novembre:<br>Ind\u00f2mita, de la companyia Crea Escena Manzanares.<\/p>\n\n\n\n<p>Diumenge, 17 de novembre:<br>La tortuga de Darwin, de la companyia Teatre Circ Alcoi.<\/p>\n\n\n\n<p>Diumenge, 24 de novembre:<br>El traster, de l&#8217;Associaci\u00f3 Amics del teatre de Castell\u00f3.<\/p>\n\n\n\n<p>Diumenge, 1 de desembre<br>El bes de la dona arrapa, de la companyia Tirant teatre L&#8217;Alcora.<\/p>\n\n\n\n<p>Diumenge, 8 de desembre:<br>Clausura \u00b7 Una hora per a mi, de la companyia Far\u00e0ndula teatre Xest.<\/p>\n","protected":false},"excerpt":{"rendered":"<div class=\"mh-excerpt\">El pr\u00f2xim 20 d&#8217;octubre, diumenge, s&#8217;inaugurar\u00e0 la 27a edici\u00f3 de la Mostra de teatre no professional de Xest amb una nova proposta de Lola Herrera titulada Tres cors infinits. La reconeguda actriu recitar\u00e0, en les <a class=\"mh-excerpt-more\" href=\"https:\/\/www.tucomarca.com\/wordpress\/segunda\/ca\/la-xxvii-mostra-de-teatre-no-professional-de-xest-sinaugura-amb-un-recital-de-lola-herrera\/\" title=\"La XXVII Mostra de teatre no professional de Xest s&#8217;inaugura amb un recital de Lola Herrera\">[+] <\/a><\/div>\n","protected":false},"author":12,"featured_media":239759,"comment_status":"open","ping_status":"open","sticky":false,"template":"","format":"standard","meta":{"footnotes":""},"categories":[11019,10898,10894,10912,11007,10896,10974],"tags":[11071,10914,21350],"class_list":{"0":"post-239763","1":"post","2":"type-post","3":"status-publish","4":"format-standard","5":"has-post-thumbnail","7":"category-agenda-ca","8":"category-ventana-ca","9":"category-la-comarca-ca","10":"category-la-hoya-ca","11":"category-ocio-y-cultura-ca","12":"category-seccion-ca","13":"category-cheste-ca","14":"tag-cheste","15":"tag-la-hoya-de-bunol-chiva-ca","16":"tag-xxvii-muestra-de-teatro-no-profesional-ca"},"_links":{"self":[{"href":"https:\/\/www.tucomarca.com\/wordpress\/segunda\/ca\/wp-json\/wp\/v2\/posts\/239763","targetHints":{"allow":["GET"]}}],"collection":[{"href":"https:\/\/www.tucomarca.com\/wordpress\/segunda\/ca\/wp-json\/wp\/v2\/posts"}],"about":[{"href":"https:\/\/www.tucomarca.com\/wordpress\/segunda\/ca\/wp-json\/wp\/v2\/types\/post"}],"author":[{"embeddable":true,"href":"https:\/\/www.tucomarca.com\/wordpress\/segunda\/ca\/wp-json\/wp\/v2\/users\/12"}],"replies":[{"embeddable":true,"href":"https:\/\/www.tucomarca.com\/wordpress\/segunda\/ca\/wp-json\/wp\/v2\/comments?post=239763"}],"version-history":[{"count":0,"href":"https:\/\/www.tucomarca.com\/wordpress\/segunda\/ca\/wp-json\/wp\/v2\/posts\/239763\/revisions"}],"wp:featuredmedia":[{"embeddable":true,"href":"https:\/\/www.tucomarca.com\/wordpress\/segunda\/ca\/wp-json\/wp\/v2\/media\/239759"}],"wp:attachment":[{"href":"https:\/\/www.tucomarca.com\/wordpress\/segunda\/ca\/wp-json\/wp\/v2\/media?parent=239763"}],"wp:term":[{"taxonomy":"category","embeddable":true,"href":"https:\/\/www.tucomarca.com\/wordpress\/segunda\/ca\/wp-json\/wp\/v2\/categories?post=239763"},{"taxonomy":"post_tag","embeddable":true,"href":"https:\/\/www.tucomarca.com\/wordpress\/segunda\/ca\/wp-json\/wp\/v2\/tags?post=239763"}],"curies":[{"name":"wp","href":"https:\/\/api.w.org\/{rel}","templated":true}]}}