{"id":240570,"date":"2024-10-17T10:00:00","date_gmt":"2024-10-17T08:00:00","guid":{"rendered":"https:\/\/www.tucomarca.com\/wordpress\/segunda\/?p=240570"},"modified":"2024-10-17T18:14:04","modified_gmt":"2024-10-17T16:14:04","slug":"turis-entrega-els-premis-a-les-dones-rurals","status":"publish","type":"post","link":"https:\/\/www.tucomarca.com\/wordpress\/segunda\/ca\/turis-entrega-els-premis-a-les-dones-rurals\/","title":{"rendered":"Tur\u00eds entrega els Premis a les Dones Rurals"},"content":{"rendered":"\n<p>Tur\u00eds va viure un acte emocionant amb l\u2019entrega de la segona edici\u00f3 dels Premis Dona Rural, que s\u2019han triat pel ve\u00efnat a trav\u00e9s d\u2019un proc\u00e9s participatiu.<\/p>\n\n\n\n<p>La Casa Museu alberg\u00e0 l\u2019acte davant una notable assist\u00e8ncia de p\u00fablic que super\u00e0 totes les expectatives. Valors com l\u2019emprenedoria, la tasca per la igualtat, la superaci\u00f3 o l\u2019entrega de tota una vida a millorar el poble es van personificar en les cinc dones guardonades.<\/p>\n\n\n\n<figure class=\"wp-block-gallery has-nested-images columns-1 is-cropped wp-block-gallery-1 is-layout-flex wp-block-gallery-is-layout-flex\">\n<figure class=\"wp-block-image size-large\"><img loading=\"lazy\" decoding=\"async\" width=\"1024\" height=\"577\" data-id=\"240563\" src=\"https:\/\/www.tucomarca.com\/wordpress\/segunda\/wp-content\/uploads\/2024\/10\/TurisDonaRural2-1024x577.jpg\" alt=\"\" class=\"wp-image-240563\" srcset=\"https:\/\/www.tucomarca.com\/wordpress\/segunda\/wp-content\/uploads\/2024\/10\/TurisDonaRural2-1024x577.jpg 1024w, https:\/\/www.tucomarca.com\/wordpress\/segunda\/wp-content\/uploads\/2024\/10\/TurisDonaRural2-300x169.jpg 300w, https:\/\/www.tucomarca.com\/wordpress\/segunda\/wp-content\/uploads\/2024\/10\/TurisDonaRural2-768x432.jpg 768w, https:\/\/www.tucomarca.com\/wordpress\/segunda\/wp-content\/uploads\/2024\/10\/TurisDonaRural2-678x381.jpg 678w, https:\/\/www.tucomarca.com\/wordpress\/segunda\/wp-content\/uploads\/2024\/10\/TurisDonaRural2.jpg 1181w\" sizes=\"auto, (max-width: 1024px) 100vw, 1024px\" \/><\/figure>\n\n\n\n<figure class=\"wp-block-image size-large\"><img loading=\"lazy\" decoding=\"async\" width=\"1024\" height=\"577\" data-id=\"240565\" src=\"https:\/\/www.tucomarca.com\/wordpress\/segunda\/wp-content\/uploads\/2024\/10\/TurisDonaRural3-1024x577.jpg\" alt=\"\" class=\"wp-image-240565\" srcset=\"https:\/\/www.tucomarca.com\/wordpress\/segunda\/wp-content\/uploads\/2024\/10\/TurisDonaRural3-1024x577.jpg 1024w, https:\/\/www.tucomarca.com\/wordpress\/segunda\/wp-content\/uploads\/2024\/10\/TurisDonaRural3-300x169.jpg 300w, https:\/\/www.tucomarca.com\/wordpress\/segunda\/wp-content\/uploads\/2024\/10\/TurisDonaRural3-768x432.jpg 768w, https:\/\/www.tucomarca.com\/wordpress\/segunda\/wp-content\/uploads\/2024\/10\/TurisDonaRural3-678x381.jpg 678w, https:\/\/www.tucomarca.com\/wordpress\/segunda\/wp-content\/uploads\/2024\/10\/TurisDonaRural3.jpg 1181w\" sizes=\"auto, (max-width: 1024px) 100vw, 1024px\" \/><\/figure>\n<\/figure>\n\n\n\n<p><strong>DONA EMPRENEDORA: Maite Villanova Gonz\u00e1lez<\/strong><br>Per ser una persona compromesa amb la salut sexual i reproductiva de les dones, valorada per la poblaci\u00f3 de Tur\u00eds, com a dona emprenedora, perqu\u00e8 va apostar per obrir una consulta ginecol\u00f2gica al poble.<\/p>\n\n\n\n<p><strong>LLUITADORA PER LA IGUALTAT: Mar\u00eda Dolores Marabella Folch<\/strong><br>Co-fundadora i primera directora de la Caixa Rural de Tur\u00eds entre 1964 i 1969. Va trencar barreres treballant a una entitat financera on tot eren homes.<\/p>\n\n\n\n<p><strong>UN EXEMPLE DE VIDA: Vicenta Tar\u00edn Soler<\/strong><br>Coneguda com a Vicentica la tramussera, des dels 9 anys treballava al camp, a la Fallereta, i cobrava 1 pesseta al dia. M\u00e9s tard va treballar \u201cservint\u201d en tres cases del poble i alternava el treball al camp, anava a la ceba, a tallar ra\u00efm, \u2026<\/p>\n\n\n\n<p><strong>DONA ESPORTISTA RURAL: Noelia Vidrier Sambl\u00e0s<\/strong><br>L&#8217;esport forma part de la seua vida, \u00e9s una persona constant, busca sempre la superaci\u00f3 a nivell esportiu. Preocupada pel benestar i salut de les persones, es va animar a obrir un centre per fer Pilates a Tur\u00eds, i aportar, aix\u00ed, la seua visi\u00f3 de la pr\u00e0ctica esportiva.<\/p>\n\n\n\n<p><strong>DONA JOVE RURAL: Lola Garc\u00eda Crespo<\/strong><br>\u00c9s una jove amb una gran consci\u00e8ncia de formar part de la comunitat. Des de la seua joventut ent\u00e9n que un poble creix i es desenvolupa si les persones que l\u2019habiten s\u2019impliquen en la participaci\u00f3 social de manera activa i compromesa.<\/p>\n\n\n\n<p>En l\u2019entrega dels premis, que han estat elaborats artesanalment per l\u2019associaci\u00f3 Per ells, van participar les Festeres d\u2019Agost.<br>El moment tamb\u00e9 va servir per a celebrar el Dia Internacional de les Dones Rurals, que va ser el passat 15 d\u2019octubre. Aix\u00ed es reconeix i es reivindica al mateix temps l\u2019esfor\u00e7 que suposa per a les dones lluitar per la igualtat en l\u2019entorn rural des de diferents posicions i ocupacions.<\/p>\n\n\n\n<figure class=\"wp-block-image size-large\"><img loading=\"lazy\" decoding=\"async\" width=\"1024\" height=\"577\" src=\"http:\/\/www.tucomarca.com\/wordpress\/segunda\/wp-content\/uploads\/2024\/10\/TurisDonaRural4-1024x577.jpg\" alt=\"\" class=\"wp-image-240567\" srcset=\"https:\/\/www.tucomarca.com\/wordpress\/segunda\/wp-content\/uploads\/2024\/10\/TurisDonaRural4-1024x577.jpg 1024w, https:\/\/www.tucomarca.com\/wordpress\/segunda\/wp-content\/uploads\/2024\/10\/TurisDonaRural4-300x169.jpg 300w, https:\/\/www.tucomarca.com\/wordpress\/segunda\/wp-content\/uploads\/2024\/10\/TurisDonaRural4-768x432.jpg 768w, https:\/\/www.tucomarca.com\/wordpress\/segunda\/wp-content\/uploads\/2024\/10\/TurisDonaRural4-678x381.jpg 678w, https:\/\/www.tucomarca.com\/wordpress\/segunda\/wp-content\/uploads\/2024\/10\/TurisDonaRural4.jpg 1181w\" sizes=\"auto, (max-width: 1024px) 100vw, 1024px\" \/><\/figure>\n","protected":false},"excerpt":{"rendered":"<div class=\"mh-excerpt\">Tur\u00eds va viure un acte emocionant amb l\u2019entrega de la segona edici\u00f3 dels Premis Dona Rural, que s\u2019han triat pel ve\u00efnat a trav\u00e9s d\u2019un proc\u00e9s participatiu. La Casa Museu alberg\u00e0 l\u2019acte davant una notable assist\u00e8ncia <a class=\"mh-excerpt-more\" href=\"https:\/\/www.tucomarca.com\/wordpress\/segunda\/ca\/turis-entrega-els-premis-a-les-dones-rurals\/\" title=\"Tur\u00eds entrega els Premis a les Dones Rurals\">[+] <\/a><\/div>\n","protected":false},"author":12,"featured_media":240562,"comment_status":"open","ping_status":"open","sticky":false,"template":"","format":"gallery","meta":{"footnotes":""},"categories":[10894,10902,11007,10896,11047],"tags":[16983,21399,11356],"class_list":{"0":"post-240570","1":"post","2":"type-post","3":"status-publish","4":"format-gallery","5":"has-post-thumbnail","7":"category-la-comarca-ca","8":"category-la-ribera-ca","9":"category-ocio-y-cultura-ca","10":"category-seccion-ca","11":"category-turis-ca","12":"tag-ajuntament-de-turis-2-ca","13":"tag-dones-rurals-ca","14":"tag-ribera-alta-ca","15":"post_format-post-format-gallery"},"_links":{"self":[{"href":"https:\/\/www.tucomarca.com\/wordpress\/segunda\/ca\/wp-json\/wp\/v2\/posts\/240570","targetHints":{"allow":["GET"]}}],"collection":[{"href":"https:\/\/www.tucomarca.com\/wordpress\/segunda\/ca\/wp-json\/wp\/v2\/posts"}],"about":[{"href":"https:\/\/www.tucomarca.com\/wordpress\/segunda\/ca\/wp-json\/wp\/v2\/types\/post"}],"author":[{"embeddable":true,"href":"https:\/\/www.tucomarca.com\/wordpress\/segunda\/ca\/wp-json\/wp\/v2\/users\/12"}],"replies":[{"embeddable":true,"href":"https:\/\/www.tucomarca.com\/wordpress\/segunda\/ca\/wp-json\/wp\/v2\/comments?post=240570"}],"version-history":[{"count":0,"href":"https:\/\/www.tucomarca.com\/wordpress\/segunda\/ca\/wp-json\/wp\/v2\/posts\/240570\/revisions"}],"wp:featuredmedia":[{"embeddable":true,"href":"https:\/\/www.tucomarca.com\/wordpress\/segunda\/ca\/wp-json\/wp\/v2\/media\/240562"}],"wp:attachment":[{"href":"https:\/\/www.tucomarca.com\/wordpress\/segunda\/ca\/wp-json\/wp\/v2\/media?parent=240570"}],"wp:term":[{"taxonomy":"category","embeddable":true,"href":"https:\/\/www.tucomarca.com\/wordpress\/segunda\/ca\/wp-json\/wp\/v2\/categories?post=240570"},{"taxonomy":"post_tag","embeddable":true,"href":"https:\/\/www.tucomarca.com\/wordpress\/segunda\/ca\/wp-json\/wp\/v2\/tags?post=240570"}],"curies":[{"name":"wp","href":"https:\/\/api.w.org\/{rel}","templated":true}]}}