{"id":240681,"date":"2024-10-18T07:50:00","date_gmt":"2024-10-18T05:50:00","guid":{"rendered":"https:\/\/www.tucomarca.com\/wordpress\/segunda\/?p=240681"},"modified":"2024-10-18T18:55:29","modified_gmt":"2024-10-18T16:55:29","slug":"el-institut-valencia-de-cultura-inicia-una-nova-produccio-teatral-escrita-per-begona-tena","status":"publish","type":"post","link":"https:\/\/www.tucomarca.com\/wordpress\/segunda\/ca\/el-institut-valencia-de-cultura-inicia-una-nova-produccio-teatral-escrita-per-begona-tena\/","title":{"rendered":"El Institut Valenci\u00e0 de Cultura inicia una nova producci\u00f3 teatral escrita per Bego\u00f1a Tena"},"content":{"rendered":"\n<h3 class=\"wp-block-heading\">L&#8217;espectacle partir\u00e0 d&#8217;un text de nova creaci\u00f3 de la dramaturga castellonenca.\u00a0<\/h3>\n\n\n\n<h3 class=\"wp-block-heading\">L&#8217;obra s&#8217;estrenar\u00e0 al maig de 2025 en el Teatre Principal de Castell\u00f3.<\/h3>\n\n\n\n<p>L&#8217;\u00e0rea d&#8217;Arts Esc\u00e8niques del Institut Valenci\u00e0 de Cultura, dependent de la Conselleria d&#8217;Educaci\u00f3, Cultura, Universitats i Ocupaci\u00f3, posa en marxa una nova producci\u00f3 teatral a partir d&#8217;un text de nova creaci\u00f3 de la dramaturga castellonenca Bego\u00f1a Tena, amb direcci\u00f3 de Laia Porcar.&nbsp;<\/p>\n\n\n\n<p>Amb les produccions pr\u00f2pies, el Institut Valenci\u00e0 de Cultura compleix amb el comprom\u00eds de suport i difusi\u00f3 de l&#8217;autoria i la creaci\u00f3 esc\u00e8nica contempor\u00e0nia valenciana.&nbsp;<\/p>\n\n\n\n<p>La directora adjunta d&#8217;Arts Esc\u00e8niques del IVC, Mar\u00eda Jos\u00e9 Mora, ha afirmat que amb aquesta nova producci\u00f3 \u201ctractem de continuar enfortint el teixit esc\u00e8nic valenci\u00e0, aportant les condicions \u00f2ptimes per a dur-la a terme i cuidant cada etapa de la seua creaci\u00f3. A m\u00e9s, en aquesta ocasi\u00f3, descentralitzem el proc\u00e9s per a donar major oportunitat a altres professionals i p\u00fablics\u201d.<\/p>\n\n\n\n<p>La pr\u00f2xima producci\u00f3 del Institut Valenci\u00e0 de Cultura, escrita per Bego\u00f1a Tena, t\u00e9 l&#8217;objectiu de reivindicar la ficci\u00f3 com a espai per al possible i l&#8217;impossible, amb un text que parle de la incomunicaci\u00f3 i l&#8217;a\u00efllament, d&#8217;una naturalesa poderosa i amena\u00e7adora, i de la incapacitat de l&#8217;\u00e9sser hum\u00e0 per a controlar-la.<br><br>Aquest text \u00e9s, segons la seua autora, \u201cuna oportunitat de tornar a escriure per a un elenc nombr\u00f3s i continuar treballant aspectes de l&#8217;escriptura coral com a partitura sonora, posant l&#8217;accent en el po\u00e8tic i simb\u00f2lic, alhora que es genera una atmosfera inquietant repleta d&#8217;acci\u00f3\u201d.<\/p>\n\n\n\n<p>L&#8217;encarregada de la direcci\u00f3 ser\u00e0 Laia Porcar al costat de la ayudant\u00eda de N\u00faria Vizcarro. Ambdues s\u00f3n de Castell\u00f3, igual que Bego\u00f1a Tena, la qual cosa dona el punt de partida per a una producci\u00f3 que es desenvolupar\u00e0 i estrenar\u00e0 en aquesta ciutat i que comptar\u00e0 amb un equip art\u00edstic i t\u00e8cnic integrat en la seua majoria per professionals de la Comunitat Valenciana. El proc\u00e9s d&#8217;audici\u00f3 oberta per a int\u00e8rprets s&#8217;anunciar\u00e0 pr\u00f2ximament.&nbsp;<\/p>\n\n\n\n<p>L&#8217;estrena de l&#8217;espectacle ser\u00e0 a principis de maig de 2025 en el Teatre Principal de Castell\u00f3 i posteriorment es podr\u00e0 veure a Val\u00e8ncia i Alacant.&nbsp;<\/p>\n\n\n\n<p><strong>Bego\u00f1a Tena<\/strong><\/p>\n\n\n\n<p>Bego\u00f1a Tena \u00e9s autora, actriu, cantant i directora d&#8217;escena. A partir de 2012 comen\u00e7a a escriure, interpretar, dirigir i produir els seus propis textos (\u2018Fam\u2019, \u2018Mambo\u2019, o \u2018Els senyors de la terra\u2019). i peces en col\u00b7laboraci\u00f3 amb altres autors (\u2018Els Nostres\u2019, \u2018Zero responsables\u2019 o \u2018I tornarem a sopar al carrer\u2019).<\/p>\n\n\n\n<p>La seua obra \u2018T\u00f3rtora\u2019, obt\u00e9 el premi de la Cr\u00edtica Valenciana 2019 i el de millor text dels Premis de la Generalitat Valenciana 2019. En 2020 gana el Premi Ciutat de Castell\u00f3 per la seua obra \u2018Errants\u2019 i, en 2021, el premi al millor text de la Generalitat Valenciana per l&#8217;obra en coautoria \u2018Presoners\u2019 de Albena Teatre. En 2022 rep el Premi \u00cdntim SGAE per la pe\u00e7a breu \u2018VIVA\u2019 (BLAVA CIAN).&nbsp;<\/p>\n\n\n\n<p>En l&#8217;actualitat, treballa com a actriu amb la Companyia La Zafirina amb l&#8217;espectacle \u2018Els que mengen terra\u2019, col\u00b7labora amb diferents compositors com a lletrista i int\u00e8rpret per a m\u00fasica d&#8217;escena, realitza tallers de dramat\u00fargia per a actors, i segueix en gira com a actriu amb l&#8217;espectacle \u2018VISCA\u2019.<\/p>\n\n\n\n<p><strong>Laia Porcar&nbsp;<\/strong><\/p>\n\n\n\n<p>Laia Porcar \u00e9s actriu, creadora, gestora cultural i docent. Ha treballat en diferents companyies de teatre de sala i de carrer com Teatre Plegable, Teatre de Caix\u00f3, Xarxa Teatre o el Centre Dram\u00e0tic de Vila-real.&nbsp;<\/p>\n\n\n\n<p>Com a professora ha impartit classes a les escoles municipals de Teatre de Castell\u00f3 i Vila-real, tamb\u00e9 ha realitzat cursos i pon\u00e8ncies per al professorat a trav\u00e9s del CEFIRE. Del 2016 al 2019 va conduir el projecte Bolimini Art i Educaci\u00f3, escola art\u00edstica dirigida a la inf\u00e0ncia. Actualment exerceix com a professora de T\u00e8cniques de Creativitat Corporal en la ESAD de Val\u00e8ncia.<\/p>\n\n\n\n<p><strong>N\u00faria Vizcarro<\/strong><\/p>\n\n\n\n<p>N\u00faria Vizcarro \u00e9s dramaturga, directora i actriu, compagina l&#8217;escriptura amb la direcci\u00f3 i la interpretaci\u00f3 i imparteix cursos de dramat\u00fargia per a diferents edats.&nbsp;<\/p>\n\n\n\n<p>Guanyadora del premi de teatre \u2018Castell\u00f3 a Escena 2012\u2019, premi de la Mostra de Teatre de Barcelona 2017 i finalista a l&#8217;Autoria Revelaci\u00f3 en els Max 2019. Els seus textos s&#8217;han estrenat a Val\u00e8ncia, Barceona i Mallorca: Teatre Nacional de Catalunya, Teatre Lliure, Sala Beckett, Teatre Tantarantana, Teatre Principal de Castell\u00f3 o Teatre Rialto de Val\u00e8ncia, entre altres.<\/p>\n","protected":false},"excerpt":{"rendered":"<div class=\"mh-excerpt\">L&#8217;espectacle partir\u00e0 d&#8217;un text de nova creaci\u00f3 de la dramaturga castellonenca.\u00a0 L&#8217;obra s&#8217;estrenar\u00e0 al maig de 2025 en el Teatre Principal de Castell\u00f3. L&#8217;\u00e0rea d&#8217;Arts Esc\u00e8niques del Institut Valenci\u00e0 de Cultura, dependent de la Conselleria <a class=\"mh-excerpt-more\" href=\"https:\/\/www.tucomarca.com\/wordpress\/segunda\/ca\/el-institut-valencia-de-cultura-inicia-una-nova-produccio-teatral-escrita-per-begona-tena\/\" title=\"El Institut Valenci\u00e0 de Cultura inicia una nova producci\u00f3 teatral escrita per Bego\u00f1a Tena\">[+] <\/a><\/div>\n","protected":false},"author":13,"featured_media":240679,"comment_status":"open","ping_status":"open","sticky":false,"template":"","format":"standard","meta":{"footnotes":""},"categories":[11019,10904,11007,10896],"tags":[13274,17761,11199,15856],"class_list":{"0":"post-240681","1":"post","2":"type-post","3":"status-publish","4":"format-standard","5":"has-post-thumbnail","7":"category-agenda-ca","8":"category-sin-categorizar-ca","9":"category-ocio-y-cultura-ca","10":"category-seccion-ca","11":"tag-institut-valencia-de-cultura-ca","12":"tag-ivc-ca","13":"tag-la-comunitat-ca","14":"tag-ocio-y-cultura-ca"},"_links":{"self":[{"href":"https:\/\/www.tucomarca.com\/wordpress\/segunda\/ca\/wp-json\/wp\/v2\/posts\/240681","targetHints":{"allow":["GET"]}}],"collection":[{"href":"https:\/\/www.tucomarca.com\/wordpress\/segunda\/ca\/wp-json\/wp\/v2\/posts"}],"about":[{"href":"https:\/\/www.tucomarca.com\/wordpress\/segunda\/ca\/wp-json\/wp\/v2\/types\/post"}],"author":[{"embeddable":true,"href":"https:\/\/www.tucomarca.com\/wordpress\/segunda\/ca\/wp-json\/wp\/v2\/users\/13"}],"replies":[{"embeddable":true,"href":"https:\/\/www.tucomarca.com\/wordpress\/segunda\/ca\/wp-json\/wp\/v2\/comments?post=240681"}],"version-history":[{"count":0,"href":"https:\/\/www.tucomarca.com\/wordpress\/segunda\/ca\/wp-json\/wp\/v2\/posts\/240681\/revisions"}],"wp:featuredmedia":[{"embeddable":true,"href":"https:\/\/www.tucomarca.com\/wordpress\/segunda\/ca\/wp-json\/wp\/v2\/media\/240679"}],"wp:attachment":[{"href":"https:\/\/www.tucomarca.com\/wordpress\/segunda\/ca\/wp-json\/wp\/v2\/media?parent=240681"}],"wp:term":[{"taxonomy":"category","embeddable":true,"href":"https:\/\/www.tucomarca.com\/wordpress\/segunda\/ca\/wp-json\/wp\/v2\/categories?post=240681"},{"taxonomy":"post_tag","embeddable":true,"href":"https:\/\/www.tucomarca.com\/wordpress\/segunda\/ca\/wp-json\/wp\/v2\/tags?post=240681"}],"curies":[{"name":"wp","href":"https:\/\/api.w.org\/{rel}","templated":true}]}}