{"id":240789,"date":"2024-10-18T12:10:00","date_gmt":"2024-10-18T10:10:00","guid":{"rendered":"https:\/\/www.tucomarca.com\/wordpress\/segunda\/?p=240789"},"modified":"2024-10-18T20:38:30","modified_gmt":"2024-10-18T18:38:30","slug":"la-diputacio-i-ava-asaja-collaboraran-per-a-enfortir-la-formacio-practica-de-lescola-de-capatassos-de-catarroja-i-de-la-felix-jimenez-de-requena","status":"publish","type":"post","link":"https:\/\/www.tucomarca.com\/wordpress\/segunda\/ca\/la-diputacio-i-ava-asaja-collaboraran-per-a-enfortir-la-formacio-practica-de-lescola-de-capatassos-de-catarroja-i-de-la-felix-jimenez-de-requena\/","title":{"rendered":"La Diputaci\u00f3 i AVA-ASAJA col\u00b7laboraran per a enfortir la formaci\u00f3 pr\u00e0ctica de l&#8217;Escola de Capatassos de Catarroja i de la F\u00e9lix Jim\u00e9nez de Requena"},"content":{"rendered":"\n<h3 class=\"wp-block-heading\">La corporaci\u00f3 provincial i l\u2019Associaci\u00f3 Valenciana d\u2019Agricultors firmaran un conveni de col\u00b7laboraci\u00f3 amb l&#8217;objectiu de facilitar als alumnes de les escoles formatives de la instituci\u00f3, pr\u00e0ctiques d&#8217;especialitzaci\u00f3 en la Finca Sinyent, centre d&#8217;experimentaci\u00f3 agr\u00e0ria de l&#8217;associaci\u00f3 valenciana.<\/h3>\n\n\n\n<p>El diputat d&#8217;Educaci\u00f3, Paco Comes, ha visitat les instal\u00b7lacions de la Finca Sinyent de l\u2019Associaci\u00f3 Valenciana d\u2019Agricultors (AVA-ASAJA), el centre d&#8217;experimentaci\u00f3 agr\u00e0ria que l&#8217;entitat disposa a Poliny\u00e0 de X\u00faquer per a realitzar assajos i transferir els resultats obtinguts de la investigaci\u00f3 als agricultors valencians.<\/p>\n\n\n\n<p>Aix\u00ed, acompanyat pel president d\u2019AVA-ASAJA, Crist\u00f3bal Aguado, el diputat Comes ha recorregut la finca, que ocupa una extensi\u00f3 de 25 hect\u00e0rees en un entorn agr\u00edcola de gran valor paisatg\u00edstic. M\u00e9s del 95% de la superf\u00edcie disponible per a assajos agron\u00f2mics del centre -que es va posar en marxa en 2011- es troba ja plantada amb cultius implantats en la Comunitat Valenciana com amb noves opcions. Este projecte s&#8217;ha concretat en l&#8217;estudi de nous patrons, varietats i t\u00e8cniques de maneig del cultiu que permeten obtindre un millor rendiment des d&#8217;una perspectiva agron\u00f2mica i mediambiental.<\/p>\n\n\n\n<p>En la seua visita, el responsable d&#8217;Educaci\u00f3 de la Diputaci\u00f3 de Val\u00e8ncia ha volgut destacar el treball que realitza AVA-ASAJA en la finca Sinyent \u201cduent a terme una labor molt important amb la finalitat de donar resposta a les necessitats del sector agrari quant a la investigaci\u00f3 i la innovaci\u00f3 en unes magn\u00edfiques instal\u00b7lacions que suposen una garantia de qualitat\u201d.<\/p>\n\n\n\n<p>Aix\u00ed mateix, ha ressaltat que la Diputaci\u00f3 de Val\u00e8ncia i l\u2019Associaci\u00f3 Valenciana d\u2019Agricultors refor\u00e7aran la seua relaci\u00f3 per a \u201cfer un salt qualitatiu a l&#8217;excel\u00b7l\u00e8ncia en l&#8217;aposta de la corporaci\u00f3 provincial per oferir una formaci\u00f3 pr\u00e0ctica de qualitat basada en la t\u00e8cnica i la investigaci\u00f3 als alumnes dels seus centres de formaci\u00f3 professional, l&#8217;Escola de Capatassos Agr\u00edcoles de Catarroja i l&#8217;Escola de Viticultura i Enologia F\u00e9lix Jim\u00e9nez de Requena\u201d. Ha apuntat tamb\u00e9 que la corporaci\u00f3 provincial i AVA-ASAJA firmaran un conveni de col\u00b7laboraci\u00f3 a fi de facilitar-los als alumnes d&#8217;estes escoles pr\u00e0ctiques d&#8217;especialitzaci\u00f3 en la Finca*Sinyent, centre d&#8217;experimentaci\u00f3 agr\u00e0ria de l&#8217;associaci\u00f3 valenciana, i enfortir la transfer\u00e8ncia de coneixements entre la corporaci\u00f3 provincial i l&#8217;entitat agr\u00e0ria.<\/p>\n\n\n\n<p>En este sentit, Paco Comes ha convidat a Crist\u00f3bal Aguado a visitar el centre formatiu de Requena, que compta amb m\u00e9s de 60 anys de marxa. Des dels seus inicis, en 1960, han passat per la \u2018F\u00e9lix Jim\u00e9nez\u2019 2.400 alumnes a trav\u00e9s d&#8217;algun dels seus cicles formatius: oferix quatre cicles de Formaci\u00f3 Professional, dos relacionats amb la ind\u00fastria aliment\u00e0ria: T\u00e8cnic en Olis d&#8217;Oliva i Vins (grau mitj\u00e0) i T\u00e8cnic en Vitivinicultura (grau superior); i altres dos orientats a activitats agroforestals: T\u00e8cnic en Aprofitament i Conservaci\u00f3 del Medi natural (grau mitj\u00e0) i T\u00e8cnic en Gesti\u00f3 Forestal i del Medi natural (grau superior).<\/p>\n\n\n\n<p>Esta nova aposta va en la l\u00ednia del full de ruta de la Diputaci\u00f3 de Val\u00e8ncia que dirigix Vicent Momp\u00f3. Precisament l&#8217;impuls al sector agr\u00edcola i el camp \u00e9s un dels eixos sobre els quals posa l&#8217;accent la corporaci\u00f3 provincial, que va analitzar el mes d&#8217;abril passat amb AVA-ASAJA diverses propostes de l&#8217;organitzaci\u00f3 professional agr\u00e0ria en mat\u00e8ries tan preocupants per al sector com s\u00f3n el control d\u2019esp\u00e8cies invasives, la millora dels camins rurals, la lluita contra els robatoris i la formaci\u00f3 agr\u00e0ria. En esta l\u00ednia, l&#8217;associaci\u00f3 ha posat en marxa en col\u00b7laboraci\u00f3 amb la Diputaci\u00f3 de Val\u00e8ncia un cicle formatiu per a accedir a la renovaci\u00f3 i obtenci\u00f3 del carnet d&#8217;usuari professional de productes fitosanitaris, tant el b\u00e0sic com el qualificat.<\/p>\n","protected":false},"excerpt":{"rendered":"<div class=\"mh-excerpt\">La corporaci\u00f3 provincial i l\u2019Associaci\u00f3 Valenciana d\u2019Agricultors firmaran un conveni de col\u00b7laboraci\u00f3 amb l&#8217;objectiu de facilitar als alumnes de les escoles formatives de la instituci\u00f3, pr\u00e0ctiques d&#8217;especialitzaci\u00f3 en la Finca Sinyent, centre d&#8217;experimentaci\u00f3 agr\u00e0ria de <a class=\"mh-excerpt-more\" href=\"https:\/\/www.tucomarca.com\/wordpress\/segunda\/ca\/la-diputacio-i-ava-asaja-collaboraran-per-a-enfortir-la-formacio-practica-de-lescola-de-capatassos-de-catarroja-i-de-la-felix-jimenez-de-requena\/\" title=\"La Diputaci\u00f3 i AVA-ASAJA col\u00b7laboraran per a enfortir la formaci\u00f3 pr\u00e0ctica de l&#8217;Escola de Capatassos de Catarroja i de la F\u00e9lix Jim\u00e9nez de Requena\">[+] <\/a><\/div>\n","protected":false},"author":12,"featured_media":240788,"comment_status":"open","ping_status":"open","sticky":false,"template":"","format":"standard","meta":{"footnotes":""},"categories":[10898,10948,10894,10947,10908,10909,10896],"tags":[11924,11246,21412,11099],"class_list":{"0":"post-240789","1":"post","2":"type-post","3":"status-publish","4":"format-standard","5":"has-post-thumbnail","7":"category-ventana-ca","8":"category-infraestructuras-ca","9":"category-la-comarca-ca","10":"category-politica","11":"category-requena-ca","12":"category-requena-utiel-ca","13":"category-seccion-ca","14":"tag-ava-asaja-ca","15":"tag-diputacio-de-valencia-ca","16":"tag-escuela-de-capataces-de-requena-ca","17":"tag-requena-ca"},"_links":{"self":[{"href":"https:\/\/www.tucomarca.com\/wordpress\/segunda\/ca\/wp-json\/wp\/v2\/posts\/240789","targetHints":{"allow":["GET"]}}],"collection":[{"href":"https:\/\/www.tucomarca.com\/wordpress\/segunda\/ca\/wp-json\/wp\/v2\/posts"}],"about":[{"href":"https:\/\/www.tucomarca.com\/wordpress\/segunda\/ca\/wp-json\/wp\/v2\/types\/post"}],"author":[{"embeddable":true,"href":"https:\/\/www.tucomarca.com\/wordpress\/segunda\/ca\/wp-json\/wp\/v2\/users\/12"}],"replies":[{"embeddable":true,"href":"https:\/\/www.tucomarca.com\/wordpress\/segunda\/ca\/wp-json\/wp\/v2\/comments?post=240789"}],"version-history":[{"count":0,"href":"https:\/\/www.tucomarca.com\/wordpress\/segunda\/ca\/wp-json\/wp\/v2\/posts\/240789\/revisions"}],"wp:featuredmedia":[{"embeddable":true,"href":"https:\/\/www.tucomarca.com\/wordpress\/segunda\/ca\/wp-json\/wp\/v2\/media\/240788"}],"wp:attachment":[{"href":"https:\/\/www.tucomarca.com\/wordpress\/segunda\/ca\/wp-json\/wp\/v2\/media?parent=240789"}],"wp:term":[{"taxonomy":"category","embeddable":true,"href":"https:\/\/www.tucomarca.com\/wordpress\/segunda\/ca\/wp-json\/wp\/v2\/categories?post=240789"},{"taxonomy":"post_tag","embeddable":true,"href":"https:\/\/www.tucomarca.com\/wordpress\/segunda\/ca\/wp-json\/wp\/v2\/tags?post=240789"}],"curies":[{"name":"wp","href":"https:\/\/api.w.org\/{rel}","templated":true}]}}