{"id":240899,"date":"2024-10-21T10:35:00","date_gmt":"2024-10-21T08:35:00","guid":{"rendered":"https:\/\/www.tucomarca.com\/wordpress\/segunda\/?p=240899"},"modified":"2024-10-21T12:36:49","modified_gmt":"2024-10-21T10:36:49","slug":"natalia-enguix-amplia-la-plantilla-digualtat-per-a-reforcar-les-politiques-datencio-a-les-dones","status":"publish","type":"post","link":"https:\/\/www.tucomarca.com\/wordpress\/segunda\/ca\/natalia-enguix-amplia-la-plantilla-digualtat-per-a-reforcar-les-politiques-datencio-a-les-dones\/","title":{"rendered":"Nat\u00e0lia Enguix amplia la plantilla d&#8217;Igualtat per a refor\u00e7ar les pol\u00edtiques d&#8217;atenci\u00f3 a les dones"},"content":{"rendered":"\n<h3 class=\"wp-block-heading\"><strong>L&#8217;\u00e0rea que dirigix la vicepresidenta primera de la Diputaci\u00f3, Nat\u00e0lia Enguix, disposar\u00e0 d&#8217;una cap de secci\u00f3, una t\u00e8cnica superior, dos t\u00e8cniques d&#8217;Igualtat i una secret\u00e0ria de direcci\u00f3 despr\u00e9s de l&#8217;aprovaci\u00f3 de la nova RPT<\/strong>.<\/h3>\n\n\n\n<h3 class=\"wp-block-heading\"><strong>Enguix destaca que amb la nova estructura \u201ccompletarem un departament potent per a atendre ajuntaments i associacions, amb el refor\u00e7 hum\u00e0 necessari per a continuar avan\u00e7ant en pol\u00edtiques d&#8217;Igualtat\u201d<\/strong>.<\/h3>\n\n\n\n<p>&nbsp;La vicepresidenta primera de la Diputaci\u00f3 de Val\u00e8ncia, Nat\u00e0lia Enguix, ampliar\u00e0 la plantilla d&#8217;Igualtat per a refor\u00e7ar les pol\u00edtiques d&#8217;atenci\u00f3 a les dones a les comarques valencianes. \u201c\u00c9s important que pol\u00edticament ens creguem la Igualtat i apostem per ella, per\u00f2 \u00e9s igual de necessari que disposem dels recursos oportuns, en este cas el capital hum\u00e0 amb funcion\u00e0ries qualificades, per a portar avant eixa acci\u00f3 pol\u00edtica\u201d, afirma Enguix en refer\u00e8ncia a les novetats de la relaci\u00f3 de llocs de treball (RPT) que se sotmetr\u00e0 a votaci\u00f3 este dimarts en el ple d&#8217;octubre de la Diputaci\u00f3.<\/p>\n\n\n\n<p>En concret, la modificaci\u00f3 de la RPT inclou canvis significatius en l&#8217;estructura t\u00e8cnica i administrativa d&#8217;una \u00e0rea que, encara que es troba en el servici de Benestar Social, dep\u00e9n directament de la vicepresidenta Enguix. Amb els canvis, la t\u00e8cnica en Igualtat que actualment coordina la relaci\u00f3 amb els municipis i la secret\u00e0ria de direcci\u00f3 es veuran refor\u00e7ades amb una cap de secci\u00f3, una t\u00e8cnica superior i una altra t\u00e8cnica d&#8217;Igualtat.<\/p>\n\n\n\n<p>Nat\u00e0lia Enguix avan\u00e7a que amb els canvis en la RPT i el refor\u00e7 de l&#8217;\u00e0rea \u201ccompletarem un departament potent per a atendre en tot el que necessiten tant als ajuntaments com a les associacions\u201d. \u201cL&#8217;\u00e0rea d&#8217;Igualtat es va crear en esta Diputaci\u00f3 fa nou anys amb Jorge Rodr\u00edguez com a president, i en este temps s&#8217;han treballat b\u00e9 molts aspectes, com la creaci\u00f3 de la Xarxa de Municipis contra la Viol\u00e8ncia de G\u00e8nere, per\u00f2 no s&#8217;ha anat dotant al servici de personal suficient per a atendre eixe desenvolupament tant de la Xarxa com de les pol\u00edtiques d&#8217;Igualtat que vertebren la Diputaci\u00f3\u201d, afig Enguix.<\/p>\n\n\n\n<p><strong>Formaci\u00f3 en el territori<\/strong><\/p>\n\n\n\n<p>Les compet\u00e8ncies en mat\u00e8ria d&#8217;Igualtat, igual que les de Mem\u00f2ria Democr\u00e0tica, corresponen a la vicepresidenta primera, qui explica que amb l&#8217;impuls que aportar\u00e0 este refor\u00e7 hum\u00e0 \u201ces pret\u00e9n millorar la formaci\u00f3 i les activitats en el territori, sobretot eixa qualificaci\u00f3 en els municipis, tant dels servicis prestats pels ajuntaments com de les policies locals, que s\u00f3n els qui atenen en primer lloc a les v\u00edctimes i han de donar la millor resposta possible\u201d.<\/p>\n\n\n\n<p>L&#8217;\u00e0rea d&#8217;Igualtat de la Diputaci\u00f3 de Val\u00e8ncia ha destinat enguany 900.000 euros en ajudes per als 237 ajuntaments adherits a la seua Xarxa contra la viol\u00e8ncia de g\u00e8nere; al que cal sumar altres 180.000 euros dirigits a les associacions, a les quals s&#8217;ha duplicat la subvenci\u00f3; i altres 330.000 euros per a finan\u00e7ar campanyes i activitats contra la lgtbifobia en m\u00e9s d&#8217;un centenar de municipis de menys de 15.000 habitants.<\/p>\n\n\n\n<p>A m\u00e9s d&#8217;estes l\u00ednies principals de treball, la delegaci\u00f3 desenvolupa el Feminari, que el mes vinent celebrar\u00e0 la seua setena edici\u00f3 commemorant el vint\u00e9 aniversari de l&#8217;aprovaci\u00f3 de la Llei contra la Viol\u00e8ncia de G\u00e8nere; i els Premis Celia Amor\u00f3s, que arriben a la seua novena edici\u00f3 reconeixent el treball de persones, associacions i institucions p\u00fabliques enfront de la xacra de la viol\u00e8ncia exercida contra les dones.<\/p>\n\n\n\n<p>La vicepresidenta Enguix insistix que el refor\u00e7 del personal en l&#8217;\u00e0rea \u201c\u00e9s necessari per a donar cobertura a una Xarxa de municipis cada vegada m\u00e9s \u00e0mplia que treballa per la Igualtat, al mateix temps que atenem totes eixes cites anuals que contribu\u00efxen a la sensibilitzaci\u00f3 de la societat i desenvolupem noves activitats i campanyes formatives que no descuiden el component educatiu i did\u00e0ctic que han de tindre les pol\u00edtiques p\u00fabliques\u201d.<\/p>\n","protected":false},"excerpt":{"rendered":"<div class=\"mh-excerpt\">L&#8217;\u00e0rea que dirigix la vicepresidenta primera de la Diputaci\u00f3, Nat\u00e0lia Enguix, disposar\u00e0 d&#8217;una cap de secci\u00f3, una t\u00e8cnica superior, dos t\u00e8cniques d&#8217;Igualtat i una secret\u00e0ria de direcci\u00f3 despr\u00e9s de l&#8217;aprovaci\u00f3 de la nova RPT. Enguix <a class=\"mh-excerpt-more\" href=\"https:\/\/www.tucomarca.com\/wordpress\/segunda\/ca\/natalia-enguix-amplia-la-plantilla-digualtat-per-a-reforcar-les-politiques-datencio-a-les-dones\/\" title=\"Nat\u00e0lia Enguix amplia la plantilla d&#8217;Igualtat per a refor\u00e7ar les pol\u00edtiques d&#8217;atenci\u00f3 a les dones\">[+] <\/a><\/div>\n","protected":false},"author":13,"featured_media":240995,"comment_status":"open","ping_status":"open","sticky":false,"template":"","format":"standard","meta":{"footnotes":""},"categories":[20541,10898,10948,10904,20456,10947,10896],"tags":[14181,20809,11140],"class_list":{"0":"post-240899","1":"post","2":"type-post","3":"status-publish","4":"format-standard","5":"has-post-thumbnail","7":"category-igualtat-i-diversitat","8":"category-ventana-ca","9":"category-infraestructuras-ca","10":"category-sin-categorizar-ca","11":"category-la-diputacio-de-valencia-informa-ca","12":"category-politica","13":"category-seccion-ca","14":"tag-diputacio-de-valencia-2-ca","15":"tag-diversidad-e-igualdad-ca","16":"tag-politica-ca"},"_links":{"self":[{"href":"https:\/\/www.tucomarca.com\/wordpress\/segunda\/ca\/wp-json\/wp\/v2\/posts\/240899","targetHints":{"allow":["GET"]}}],"collection":[{"href":"https:\/\/www.tucomarca.com\/wordpress\/segunda\/ca\/wp-json\/wp\/v2\/posts"}],"about":[{"href":"https:\/\/www.tucomarca.com\/wordpress\/segunda\/ca\/wp-json\/wp\/v2\/types\/post"}],"author":[{"embeddable":true,"href":"https:\/\/www.tucomarca.com\/wordpress\/segunda\/ca\/wp-json\/wp\/v2\/users\/13"}],"replies":[{"embeddable":true,"href":"https:\/\/www.tucomarca.com\/wordpress\/segunda\/ca\/wp-json\/wp\/v2\/comments?post=240899"}],"version-history":[{"count":0,"href":"https:\/\/www.tucomarca.com\/wordpress\/segunda\/ca\/wp-json\/wp\/v2\/posts\/240899\/revisions"}],"wp:featuredmedia":[{"embeddable":true,"href":"https:\/\/www.tucomarca.com\/wordpress\/segunda\/ca\/wp-json\/wp\/v2\/media\/240995"}],"wp:attachment":[{"href":"https:\/\/www.tucomarca.com\/wordpress\/segunda\/ca\/wp-json\/wp\/v2\/media?parent=240899"}],"wp:term":[{"taxonomy":"category","embeddable":true,"href":"https:\/\/www.tucomarca.com\/wordpress\/segunda\/ca\/wp-json\/wp\/v2\/categories?post=240899"},{"taxonomy":"post_tag","embeddable":true,"href":"https:\/\/www.tucomarca.com\/wordpress\/segunda\/ca\/wp-json\/wp\/v2\/tags?post=240899"}],"curies":[{"name":"wp","href":"https:\/\/api.w.org\/{rel}","templated":true}]}}