{"id":241175,"date":"2024-10-22T09:20:00","date_gmt":"2024-10-22T07:20:00","guid":{"rendered":"https:\/\/www.tucomarca.com\/wordpress\/segunda\/?p=241175"},"modified":"2024-10-22T21:11:43","modified_gmt":"2024-10-22T19:11:43","slug":"aprovada-per-unanimitat-la-mocio-de-compromis-a-benifaio-per-a-la-implantacio-de-pictogrames-informatius-per-a-laccessibilitat-cognitiva","status":"publish","type":"post","link":"https:\/\/www.tucomarca.com\/wordpress\/segunda\/ca\/aprovada-per-unanimitat-la-mocio-de-compromis-a-benifaio-per-a-la-implantacio-de-pictogrames-informatius-per-a-laccessibilitat-cognitiva\/","title":{"rendered":"Aprovada per unanimitat la moci\u00f3 de Comprom\u00eds a Benifai\u00f3 per a la implantaci\u00f3 de pictogrames informatius per a l&#8217;accessibilitat cognitiva"},"content":{"rendered":"\n<p>&#8220;Amb l&#8217;objectiu d&#8217;integrar a totes les persones que puguen necessitar recursos d&#8217;accessibilitat cognitiva a Benifai\u00f3&#8221;, Comprom\u00eds va presentar una moci\u00f3 en la qual es planteja un pla per a senyalitzar els espais p\u00fablics de la poblaci\u00f3.\u00a0<\/p>\n\n\n\n<p>El text de la moci\u00f3 empla\u00e7a a seguir amb les pol\u00edtiques d&#8217;accessibilitat f\u00edsica, per\u00f2 tenint en compte tamb\u00e9 l&#8217;accessibilitat sensorial i la cognitiva.<\/p>\n\n\n\n<p>Concretament planteja la instal\u00b7laci\u00f3 de suports visuals com els taulers de comunicaci\u00f3, taules de comportament o targetes indicatives, que pot ajudar les persones a recon\u00e9ixer els llocs on estan i els recorda que comportament i que conductes s\u00f3n correctes o incorrectes depenent del lloc on es troben.&nbsp;<\/p>\n\n\n\n<p>A m\u00e9s, amb la implantaci\u00f3 de s\u00edmbols, les persones que presenten dificultats en la comunicaci\u00f3, a causa de diferents factors (autisme, discapacitat intel\u00b7lectual, manca de llenguatge, gent gran, etc.), trobaran un suport per a expressar les seues idees, desitjos, necessitats o sentiments. Els s\u00edmbols els ajuden a comunicar-se amb el seu m\u00f3n i a poder participar en condicions d&#8217;igualtat en la nostra societat.<\/p>\n\n\n\n<p>El text de la moci\u00f3 planteja un projecte integrador ampli que siga elaborat amb la col\u00b7laboraci\u00f3 d&#8217;entitats dels diferents \u00e0mbits de la societat de Benifai\u00f3 com les associacions del Centre d&#8217;Estimulaci\u00f3 La Llimera i Som i Estem, el Centre de Salut, Serveis Socials, el Consell Escolar Municipal i l&#8217;Ajuntament.<\/p>\n\n\n\n<p>Entre les accions inicials, es pret\u00e9n implantar al llarg de l&#8217;any 2025, els pictogrames en els diferents edificis municipals, comen\u00e7ant per l&#8217;Ajuntament, la Biblioteca, la Casa de la Cultura, parcs, passos de vianants i els centres educatius. Tamb\u00e9 es realitzar\u00e0 una guia per a senyalitzar amb pictogrames els llocs p\u00fablics d&#8217;inter\u00e9s o privats com els comer\u00e7os, aix\u00ed com els significats d&#8217;aquests, amb textos f\u00e0cils d&#8217;entendre per a trobar millor els llocs i els serveis que poden oferir.&nbsp;<\/p>\n\n\n\n<p>Finalment, es proposa una millora cont\u00ednua, plantejant una revisi\u00f3 almenys cada dos anys.<\/p>\n","protected":false},"excerpt":{"rendered":"<div class=\"mh-excerpt\">&#8220;Amb l&#8217;objectiu d&#8217;integrar a totes les persones que puguen necessitar recursos d&#8217;accessibilitat cognitiva a Benifai\u00f3&#8221;, Comprom\u00eds va presentar una moci\u00f3 en la qual es planteja un pla per a senyalitzar els espais p\u00fablics de la <a class=\"mh-excerpt-more\" href=\"https:\/\/www.tucomarca.com\/wordpress\/segunda\/ca\/aprovada-per-unanimitat-la-mocio-de-compromis-a-benifaio-per-a-la-implantacio-de-pictogrames-informatius-per-a-laccessibilitat-cognitiva\/\" title=\"Aprovada per unanimitat la moci\u00f3 de Comprom\u00eds a Benifai\u00f3 per a la implantaci\u00f3 de pictogrames informatius per a l&#8217;accessibilitat cognitiva\">[+] <\/a><\/div>\n","protected":false},"author":13,"featured_media":241171,"comment_status":"open","ping_status":"open","sticky":false,"template":"","format":"standard","meta":{"footnotes":""},"categories":[10987,10948,10894,10902,10947,10896],"tags":[12046,12903,11077,11140],"class_list":{"0":"post-241175","1":"post","2":"type-post","3":"status-publish","4":"format-standard","5":"has-post-thumbnail","7":"category-benifaio-ca","8":"category-infraestructuras-ca","9":"category-la-comarca-ca","10":"category-la-ribera-ca","11":"category-politica","12":"category-seccion-ca","13":"tag-benifaio-ca","14":"tag-infraestructuras-ca","15":"tag-la-ribera-alta-ca","16":"tag-politica-ca"},"_links":{"self":[{"href":"https:\/\/www.tucomarca.com\/wordpress\/segunda\/ca\/wp-json\/wp\/v2\/posts\/241175","targetHints":{"allow":["GET"]}}],"collection":[{"href":"https:\/\/www.tucomarca.com\/wordpress\/segunda\/ca\/wp-json\/wp\/v2\/posts"}],"about":[{"href":"https:\/\/www.tucomarca.com\/wordpress\/segunda\/ca\/wp-json\/wp\/v2\/types\/post"}],"author":[{"embeddable":true,"href":"https:\/\/www.tucomarca.com\/wordpress\/segunda\/ca\/wp-json\/wp\/v2\/users\/13"}],"replies":[{"embeddable":true,"href":"https:\/\/www.tucomarca.com\/wordpress\/segunda\/ca\/wp-json\/wp\/v2\/comments?post=241175"}],"version-history":[{"count":0,"href":"https:\/\/www.tucomarca.com\/wordpress\/segunda\/ca\/wp-json\/wp\/v2\/posts\/241175\/revisions"}],"wp:featuredmedia":[{"embeddable":true,"href":"https:\/\/www.tucomarca.com\/wordpress\/segunda\/ca\/wp-json\/wp\/v2\/media\/241171"}],"wp:attachment":[{"href":"https:\/\/www.tucomarca.com\/wordpress\/segunda\/ca\/wp-json\/wp\/v2\/media?parent=241175"}],"wp:term":[{"taxonomy":"category","embeddable":true,"href":"https:\/\/www.tucomarca.com\/wordpress\/segunda\/ca\/wp-json\/wp\/v2\/categories?post=241175"},{"taxonomy":"post_tag","embeddable":true,"href":"https:\/\/www.tucomarca.com\/wordpress\/segunda\/ca\/wp-json\/wp\/v2\/tags?post=241175"}],"curies":[{"name":"wp","href":"https:\/\/api.w.org\/{rel}","templated":true}]}}