{"id":241267,"date":"2024-10-22T08:45:00","date_gmt":"2024-10-22T06:45:00","guid":{"rendered":"https:\/\/www.tucomarca.com\/wordpress\/segunda\/?p=241267"},"modified":"2024-10-22T20:28:26","modified_gmt":"2024-10-22T18:28:26","slug":"livc-presenta-en-els-teatres-principal-i-rialto-de-valencia-lespectacle-ninive-i-el-circ-qoroq","status":"publish","type":"post","link":"https:\/\/www.tucomarca.com\/wordpress\/segunda\/ca\/livc-presenta-en-els-teatres-principal-i-rialto-de-valencia-lespectacle-ninive-i-el-circ-qoroq\/","title":{"rendered":"L\u2019IVC presenta en els teatres Principal i Rialto de Val\u00e8ncia l\u2019espectacle \u2018N\u00ednive\u2019 i el circ \u2018Qoroq\u2019"},"content":{"rendered":"\n<h3 class=\"wp-block-heading\">N\u00ednive de Guadalupe S\u00e1ez, guardonada en els Premis Teatrals Jes\u00fas Dom\u00ednguez, s\u2019estrenar\u00e0 per la companyia La Familia Pol\u00edtica en el Teatre Rialto<br>En el Principal es podr\u00e0 vore Qoroq, una po\u00e8tica proposta de circ i equilibris guanyadora del premi al millor espectacle de circ 2024 en el festival TAC.<\/h3>\n\n\n\n<p>&nbsp;La Conselleria d\u2019Educaci\u00f3, Cultura, Universitats i Ocupaci\u00f3 a trav\u00e9s de l\u2019Institut Valenci\u00e0 de Cultura, presenta esta setmana en els teatres Principal i Rialto de Val\u00e8ncia dos espectacles premiats de car\u00e0cter molt diferent per\u00f2 amb una part po\u00e8tica i \u00edntima comuna: N\u00ednive i Qoroq.<\/p>\n\n\n\n<p>El primer \u00e9s una estrena de l\u2019autora Guadalupe S\u00e1ez, N\u00ednive, que ser\u00e0 portat a escena per la companyia valenciana La Familia Pol\u00edtica del 24 al 27 d\u2019octubre en el Teatre Rialto de Val\u00e8ncia, que comptar\u00e0, a m\u00e9s, amb un col\u00b7loqui amb el p\u00fablic despr\u00e9s de la funci\u00f3 matinal del dia 24.<\/p>\n\n\n\n<p>Es tracta d\u2019un relat familiar amb ones de ficci\u00f3 d\u2019una neta que decidix visitar la hist\u00f2ria del seu avi banyada per les aig\u00fces del Mediterrani. El text, guardonat en els Premis Teatrals Jes\u00fas Dom\u00ednguez, \u00e9s una hist\u00f2ria de rendicions, una hist\u00f2ria de covardia i de naufragis.<\/p>\n\n\n\n<p>Segons la seua autora, \u201c\u00e9s tamb\u00e9 un vaixell enmig del mar Mediterrani, una ciutat de l\u2019Iraq i la recepta d\u2019unes natilles. \u00c9s el meu avi i soc jo, la seua hist\u00f2ria i la meua\u201d.<\/p>\n\n\n\n<p>N\u00ednive \u00e9s un text escrit a mig cam\u00ed entre diverses riberes dins de la resid\u00e8ncia internacional d\u2019escriptura Taller Contaminant per a l\u2019escriptura d\u2019una pe\u00e7a sobre el Mediterrani.<\/p>\n\n\n\n<p>Interpretat per Mertxe Aguilar, Pau Gregori i Sandra Sasera i dirigit per Kika Garcel\u00e1n, el p\u00fablic podr\u00e0 vore una obra de teatre documental, una autoficci\u00f3 que aspira a ser un relat universal en el qual qualsevol persona puga vore\u2019s reflectida.<\/p>\n\n\n\n<p><strong>Circ en el Principal<\/strong><\/p>\n\n\n\n<figure class=\"wp-block-image size-large\"><img loading=\"lazy\" decoding=\"async\" width=\"1024\" height=\"724\" src=\"http:\/\/www.tucomarca.com\/wordpress\/segunda\/wp-content\/uploads\/2024\/10\/IVC_Ninive_Qoroq-1024x724.jpg\" alt=\"\" class=\"wp-image-241262\" srcset=\"https:\/\/www.tucomarca.com\/wordpress\/segunda\/wp-content\/uploads\/2024\/10\/IVC_Ninive_Qoroq-1024x724.jpg 1024w, https:\/\/www.tucomarca.com\/wordpress\/segunda\/wp-content\/uploads\/2024\/10\/IVC_Ninive_Qoroq-300x212.jpg 300w, https:\/\/www.tucomarca.com\/wordpress\/segunda\/wp-content\/uploads\/2024\/10\/IVC_Ninive_Qoroq-768x543.jpg 768w, https:\/\/www.tucomarca.com\/wordpress\/segunda\/wp-content\/uploads\/2024\/10\/IVC_Ninive_Qoroq.jpg 1181w\" sizes=\"auto, (max-width: 1024px) 100vw, 1024px\" \/><\/figure>\n\n\n\n<p>D\u2019altra banda, en el Teatre Principal de Val\u00e8ncia es podr\u00e0 vore, del 25 al 27 d\u2019octubre, Qoroq de Kolektiv Lapse Cirk, una po\u00e8tica proposta amb m\u00fasica en directe constru\u00efda a partir de l\u2019equilibri entre el sensible i la for\u00e7a f\u00edsica.<\/p>\n\n\n\n<p>Qoroq \u00e9s un espectacle de circ i equilibris en un espai esc\u00e8nic constru\u00eft amb bigues de fusta i m\u00fasica en escena; un joc entre dos personatges que, a base de complicitat, confian\u00e7a i treball en equip, arriben molt lluny i generen equilibris inimaginables.<\/p>\n\n\n\n<p>Amb la suma d\u2019estos elements, la pe\u00e7a aprofundix en la creaci\u00f3 d\u2019un univers a trav\u00e9s de la construcci\u00f3\/destrucci\u00f3 dels materials i els recursos disponibles en l\u2019escena.<\/p>\n\n\n\n<p>L\u2019obra, interpretada per Tomas Vaclaveck, David D\u00edez M\u00e9ndez \/ R\u00e9mi Lebocey i Sasha Agranov i dirigida per Joan Catal\u00e1 va obtindre el premi en 2024 al millor espectacle de circ en el Festival Internacional de Teatro y Artes de Calle de Calle de Valladolid (TAC).<\/p>\n\n\n\n<p>Les entrades es poden adquirir en les taquilles del teatre, aix\u00ed com en la taquilla en l\u00ednia.<\/p>\n","protected":false},"excerpt":{"rendered":"<div class=\"mh-excerpt\">N\u00ednive de Guadalupe S\u00e1ez, guardonada en els Premis Teatrals Jes\u00fas Dom\u00ednguez, s\u2019estrenar\u00e0 per la companyia La Familia Pol\u00edtica en el Teatre RialtoEn el Principal es podr\u00e0 vore Qoroq, una po\u00e8tica proposta de circ i equilibris <a class=\"mh-excerpt-more\" href=\"https:\/\/www.tucomarca.com\/wordpress\/segunda\/ca\/livc-presenta-en-els-teatres-principal-i-rialto-de-valencia-lespectacle-ninive-i-el-circ-qoroq\/\" title=\"L\u2019IVC presenta en els teatres Principal i Rialto de Val\u00e8ncia l\u2019espectacle \u2018N\u00ednive\u2019 i el circ \u2018Qoroq\u2019\">[+] <\/a><\/div>\n","protected":false},"author":12,"featured_media":241265,"comment_status":"open","ping_status":"open","sticky":false,"template":"","format":"standard","meta":{"footnotes":""},"categories":[11019,10898,10894,10904,11007,10896],"tags":[21190,13274,17761,21423,21286],"class_list":{"0":"post-241267","1":"post","2":"type-post","3":"status-publish","4":"format-standard","5":"has-post-thumbnail","7":"category-agenda-ca","8":"category-ventana-ca","9":"category-la-comarca-ca","10":"category-sin-categorizar-ca","11":"category-ocio-y-cultura-ca","12":"category-seccion-ca","13":"tag-artes-escenicas-ca","14":"tag-institut-valencia-de-cultura-ca","15":"tag-ivc-ca","16":"tag-teatro-principal-ca","17":"tag-teatro-rialto-ca"},"_links":{"self":[{"href":"https:\/\/www.tucomarca.com\/wordpress\/segunda\/ca\/wp-json\/wp\/v2\/posts\/241267","targetHints":{"allow":["GET"]}}],"collection":[{"href":"https:\/\/www.tucomarca.com\/wordpress\/segunda\/ca\/wp-json\/wp\/v2\/posts"}],"about":[{"href":"https:\/\/www.tucomarca.com\/wordpress\/segunda\/ca\/wp-json\/wp\/v2\/types\/post"}],"author":[{"embeddable":true,"href":"https:\/\/www.tucomarca.com\/wordpress\/segunda\/ca\/wp-json\/wp\/v2\/users\/12"}],"replies":[{"embeddable":true,"href":"https:\/\/www.tucomarca.com\/wordpress\/segunda\/ca\/wp-json\/wp\/v2\/comments?post=241267"}],"version-history":[{"count":0,"href":"https:\/\/www.tucomarca.com\/wordpress\/segunda\/ca\/wp-json\/wp\/v2\/posts\/241267\/revisions"}],"wp:featuredmedia":[{"embeddable":true,"href":"https:\/\/www.tucomarca.com\/wordpress\/segunda\/ca\/wp-json\/wp\/v2\/media\/241265"}],"wp:attachment":[{"href":"https:\/\/www.tucomarca.com\/wordpress\/segunda\/ca\/wp-json\/wp\/v2\/media?parent=241267"}],"wp:term":[{"taxonomy":"category","embeddable":true,"href":"https:\/\/www.tucomarca.com\/wordpress\/segunda\/ca\/wp-json\/wp\/v2\/categories?post=241267"},{"taxonomy":"post_tag","embeddable":true,"href":"https:\/\/www.tucomarca.com\/wordpress\/segunda\/ca\/wp-json\/wp\/v2\/tags?post=241267"}],"curies":[{"name":"wp","href":"https:\/\/api.w.org\/{rel}","templated":true}]}}