{"id":241402,"date":"2024-10-24T09:00:00","date_gmt":"2024-10-24T07:00:00","guid":{"rendered":"https:\/\/www.tucomarca.com\/wordpress\/segunda\/?p=241402"},"modified":"2024-10-24T15:27:05","modified_gmt":"2024-10-24T13:27:05","slug":"ivacei-publica-el-concurs-perque-les-empreses-puguen-accedir-a-sol-industrial-a-uriel","status":"publish","type":"post","link":"https:\/\/www.tucomarca.com\/wordpress\/segunda\/ca\/ivacei-publica-el-concurs-perque-les-empreses-puguen-accedir-a-sol-industrial-a-uriel\/","title":{"rendered":"Ivace+i publica el concurs perqu\u00e8 les empreses puguen accedir a s\u00f2l industrial a Utiel"},"content":{"rendered":"\n<h3 class=\"wp-block-heading\">Fins al pr\u00f2xim 12 de setembre de 2025 es podran presentar les sol\u00b7licituds en les modalitats de compravenda i dret de superf\u00edcie.<\/h3>\n\n\n\n<h3 class=\"wp-block-heading\">La consellera Nuria Montes assenyala que els parcs empresarials de la Generalitat destaquen per la seua proximitat a infraestructures clau i per la gesti\u00f3 eficient.<\/h3>\n\n\n\n<p>Ivace+i, dependent de la Conselleria d\u2019Innovaci\u00f3, Ind\u00fastria, Comer\u00e7 i Turisme, ha publicat el concurs amb els nous plecs de comercialitzaci\u00f3 perqu\u00e8 les empreses puguen accedir a s\u00f2l industrial als parcs empresarials d\u2019Utiel (Nuevo Tollo), Xixona (L\u2019Espartal III) i Alcal\u00e0 de Xivert (El Campaner).<\/p>\n\n\n\n<p>Els plecs, que han sigut publicats en el&nbsp;<em>Diari Oficial de la Generalitat Valenciana<\/em>&nbsp;(DOGV), ja estan disponibles en la p\u00e0gina web de l\u2019<a href=\"https:\/\/www.ivace.es\/index.php\/val\/serveis\/comercialitzacio-parcel-les\" target=\"_blank\" rel=\"noreferrer noopener\">Ivace<\/a>&nbsp;i preveuen diverses modalitats per a l\u2019adquisici\u00f3 de s\u00f2l industrial propietat de la Generalitat, com ho s\u00f3n la compravenda i el dret de superf\u00edcie. Es tracta d\u2019atractives condicions que pretenen ajudar empreses, pimes i persones treballadores aut\u00f2nomes en l\u2019acc\u00e9s a s\u00f2l industrial de qualitat per a la posada en marxa i\/o l\u2019expansi\u00f3 dels seus projectes.<\/p>\n\n\n\n<p>La consellera d\u2019Innovaci\u00f3, Ind\u00fastria, Comer\u00e7 i Turisme i presidenta de l\u2019Ivace+i, Nuria Montes, ha assegurat que el s\u00f2l industrial \u201c\u00e9s una pe\u00e7a fonamental per al desenrotllament econ\u00f2mic i empresarial perqu\u00e8 \u00e9s sin\u00f2nim de futur, de creaci\u00f3 d\u2019ocupaci\u00f3 i creixement, i suposa, a m\u00e9s, una clara oportunitat per a la inversi\u00f3\u201d.<\/p>\n\n\n\n<p>De la mateixa manera, ha valorat els parcs empresarials promoguts per la Generalitat a trav\u00e9s d\u2019Ivace+i, \u201cper la seua ubicaci\u00f3 privilegiada amb proximitat a infraestructures de comunicaci\u00f3 i per la seua gesti\u00f3 cada vegada m\u00e9s eficient i sostenible gr\u00e0cies a la progressiva implantaci\u00f3 de les entitats de gesti\u00f3 i modernitzaci\u00f3\u201d. Aix\u00ed mateix, Montes ha subratllat que la Comunitat Valenciana \u201c\u00e9s un territori de marcat car\u00e0cter industrial, amb una arrelada cultura emprenedora, obert a la inversi\u00f3 i seu d\u2019empreses molt competitives que ens convertixen en el millor lloc per al desenrotllament de qualsevol projecte empresarial\u201d.<\/p>\n\n\n\n<p><strong>Criteris d\u2019adjudicaci\u00f3<\/strong><\/p>\n\n\n\n<p>Les sol\u00b7licituds presentades per a l\u2019adquisici\u00f3 de s\u00f2l industrial seran objecte de valoraci\u00f3 en concurr\u00e8ncia competitiva i la forma d\u2019adjudicaci\u00f3 ser\u00e0 mitjan\u00e7ant el concurs publicat. En tots els sup\u00f2sits en qu\u00e8 es produ\u00efsca una situaci\u00f3 de concurr\u00e8ncia entre dos o m\u00e9s ofertes sobre les mateixes parcel\u00b7les, tindr\u00e0 prefer\u00e8ncia la modalitat de dret de superf\u00edcie enfront de la modalitat de compravenda.<\/p>\n\n\n\n<p>En cas que siguen diverses les ofertes les que opten amb una mateixa modalitat de comercialitzaci\u00f3, es realitzar\u00e0 una avaluaci\u00f3 atesos diversos criteris, com ara la creaci\u00f3 i el manteniment d\u2019ocupaci\u00f3, la generaci\u00f3 de servicis complementaris que afavorisquen la resta d\u2019empreses instal\u00b7lades en el parc empresarial, la reubicaci\u00f3 d\u2019ind\u00fastries existents en nuclis urbans o la inversi\u00f3 del projecte i en I+D+i.<\/p>\n\n\n\n<p><strong>Sol\u00b7licituds<\/strong><\/p>\n\n\n\n<p>El calendari per a la presentaci\u00f3 de les sol\u00b7licituds compr\u00e9n des d\u2019este dimarts 22 d\u2019octubre de 2024 fins al pr\u00f2xim 12 de setembre de 2025. Ivace+i, a trav\u00e9s de la seua p\u00e0gina web&nbsp;<a href=\"http:\/\/www.ivace.es\/\">www.ivace.es<\/a>, actualitzar\u00e0 la informaci\u00f3 sobre la disponibilitat de les parcel\u00b7les objecte d\u2019este plec, de manera que es puga con\u00e9ixer la disposici\u00f3 de s\u00f2l industrial en cada un dels establits.<\/p>\n\n\n\n<p>Les persones interessades poden presentar la seua sol\u00b7licitud en el registre general de l\u2019Ivace (Ciutat Administrativa 9 d\u2019Octubre. Torre 2, C\/ Democr\u00e0cia, 77) o als ajuntaments dels municipis d\u2019Utiel, Xixona i Alcal\u00e0 de Xivert. Aix\u00ed mateix, es podr\u00e0 presentar en qualsevol dels llocs previstos en l\u2019article 16 de la Llei 39\/2015, d\u20191 d\u2019octubre, del procediment administratiu com\u00fa de les administracions p\u00fabliques.<\/p>\n\n\n\n<p><strong>M\u00e9s informaci\u00f3<\/strong><\/p>\n\n\n\n<p>La informaci\u00f3 sobre els plecs que regixen el concurs per a la comercialitzaci\u00f3 es troba disponible en la web&nbsp;<a href=\"http:\/\/www.ivace.es\/\">www.ivace.es<\/a>; tamb\u00e9 es poden realitzar consultes en el tel\u00e8fon 96 120 96 26 i a trav\u00e9s del correu&nbsp;<a href=\"mailto:promocion.ivace@ivace.gva.es\">promocion.ivace@ivace.gva.es<\/a>.<\/p>\n","protected":false},"excerpt":{"rendered":"<div class=\"mh-excerpt\">Fins al pr\u00f2xim 12 de setembre de 2025 es podran presentar les sol\u00b7licituds en les modalitats de compravenda i dret de superf\u00edcie. La consellera Nuria Montes assenyala que els parcs empresarials de la Generalitat destaquen <a class=\"mh-excerpt-more\" href=\"https:\/\/www.tucomarca.com\/wordpress\/segunda\/ca\/ivacei-publica-el-concurs-perque-les-empreses-puguen-accedir-a-sol-industrial-a-uriel\/\" title=\"Ivace+i publica el concurs perqu\u00e8 les empreses puguen accedir a s\u00f2l industrial a Utiel\">[+] <\/a><\/div>\n","protected":false},"author":13,"featured_media":241400,"comment_status":"open","ping_status":"open","sticky":false,"template":"","format":"standard","meta":{"footnotes":""},"categories":[10898,10948,10894,10904,10947,10909,10896,11059],"tags":[12903,21118,10910,11174],"class_list":{"0":"post-241402","1":"post","2":"type-post","3":"status-publish","4":"format-standard","5":"has-post-thumbnail","7":"category-ventana-ca","8":"category-infraestructuras-ca","9":"category-la-comarca-ca","10":"category-sin-categorizar-ca","11":"category-politica","12":"category-requena-utiel-ca","13":"category-seccion-ca","14":"category-utiel-ca","15":"tag-infraestructuras-ca","16":"tag-ivacei-ca","17":"tag-requena-utiel-ca","18":"tag-utiel-ca"},"_links":{"self":[{"href":"https:\/\/www.tucomarca.com\/wordpress\/segunda\/ca\/wp-json\/wp\/v2\/posts\/241402","targetHints":{"allow":["GET"]}}],"collection":[{"href":"https:\/\/www.tucomarca.com\/wordpress\/segunda\/ca\/wp-json\/wp\/v2\/posts"}],"about":[{"href":"https:\/\/www.tucomarca.com\/wordpress\/segunda\/ca\/wp-json\/wp\/v2\/types\/post"}],"author":[{"embeddable":true,"href":"https:\/\/www.tucomarca.com\/wordpress\/segunda\/ca\/wp-json\/wp\/v2\/users\/13"}],"replies":[{"embeddable":true,"href":"https:\/\/www.tucomarca.com\/wordpress\/segunda\/ca\/wp-json\/wp\/v2\/comments?post=241402"}],"version-history":[{"count":0,"href":"https:\/\/www.tucomarca.com\/wordpress\/segunda\/ca\/wp-json\/wp\/v2\/posts\/241402\/revisions"}],"wp:featuredmedia":[{"embeddable":true,"href":"https:\/\/www.tucomarca.com\/wordpress\/segunda\/ca\/wp-json\/wp\/v2\/media\/241400"}],"wp:attachment":[{"href":"https:\/\/www.tucomarca.com\/wordpress\/segunda\/ca\/wp-json\/wp\/v2\/media?parent=241402"}],"wp:term":[{"taxonomy":"category","embeddable":true,"href":"https:\/\/www.tucomarca.com\/wordpress\/segunda\/ca\/wp-json\/wp\/v2\/categories?post=241402"},{"taxonomy":"post_tag","embeddable":true,"href":"https:\/\/www.tucomarca.com\/wordpress\/segunda\/ca\/wp-json\/wp\/v2\/tags?post=241402"}],"curies":[{"name":"wp","href":"https:\/\/api.w.org\/{rel}","templated":true}]}}