{"id":241742,"date":"2024-10-25T12:00:00","date_gmt":"2024-10-25T10:00:00","guid":{"rendered":"https:\/\/www.tucomarca.com\/wordpress\/segunda\/?p=241742"},"modified":"2024-10-25T13:57:09","modified_gmt":"2024-10-25T11:57:09","slug":"xiva-impulsa-una-nova-zona-verda-en-el-nucli-urba-amb-un-parc-multiaventura-amb-jocs-infantils","status":"publish","type":"post","link":"https:\/\/www.tucomarca.com\/wordpress\/segunda\/ca\/xiva-impulsa-una-nova-zona-verda-en-el-nucli-urba-amb-un-parc-multiaventura-amb-jocs-infantils\/","title":{"rendered":"Xiva impulsa una nova zona verda en el nucli urb\u00e0 amb un parc multiaventura amb jocs infantils"},"content":{"rendered":"\n<h3 class=\"wp-block-heading\">S&#8217;han iniciat les obres del nou parc Chacora incl\u00f2s en el Pla d&#8217;Inversions de la Diputaci\u00f3 de Val\u00e8ncia.<\/h3>\n\n\n\n<p>L&#8217;Ajuntament de Xiva inicia les obres per a la instal\u00b7laci\u00f3 del nou parc multiaventura Chacora, situat en el nucli urb\u00e0. Es tracta d&#8217;un projecte global, en l&#8217;avinguda del Parc, de creaci\u00f3 d&#8217;una nova zona verda que t\u00e9 com a principal protagonista un espai de 300 metres quadrats de jocs infantils, que a m\u00e9s, comptar\u00e0 amb mobiliari urb\u00e0 com a taules berenador, bancs, una zona de aparcabicicletas i papereres.&nbsp;<\/p>\n\n\n\n<p>En aquesta primera fase, que est\u00e0 prevista que es finalitze durant el mes vinent, s&#8217;engloba entre les actuacions previstes a Xiva dins del Pla d&#8217;Inversions de la Diputaci\u00f3 de Val\u00e8ncia. En total, el consistori va rebre m\u00e9s de 580.000 euros per a actuar sobre els parcs del terme municipal, que afecten un total de 17 dotacions. D&#8217;ells, un total de 6 parcs infantils, tant del nucli urb\u00e0 com de les urbanitzacions, ja s&#8217;han renovat amb millores en els elements de joc, el s\u00f2l de cautx\u00fa i mobiliari.<\/p>\n\n\n\n<p>La iniciativa que persegueix aquest projecte \u00e9s donar una nova vida als parcs infantils de la localitat de Xiva. Les obres ja finalitzades s&#8217;han centrat en accions de retirada de llosetes de cautx\u00fa velles i jocs en mal estat i deteriorats. En el seu lloc s&#8217;han instal\u00b7lat jocs nous, mobiliari urb\u00e0 renovat i elements biosaludables.<\/p>\n\n\n\n<p>Amb l&#8217;impuls del nou parc Chacora l&#8217;Ajuntament de Xiva aconsegueix aix\u00ed l&#8217;equador de les actuacions i est\u00e0 previst que les obres dels altres 10 parcs restants s&#8217;inicien en els pr\u00f2xims mesos. En el nucli urb\u00e0, com a principal novetats s&#8217;inclour\u00e0 una nova tirolina en Vista Alegre i jocs tem\u00e0tics al parc Luis Alarc\u00f3n.&nbsp; A les urbanitzacions destacar\u00e0 un gran castell situat en el Mirador de Brihuela en Pedroses, aix\u00ed com altres millores al parc de Carambolo i una renovaci\u00f3 total del parc de la urbanitzaci\u00f3 El Bosc, entre altres.<\/p>\n","protected":false},"excerpt":{"rendered":"<div class=\"mh-excerpt\">S&#8217;han iniciat les obres del nou parc Chacora incl\u00f2s en el Pla d&#8217;Inversions de la Diputaci\u00f3 de Val\u00e8ncia. L&#8217;Ajuntament de Xiva inicia les obres per a la instal\u00b7laci\u00f3 del nou parc multiaventura Chacora, situat en <a class=\"mh-excerpt-more\" href=\"https:\/\/www.tucomarca.com\/wordpress\/segunda\/ca\/xiva-impulsa-una-nova-zona-verda-en-el-nucli-urba-amb-un-parc-multiaventura-amb-jocs-infantils\/\" title=\"Xiva impulsa una nova zona verda en el nucli urb\u00e0 amb un parc multiaventura amb jocs infantils\">[+] <\/a><\/div>\n","protected":false},"author":13,"featured_media":241740,"comment_status":"open","ping_status":"open","sticky":false,"template":"","format":"standard","meta":{"footnotes":""},"categories":[10948,10894,10912,10903,10947,10896,10975],"tags":[11195,12903,10914,12166],"class_list":{"0":"post-241742","1":"post","2":"type-post","3":"status-publish","4":"format-standard","5":"has-post-thumbnail","7":"category-infraestructuras-ca","8":"category-la-comarca-ca","9":"category-la-hoya-ca","10":"category-medio-ambiente-la-comarca-ca","11":"category-politica","12":"category-seccion-ca","13":"category-chiva-ca","14":"tag-chiva-ca","15":"tag-infraestructuras-ca","16":"tag-la-hoya-de-bunol-chiva-ca","17":"tag-medio-ambiente-ca"},"_links":{"self":[{"href":"https:\/\/www.tucomarca.com\/wordpress\/segunda\/ca\/wp-json\/wp\/v2\/posts\/241742","targetHints":{"allow":["GET"]}}],"collection":[{"href":"https:\/\/www.tucomarca.com\/wordpress\/segunda\/ca\/wp-json\/wp\/v2\/posts"}],"about":[{"href":"https:\/\/www.tucomarca.com\/wordpress\/segunda\/ca\/wp-json\/wp\/v2\/types\/post"}],"author":[{"embeddable":true,"href":"https:\/\/www.tucomarca.com\/wordpress\/segunda\/ca\/wp-json\/wp\/v2\/users\/13"}],"replies":[{"embeddable":true,"href":"https:\/\/www.tucomarca.com\/wordpress\/segunda\/ca\/wp-json\/wp\/v2\/comments?post=241742"}],"version-history":[{"count":0,"href":"https:\/\/www.tucomarca.com\/wordpress\/segunda\/ca\/wp-json\/wp\/v2\/posts\/241742\/revisions"}],"wp:featuredmedia":[{"embeddable":true,"href":"https:\/\/www.tucomarca.com\/wordpress\/segunda\/ca\/wp-json\/wp\/v2\/media\/241740"}],"wp:attachment":[{"href":"https:\/\/www.tucomarca.com\/wordpress\/segunda\/ca\/wp-json\/wp\/v2\/media?parent=241742"}],"wp:term":[{"taxonomy":"category","embeddable":true,"href":"https:\/\/www.tucomarca.com\/wordpress\/segunda\/ca\/wp-json\/wp\/v2\/categories?post=241742"},{"taxonomy":"post_tag","embeddable":true,"href":"https:\/\/www.tucomarca.com\/wordpress\/segunda\/ca\/wp-json\/wp\/v2\/tags?post=241742"}],"curies":[{"name":"wp","href":"https:\/\/api.w.org\/{rel}","templated":true}]}}