{"id":241834,"date":"2024-10-25T20:00:00","date_gmt":"2024-10-25T18:00:00","guid":{"rendered":"https:\/\/www.tucomarca.com\/wordpress\/segunda\/?p=241834"},"modified":"2024-10-26T11:14:43","modified_gmt":"2024-10-26T09:14:43","slug":"utiel-celebra-linici-de-les-proves-de-ralli-dels-fia-motorsport-games-2024","status":"publish","type":"post","link":"https:\/\/www.tucomarca.com\/wordpress\/segunda\/ca\/utiel-celebra-linici-de-les-proves-de-ralli-dels-fia-motorsport-games-2024\/","title":{"rendered":"Utiel celebra l&#8217;inici de les proves de Ral\u00b7li dels FIA Motorsport Games 2024"},"content":{"rendered":"\n<p>Utiel ha acollit la celebraci\u00f3 i competici\u00f3 del tram de terra de la Carrera de les Nacions dels FIA Motorsport Games 2024, que se celebren a la Comunitat Valenciana del 23 al 27 d&#8217;octubre. Utiel ha tingut l&#8217;oportunitat de ser amfitri\u00f3 aquest divendres de les proves de Ral\u00b7li en terra i dels reagrupaments de les 10:15h i de les 15:36h. Al reagrupament de les 10:15h han assistit l&#8217;Alcalde d&#8217;Utiel, Ricardo Gabald\u00f3n, al costat de diversos regidors municipals. L&#8217;Ajuntament d&#8217;Utiel i l&#8217;Escuderia Negrete Racing s\u00f3n col\u00b7laboradors de l&#8217;esdeveniment, organitzat per la Federaci\u00f3 Internacional d&#8217;Automobilisme (FIA) i SRO Motorsports Group.<\/p>\n\n\n\n<p>Es tracta de la tercera edici\u00f3 dels considerats Jocs Ol\u00edmpics de l&#8217;Automobilisme, que reuneixen a Val\u00e8ncia i altres municipis de la prov\u00edncia com Utiel a un total de m\u00e9s de 500 atletes de m\u00e9s de 75 pa\u00efsos que competiran en 26 disciplines, deu m\u00e9s que les que es van celebrar en l&#8217;edici\u00f3 de 2022 a Marsella. L&#8217;esdeveniment, de gran transcend\u00e8ncia esportiva, ha posat a Utiel en l&#8217;epicentre de l&#8217;automobilisme mundial durant aquest dia.<\/p>\n\n\n\n<p>Desenes de cotxes de carreres han ocupat el llarg del Carrer Canonge Mu\u00f1oz, destacant els cotxes tipus ral\u00b7li i algun cotxe cl\u00e0ssic. Els cotxes arrancaven, es dirigien al lloc de control per a registrar la seua eixida i feien marxa a trav\u00e9s del Carrer Real cap a l&#8217;inici de l&#8217;etapa. Durant tot el mat\u00ed s&#8217;ha gaudit d&#8217;un gran ambient esportiu i familiar, sent molts els ciutadans que han acudit a veure els cotxes, fotografiar-los i contemplar les eixides.<\/p>\n\n\n\n<p>Aquesta vesprada tamb\u00e9 es podr\u00e0 gaudir de la Carrera de les Nacions, havent-hi dues eixides a les 14:23h i 15:06h, el reagrupament a les 15:36h i l&#8217;inici de l&#8217;\u00faltima etapa a la comarca a les 16:47h. La informaci\u00f3 d&#8217;horaris i trams queda ampliada m\u00e9s a baix.<\/p>\n","protected":false},"excerpt":{"rendered":"<div class=\"mh-excerpt\">Utiel ha acollit la celebraci\u00f3 i competici\u00f3 del tram de terra de la Carrera de les Nacions dels FIA Motorsport Games 2024, que se celebren a la Comunitat Valenciana del 23 al 27 d&#8217;octubre. Utiel <a class=\"mh-excerpt-more\" href=\"https:\/\/www.tucomarca.com\/wordpress\/segunda\/ca\/utiel-celebra-linici-de-les-proves-de-ralli-dels-fia-motorsport-games-2024\/\" title=\"Utiel celebra l&#8217;inici de les proves de Ral\u00b7li dels FIA Motorsport Games 2024\">[+] <\/a><\/div>\n","protected":false},"author":12,"featured_media":241832,"comment_status":"open","ping_status":"open","sticky":false,"template":"","format":"standard","meta":{"footnotes":""},"categories":[11017,11003,10898,10894,10909,10896,11059],"tags":[21441,10910,11174],"class_list":{"0":"post-241834","1":"post","2":"type-post","3":"status-publish","4":"format-standard","5":"has-post-thumbnail","7":"category-automovilismo-ca","8":"category-sports","9":"category-ventana-ca","10":"category-la-comarca-ca","11":"category-requena-utiel-ca","12":"category-seccion-ca","13":"category-utiel-ca","14":"tag-rally-de-los-fia-motorsport-games-2024-ca","15":"tag-requena-utiel-ca","16":"tag-utiel-ca"},"_links":{"self":[{"href":"https:\/\/www.tucomarca.com\/wordpress\/segunda\/ca\/wp-json\/wp\/v2\/posts\/241834","targetHints":{"allow":["GET"]}}],"collection":[{"href":"https:\/\/www.tucomarca.com\/wordpress\/segunda\/ca\/wp-json\/wp\/v2\/posts"}],"about":[{"href":"https:\/\/www.tucomarca.com\/wordpress\/segunda\/ca\/wp-json\/wp\/v2\/types\/post"}],"author":[{"embeddable":true,"href":"https:\/\/www.tucomarca.com\/wordpress\/segunda\/ca\/wp-json\/wp\/v2\/users\/12"}],"replies":[{"embeddable":true,"href":"https:\/\/www.tucomarca.com\/wordpress\/segunda\/ca\/wp-json\/wp\/v2\/comments?post=241834"}],"version-history":[{"count":0,"href":"https:\/\/www.tucomarca.com\/wordpress\/segunda\/ca\/wp-json\/wp\/v2\/posts\/241834\/revisions"}],"wp:featuredmedia":[{"embeddable":true,"href":"https:\/\/www.tucomarca.com\/wordpress\/segunda\/ca\/wp-json\/wp\/v2\/media\/241832"}],"wp:attachment":[{"href":"https:\/\/www.tucomarca.com\/wordpress\/segunda\/ca\/wp-json\/wp\/v2\/media?parent=241834"}],"wp:term":[{"taxonomy":"category","embeddable":true,"href":"https:\/\/www.tucomarca.com\/wordpress\/segunda\/ca\/wp-json\/wp\/v2\/categories?post=241834"},{"taxonomy":"post_tag","embeddable":true,"href":"https:\/\/www.tucomarca.com\/wordpress\/segunda\/ca\/wp-json\/wp\/v2\/tags?post=241834"}],"curies":[{"name":"wp","href":"https:\/\/api.w.org\/{rel}","templated":true}]}}