{"id":241914,"date":"2024-10-28T07:00:00","date_gmt":"2024-10-28T05:00:00","guid":{"rendered":"https:\/\/www.tucomarca.com\/wordpress\/segunda\/?p=241914"},"modified":"2024-10-27T20:59:26","modified_gmt":"2024-10-27T18:59:26","slug":"els-preus-de-les-ametles-tampoc-alcen-cap","status":"publish","type":"post","link":"https:\/\/www.tucomarca.com\/wordpress\/segunda\/ca\/els-preus-de-les-ametles-tampoc-alcen-cap\/","title":{"rendered":"Els preus de les ametles tampoc alcen cap"},"content":{"rendered":"\n<p>Productors d&#8217;ametles de les comarques d&#8217;interior de la prov\u00edncia de Val\u00e8ncia es queixen dels baixos preus que s&#8217;estan pagant enguany per les ametles. El vicesecretari de la Va unir Llauradora, Luis Javier Navarro, ha concretat que \u201cl&#8217;ametla de la varietat Largueta, amb corfa, es cotitza a poc m\u00e9s d&#8217;un euro per quilogram\u201d.<\/p>\n\n\n\n<p>Els agricultors consideren que, almenys, s&#8217;haurien de cotitzar a 2,20 euros per quilogram.<br>Les menors produccions, per la sequera i els cada vegada majors costos de producci\u00f3 estan agreujant el problema de la p\u00e8rdua de rendibilitat del cultiu de l&#8217;ametler. Informa, <strong>Luis Ib\u00e1\u00f1ez.<\/strong><\/p>\n","protected":false},"excerpt":{"rendered":"<div class=\"mh-excerpt\">Productors d&#8217;ametles de les comarques d&#8217;interior de la prov\u00edncia de Val\u00e8ncia es queixen dels baixos preus que s&#8217;estan pagant enguany per les ametles. El vicesecretari de la Va unir Llauradora, Luis Javier Navarro, ha concretat <a class=\"mh-excerpt-more\" href=\"https:\/\/www.tucomarca.com\/wordpress\/segunda\/ca\/els-preus-de-les-ametles-tampoc-alcen-cap\/\" title=\"Els preus de les ametles tampoc alcen cap\">[+] <\/a><\/div>\n","protected":false},"author":12,"featured_media":241913,"comment_status":"open","ping_status":"open","sticky":false,"template":"","format":"standard","meta":{"footnotes":""},"categories":[10905,10898,10948,10894,10904,10903,10909,10896],"tags":[14195,10910],"class_list":{"0":"post-241914","1":"post","2":"type-post","3":"status-publish","4":"format-standard","5":"has-post-thumbnail","7":"category-agricultura-la-comarca-ca","8":"category-ventana-ca","9":"category-infraestructuras-ca","10":"category-la-comarca-ca","11":"category-sin-categorizar-ca","12":"category-medio-ambiente-la-comarca-ca","13":"category-requena-utiel-ca","14":"category-seccion-ca","15":"tag-almendras-ca","16":"tag-requena-utiel-ca"},"_links":{"self":[{"href":"https:\/\/www.tucomarca.com\/wordpress\/segunda\/ca\/wp-json\/wp\/v2\/posts\/241914","targetHints":{"allow":["GET"]}}],"collection":[{"href":"https:\/\/www.tucomarca.com\/wordpress\/segunda\/ca\/wp-json\/wp\/v2\/posts"}],"about":[{"href":"https:\/\/www.tucomarca.com\/wordpress\/segunda\/ca\/wp-json\/wp\/v2\/types\/post"}],"author":[{"embeddable":true,"href":"https:\/\/www.tucomarca.com\/wordpress\/segunda\/ca\/wp-json\/wp\/v2\/users\/12"}],"replies":[{"embeddable":true,"href":"https:\/\/www.tucomarca.com\/wordpress\/segunda\/ca\/wp-json\/wp\/v2\/comments?post=241914"}],"version-history":[{"count":0,"href":"https:\/\/www.tucomarca.com\/wordpress\/segunda\/ca\/wp-json\/wp\/v2\/posts\/241914\/revisions"}],"wp:featuredmedia":[{"embeddable":true,"href":"https:\/\/www.tucomarca.com\/wordpress\/segunda\/ca\/wp-json\/wp\/v2\/media\/241913"}],"wp:attachment":[{"href":"https:\/\/www.tucomarca.com\/wordpress\/segunda\/ca\/wp-json\/wp\/v2\/media?parent=241914"}],"wp:term":[{"taxonomy":"category","embeddable":true,"href":"https:\/\/www.tucomarca.com\/wordpress\/segunda\/ca\/wp-json\/wp\/v2\/categories?post=241914"},{"taxonomy":"post_tag","embeddable":true,"href":"https:\/\/www.tucomarca.com\/wordpress\/segunda\/ca\/wp-json\/wp\/v2\/tags?post=241914"}],"curies":[{"name":"wp","href":"https:\/\/api.w.org\/{rel}","templated":true}]}}