{"id":242058,"date":"2024-10-29T09:30:00","date_gmt":"2024-10-29T07:30:00","guid":{"rendered":"https:\/\/www.tucomarca.com\/wordpress\/segunda\/?p=242058"},"modified":"2024-10-29T10:01:21","modified_gmt":"2024-10-29T08:01:21","slug":"requena-suspen-classes-i-fa-recomanacions-de-seguretat-per-alerta-de-pluges-en-el-municipi","status":"publish","type":"post","link":"https:\/\/www.tucomarca.com\/wordpress\/segunda\/ca\/requena-suspen-classes-i-fa-recomanacions-de-seguretat-per-alerta-de-pluges-en-el-municipi\/","title":{"rendered":"Requena susp\u00e9n classes i fa recomanacions de seguretat per alerta de pluges en el municipi"},"content":{"rendered":"\n<p>Debido a l&#8217;alerta taronja per pluges i alerta groga per tempestes emesa per l&#8217;Ag\u00e8ncia Estatal de Meteorologia (AEMET), l&#8217;Ajuntament de Requena ha decidit suspendre totes les activitats escolars en el municipi hui, dimarts 29 d&#8217;octubre. Aquesta mesura busca protegir la seguretat dels estudiants i evitar despla\u00e7aments en condicions meteorol\u00f2giques adverses.<br>Recomanacions de Seguretat per a la ciutadania:<br>Evitar despla\u00e7aments innecessaris: Es recomana als ve\u00efns romandre en els seus domicilis i evitar la carretera llevat que siga imprescindible.<br>Precauci\u00f3 en zones de risc: No acostar-se a llits de rius, barrancs i zones inundables, on el nivell de l&#8217;aigua podria augmentar de manera sobtada.<br>Evitar carrers inundats: Encara que l&#8217;aigua semble baixa, pot haver-hi corrents perillosos.<br>Mantindre&#8217;s informats: Seguir les actualitzacions de l&#8217;Ajuntament en xarxes socials i mitjans locals.<br>Assegurar objectes en balcons i terrasses per a evitar accidents.<br>Per a emerg\u00e8ncies, contactar al 112 o al 062 (Gu\u00e0rdia Civil). L&#8217;Ajuntament monitora la situaci\u00f3 i emetr\u00e0 actualitzacions. Informa: <strong>Luis Ib\u00e1\u00f1ez<\/strong>.<\/p>\n","protected":false},"excerpt":{"rendered":"<div class=\"mh-excerpt\">Debido a l&#8217;alerta taronja per pluges i alerta groga per tempestes emesa per l&#8217;Ag\u00e8ncia Estatal de Meteorologia (AEMET), l&#8217;Ajuntament de Requena ha decidit suspendre totes les activitats escolars en el municipi hui, dimarts 29 d&#8217;octubre. <a class=\"mh-excerpt-more\" href=\"https:\/\/www.tucomarca.com\/wordpress\/segunda\/ca\/requena-suspen-classes-i-fa-recomanacions-de-seguretat-per-alerta-de-pluges-en-el-municipi\/\" title=\"Requena susp\u00e9n classes i fa recomanacions de seguretat per alerta de pluges en el municipi\">[+] <\/a><\/div>\n","protected":false},"author":1,"featured_media":242057,"comment_status":"open","ping_status":"open","sticky":false,"template":"","format":"standard","meta":{"footnotes":""},"categories":[21466,10948,10894,10904,10903,10908,10909,10896,10897],"tags":[15409,11099,10910],"class_list":{"0":"post-242058","1":"post","2":"type-post","3":"status-publish","4":"format-standard","5":"has-post-thumbnail","7":"category-dana-ca","8":"category-infraestructuras-ca","9":"category-la-comarca-ca","10":"category-sin-categorizar-ca","11":"category-medio-ambiente-la-comarca-ca","12":"category-requena-ca","13":"category-requena-utiel-ca","14":"category-seccion-ca","15":"category-sucesos-la-comarca-ca","16":"tag-dana-2-ca","17":"tag-requena-ca","18":"tag-requena-utiel-ca"},"_links":{"self":[{"href":"https:\/\/www.tucomarca.com\/wordpress\/segunda\/ca\/wp-json\/wp\/v2\/posts\/242058","targetHints":{"allow":["GET"]}}],"collection":[{"href":"https:\/\/www.tucomarca.com\/wordpress\/segunda\/ca\/wp-json\/wp\/v2\/posts"}],"about":[{"href":"https:\/\/www.tucomarca.com\/wordpress\/segunda\/ca\/wp-json\/wp\/v2\/types\/post"}],"author":[{"embeddable":true,"href":"https:\/\/www.tucomarca.com\/wordpress\/segunda\/ca\/wp-json\/wp\/v2\/users\/1"}],"replies":[{"embeddable":true,"href":"https:\/\/www.tucomarca.com\/wordpress\/segunda\/ca\/wp-json\/wp\/v2\/comments?post=242058"}],"version-history":[{"count":0,"href":"https:\/\/www.tucomarca.com\/wordpress\/segunda\/ca\/wp-json\/wp\/v2\/posts\/242058\/revisions"}],"wp:featuredmedia":[{"embeddable":true,"href":"https:\/\/www.tucomarca.com\/wordpress\/segunda\/ca\/wp-json\/wp\/v2\/media\/242057"}],"wp:attachment":[{"href":"https:\/\/www.tucomarca.com\/wordpress\/segunda\/ca\/wp-json\/wp\/v2\/media?parent=242058"}],"wp:term":[{"taxonomy":"category","embeddable":true,"href":"https:\/\/www.tucomarca.com\/wordpress\/segunda\/ca\/wp-json\/wp\/v2\/categories?post=242058"},{"taxonomy":"post_tag","embeddable":true,"href":"https:\/\/www.tucomarca.com\/wordpress\/segunda\/ca\/wp-json\/wp\/v2\/tags?post=242058"}],"curies":[{"name":"wp","href":"https:\/\/api.w.org\/{rel}","templated":true}]}}