{"id":242311,"date":"2024-10-29T14:00:00","date_gmt":"2024-10-29T12:00:00","guid":{"rendered":"https:\/\/www.tucomarca.com\/wordpress\/segunda\/?p=242311"},"modified":"2024-10-29T22:21:22","modified_gmt":"2024-10-29T20:21:22","slug":"la-confederacio-hidrografica-del-xuquer-anuncia-lobertura-de-les-comportes-de-lembassament-de-forata","status":"publish","type":"post","link":"https:\/\/www.tucomarca.com\/wordpress\/segunda\/ca\/la-confederacio-hidrografica-del-xuquer-anuncia-lobertura-de-les-comportes-de-lembassament-de-forata\/","title":{"rendered":"La Confederaci\u00f3 Hidrogr\u00e0fica del X\u00faquer anuncia l&#8217;obertura de les comportes de l&#8217;embassament de Forata"},"content":{"rendered":"\n<p>La Confederaci\u00f3 Hidrogr\u00e0fica del X\u00faquer ha comunicat que en les pr\u00f2ximes hores s&#8217;obriran les comportes de l&#8217;embassament de Forata, a causa de l&#8217;augment de cabals a causa de les intenses pluges. Davant aquesta situaci\u00f3, es recomana evitar acostar-se als rius Magre i Millars, aix\u00ed com a les carreteres i camins pr\u00f2xims.<\/p>\n\n\n\n<p>A causa dels danys ocasionats, les carreteres CV-429 i CV-326 romandran tancades al tr\u00e0nsit fins a un altre av\u00eds. Les autoritats insten la poblaci\u00f3 a actuar amb extrema precauci\u00f3 i a mantindre&#8217;s informada sobre l&#8217;estat de les vies i possibles noves restriccions.<\/p>\n","protected":false},"excerpt":{"rendered":"<div class=\"mh-excerpt\">La Confederaci\u00f3 Hidrogr\u00e0fica del X\u00faquer ha comunicat que en les pr\u00f2ximes hores s&#8217;obriran les comportes de l&#8217;embassament de Forata, a causa de l&#8217;augment de cabals a causa de les intenses pluges. Davant aquesta situaci\u00f3, es <a class=\"mh-excerpt-more\" href=\"https:\/\/www.tucomarca.com\/wordpress\/segunda\/ca\/la-confederacio-hidrografica-del-xuquer-anuncia-lobertura-de-les-comportes-de-lembassament-de-forata\/\" title=\"La Confederaci\u00f3 Hidrogr\u00e0fica del X\u00faquer anuncia l&#8217;obertura de les comportes de l&#8217;embassament de Forata\">[+] <\/a><\/div>\n","protected":false},"author":12,"featured_media":242369,"comment_status":"open","ping_status":"open","sticky":false,"template":"","format":"standard","meta":{"footnotes":""},"categories":[10973,10980,10948,10894,10904,10912,10903,10947,10896,10897],"tags":[12293,15409,21463,15925],"class_list":{"0":"post-242311","1":"post","2":"type-post","3":"status-publish","4":"format-standard","5":"has-post-thumbnail","7":"category-alborache-ca","8":"category-yatova-ca","9":"category-infraestructuras-ca","10":"category-la-comarca-ca","11":"category-sin-categorizar-ca","12":"category-la-hoya-ca","13":"category-medio-ambiente-la-comarca-ca","14":"category-politica","15":"category-seccion-ca","16":"category-sucesos-la-comarca-ca","17":"tag-confederacion-hidrografica-del-jucar-ca","18":"tag-dana-2-ca","19":"tag-embalse-de-forata-ca","20":"tag-temporal-de-lluvia-ca"},"_links":{"self":[{"href":"https:\/\/www.tucomarca.com\/wordpress\/segunda\/ca\/wp-json\/wp\/v2\/posts\/242311","targetHints":{"allow":["GET"]}}],"collection":[{"href":"https:\/\/www.tucomarca.com\/wordpress\/segunda\/ca\/wp-json\/wp\/v2\/posts"}],"about":[{"href":"https:\/\/www.tucomarca.com\/wordpress\/segunda\/ca\/wp-json\/wp\/v2\/types\/post"}],"author":[{"embeddable":true,"href":"https:\/\/www.tucomarca.com\/wordpress\/segunda\/ca\/wp-json\/wp\/v2\/users\/12"}],"replies":[{"embeddable":true,"href":"https:\/\/www.tucomarca.com\/wordpress\/segunda\/ca\/wp-json\/wp\/v2\/comments?post=242311"}],"version-history":[{"count":0,"href":"https:\/\/www.tucomarca.com\/wordpress\/segunda\/ca\/wp-json\/wp\/v2\/posts\/242311\/revisions"}],"wp:featuredmedia":[{"embeddable":true,"href":"https:\/\/www.tucomarca.com\/wordpress\/segunda\/ca\/wp-json\/wp\/v2\/media\/242369"}],"wp:attachment":[{"href":"https:\/\/www.tucomarca.com\/wordpress\/segunda\/ca\/wp-json\/wp\/v2\/media?parent=242311"}],"wp:term":[{"taxonomy":"category","embeddable":true,"href":"https:\/\/www.tucomarca.com\/wordpress\/segunda\/ca\/wp-json\/wp\/v2\/categories?post=242311"},{"taxonomy":"post_tag","embeddable":true,"href":"https:\/\/www.tucomarca.com\/wordpress\/segunda\/ca\/wp-json\/wp\/v2\/tags?post=242311"}],"curies":[{"name":"wp","href":"https:\/\/api.w.org\/{rel}","templated":true}]}}