{"id":242370,"date":"2024-10-29T22:00:00","date_gmt":"2024-10-29T20:00:00","guid":{"rendered":"https:\/\/www.tucomarca.com\/wordpress\/segunda\/?p=242370"},"modified":"2024-10-30T00:50:55","modified_gmt":"2024-10-29T22:50:55","slug":"nova-alerta-massiva-de-proteccio-civil-romanguen-a-les-seues-cases","status":"publish","type":"post","link":"https:\/\/www.tucomarca.com\/wordpress\/segunda\/ca\/nova-alerta-massiva-de-proteccio-civil-romanguen-a-les-seues-cases\/","title":{"rendered":"Nova alerta massiva de Protecci\u00f3 civil &#8220;Romanguen a les seues cases&#8221;"},"content":{"rendered":"\n<p>Protecci\u00f3 Civil ha em\u00e9s una nova alerta massiva a la ciutadania de la prov\u00edncia de Val\u00e8ncia, instant a extremar les precaucions a causa del fort temporal de pluges que travessa la regi\u00f3. L&#8217;alerta, enviada a dispositius m\u00f2bils a les recalca la import\u00e0ncia de romandre a casa i evitar despla\u00e7aments innecessaris.<\/p>\n\n\n\n<figure class=\"wp-block-image size-large\"><img loading=\"lazy\" decoding=\"async\" width=\"832\" height=\"1024\" src=\"http:\/\/www.tucomarca.com\/wordpress\/segunda\/wp-content\/uploads\/2024\/10\/AlertaProteccionCivil2-832x1024.jpeg\" alt=\"\" class=\"wp-image-242363\" srcset=\"https:\/\/www.tucomarca.com\/wordpress\/segunda\/wp-content\/uploads\/2024\/10\/AlertaProteccionCivil2-832x1024.jpeg 832w, https:\/\/www.tucomarca.com\/wordpress\/segunda\/wp-content\/uploads\/2024\/10\/AlertaProteccionCivil2-244x300.jpeg 244w, https:\/\/www.tucomarca.com\/wordpress\/segunda\/wp-content\/uploads\/2024\/10\/AlertaProteccionCivil2-768x946.jpeg 768w, https:\/\/www.tucomarca.com\/wordpress\/segunda\/wp-content\/uploads\/2024\/10\/AlertaProteccionCivil2.jpeg 960w\" sizes=\"auto, (max-width: 832px) 100vw, 832px\" \/><\/figure>\n","protected":false},"excerpt":{"rendered":"<div class=\"mh-excerpt\">Protecci\u00f3 Civil ha em\u00e9s una nova alerta massiva a la ciutadania de la prov\u00edncia de Val\u00e8ncia, instant a extremar les precaucions a causa del fort temporal de pluges que travessa la regi\u00f3. L&#8217;alerta, enviada a <a class=\"mh-excerpt-more\" href=\"https:\/\/www.tucomarca.com\/wordpress\/segunda\/ca\/nova-alerta-massiva-de-proteccio-civil-romanguen-a-les-seues-cases\/\" title=\"Nova alerta massiva de Protecci\u00f3 civil &#8220;Romanguen a les seues cases&#8221;\">[+] <\/a><\/div>\n","protected":false},"author":13,"featured_media":242364,"comment_status":"open","ping_status":"open","sticky":false,"template":"","format":"standard","meta":{"footnotes":""},"categories":[10892,10898,10948,10894,10904,10903,10896,10897],"tags":[15409,21313,11199,21459,21460,10901],"class_list":{"0":"post-242370","1":"post","2":"type-post","3":"status-publish","4":"format-standard","5":"has-post-thumbnail","7":"category-camp-de-turia-ca","8":"category-ventana-ca","9":"category-infraestructuras-ca","10":"category-la-comarca-ca","11":"category-sin-categorizar-ca","12":"category-medio-ambiente-la-comarca-ca","13":"category-seccion-ca","14":"category-sucesos-la-comarca-ca","15":"tag-dana-2-ca","16":"tag-la-comarca-ca","17":"tag-la-comunitat-ca","18":"tag-lluvias-torrenciales-ca","19":"tag-riada-ca","20":"tag-sucesos-ca"},"_links":{"self":[{"href":"https:\/\/www.tucomarca.com\/wordpress\/segunda\/ca\/wp-json\/wp\/v2\/posts\/242370","targetHints":{"allow":["GET"]}}],"collection":[{"href":"https:\/\/www.tucomarca.com\/wordpress\/segunda\/ca\/wp-json\/wp\/v2\/posts"}],"about":[{"href":"https:\/\/www.tucomarca.com\/wordpress\/segunda\/ca\/wp-json\/wp\/v2\/types\/post"}],"author":[{"embeddable":true,"href":"https:\/\/www.tucomarca.com\/wordpress\/segunda\/ca\/wp-json\/wp\/v2\/users\/13"}],"replies":[{"embeddable":true,"href":"https:\/\/www.tucomarca.com\/wordpress\/segunda\/ca\/wp-json\/wp\/v2\/comments?post=242370"}],"version-history":[{"count":0,"href":"https:\/\/www.tucomarca.com\/wordpress\/segunda\/ca\/wp-json\/wp\/v2\/posts\/242370\/revisions"}],"wp:featuredmedia":[{"embeddable":true,"href":"https:\/\/www.tucomarca.com\/wordpress\/segunda\/ca\/wp-json\/wp\/v2\/media\/242364"}],"wp:attachment":[{"href":"https:\/\/www.tucomarca.com\/wordpress\/segunda\/ca\/wp-json\/wp\/v2\/media?parent=242370"}],"wp:term":[{"taxonomy":"category","embeddable":true,"href":"https:\/\/www.tucomarca.com\/wordpress\/segunda\/ca\/wp-json\/wp\/v2\/categories?post=242370"},{"taxonomy":"post_tag","embeddable":true,"href":"https:\/\/www.tucomarca.com\/wordpress\/segunda\/ca\/wp-json\/wp\/v2\/tags?post=242370"}],"curies":[{"name":"wp","href":"https:\/\/api.w.org\/{rel}","templated":true}]}}