{"id":242525,"date":"2024-10-31T09:00:00","date_gmt":"2024-10-31T07:00:00","guid":{"rendered":"https:\/\/www.tucomarca.com\/wordpress\/segunda\/?p=242525"},"modified":"2024-10-31T13:45:41","modified_gmt":"2024-10-31T11:45:41","slug":"la-mayor-y-mas-terrible-riada-de-la-historia-siega-la-vida-de-95-personas","status":"publish","type":"post","link":"https:\/\/www.tucomarca.com\/wordpress\/segunda\/ca\/la-mayor-y-mas-terrible-riada-de-la-historia-siega-la-vida-de-95-personas\/","title":{"rendered":"La major i m\u00e9s terrible riuada de la hist\u00f2ria sega la vida de 95 persones"},"content":{"rendered":"\n<p>Los peores presagios y previsiones en vista de las enormes y catastr\u00f3ficas dimisiones de la tragedia se han cumplido: la cifra de fallecidos se ha elevado a \u00faltima hora de este jueves por la ma\u00f1ana a las 95 personas y todav\u00eda sigue siendo provisional, por lo que no se descarta que aun pueda aumentar en las pr\u00f3ximas horas.<\/p>\n\n\n\n<p>El propio presidente de la Generalitat Valenciana, Carlos Maz\u00f3n, ofrec\u00eda este mi\u00e9rcoles por la noche las \u00faltimas cifras de una tragedia que ha llevado la consternaci\u00f3n, el drama y el duelo a buena parte del interior de la provincia de Valencia as\u00ed como a muchos de los municipios situados en la cabecera de los r\u00edos y barrancos que han sufrido la peor riada de la historia del Levante espa\u00f1ol y, por extensi\u00f3n, el mayor desastre natural de toda Espa\u00f1a de las \u00faltimas d\u00e9cadas.<\/p>\n\n\n\n<p>Carlos Maz\u00f3n comparec\u00eda a \u00faltima hora de este mi\u00e9rcoles para recordar que la prioridad a estas horas segu\u00eda siendo auxiliar a las personas y ofrecer ayuda a todos los damnificados por la grave cat\u00e1strofe que ha sembrado la consternaci\u00f3n.<\/p>\n\n\n\n<p>&#8220;Ha sido una jornada de much\u00edsimo trabajo para los servicios de rescate y emergencias que han llevado a cabo un total de 70 rescates a\u00e9reos adem\u00e1s de otros 200 terrestres; y en la que ya no se temen constancia de que exista ninguna persona atrapada que necesite ser rescatada&#8221;, tal como aseguraba Carlos Maz\u00f3n.<\/p>\n\n\n\n<p>La delegada del Gobierno en Valencia, Pilar Bernab\u00e9, quien ha comparecido junto al presidente auton\u00f3mico, ha confirmado que este jueves estaba prevista la visita a la zona afectada tanto del presidente del Gobierno como del l\u00edder de la oposici\u00f3n.&nbsp;<\/p>\n\n\n\n<p><strong>Un cuerpo localizado en Cheste<\/strong><\/p>\n\n\n\n<p>El propio alcalde de Cheste, Jos\u00e9 Morell, confirmaba este mi\u00e9rcoles que se hab\u00eda localizado el cuerpo de una persona fallecida en el t\u00e9rmino de la localidad e informaba del mal estado de uno de los puentes de acceso a la localidad, por lo que pr\u00e1cticamente la localidad se encontraba incomunicada por carretera, adem\u00e1s de sin cobertura telef\u00f3nica y sin electricidad. Una situaci\u00f3n muy similar en la que se encuentra tambi\u00e9n la vecina poblaci\u00f3n de Chiva que ahora mismo sigue incomunicada telef\u00f3nicamente y sin un acceso fluido por carretera por el que de momento s\u00f3lo transitan los efectivos de emergencias.<\/p>\n","protected":false},"excerpt":{"rendered":"<div class=\"mh-excerpt\">Los peores presagios y previsiones en vista de las enormes y catastr\u00f3ficas dimisiones de la tragedia se han cumplido: la cifra de fallecidos se ha elevado a \u00faltima hora de este jueves por la ma\u00f1ana <a class=\"mh-excerpt-more\" href=\"https:\/\/www.tucomarca.com\/wordpress\/segunda\/ca\/la-mayor-y-mas-terrible-riada-de-la-historia-siega-la-vida-de-95-personas\/\" title=\"La major i m\u00e9s terrible riuada de la hist\u00f2ria sega la vida de 95 persones\">[+] <\/a><\/div>\n","protected":false},"author":12,"featured_media":242536,"comment_status":"open","ping_status":"open","sticky":false,"template":"","format":"standard","meta":{"footnotes":""},"categories":[10892,10898,10948,10894,10904,10912,10902,10903,10947,10909,10896,10897],"tags":[10913,10899,11071,11246,10914,11099,10910],"class_list":{"0":"post-242525","1":"post","2":"type-post","3":"status-publish","4":"format-standard","5":"has-post-thumbnail","7":"category-camp-de-turia-ca","8":"category-ventana-ca","9":"category-infraestructuras-ca","10":"category-la-comarca-ca","11":"category-sin-categorizar-ca","12":"category-la-hoya-ca","13":"category-la-ribera-ca","14":"category-medio-ambiente-la-comarca-ca","15":"category-politica","16":"category-requena-utiel-ca","17":"category-seccion-ca","18":"category-sucesos-la-comarca-ca","19":"tag-bunol-ca","20":"tag-camp-de-turia-ca","21":"tag-cheste","22":"tag-diputacio-de-valencia-ca","23":"tag-la-hoya-de-bunol-chiva-ca","24":"tag-requena-ca","25":"tag-requena-utiel-ca"},"_links":{"self":[{"href":"https:\/\/www.tucomarca.com\/wordpress\/segunda\/ca\/wp-json\/wp\/v2\/posts\/242525","targetHints":{"allow":["GET"]}}],"collection":[{"href":"https:\/\/www.tucomarca.com\/wordpress\/segunda\/ca\/wp-json\/wp\/v2\/posts"}],"about":[{"href":"https:\/\/www.tucomarca.com\/wordpress\/segunda\/ca\/wp-json\/wp\/v2\/types\/post"}],"author":[{"embeddable":true,"href":"https:\/\/www.tucomarca.com\/wordpress\/segunda\/ca\/wp-json\/wp\/v2\/users\/12"}],"replies":[{"embeddable":true,"href":"https:\/\/www.tucomarca.com\/wordpress\/segunda\/ca\/wp-json\/wp\/v2\/comments?post=242525"}],"version-history":[{"count":0,"href":"https:\/\/www.tucomarca.com\/wordpress\/segunda\/ca\/wp-json\/wp\/v2\/posts\/242525\/revisions"}],"wp:featuredmedia":[{"embeddable":true,"href":"https:\/\/www.tucomarca.com\/wordpress\/segunda\/ca\/wp-json\/wp\/v2\/media\/242536"}],"wp:attachment":[{"href":"https:\/\/www.tucomarca.com\/wordpress\/segunda\/ca\/wp-json\/wp\/v2\/media?parent=242525"}],"wp:term":[{"taxonomy":"category","embeddable":true,"href":"https:\/\/www.tucomarca.com\/wordpress\/segunda\/ca\/wp-json\/wp\/v2\/categories?post=242525"},{"taxonomy":"post_tag","embeddable":true,"href":"https:\/\/www.tucomarca.com\/wordpress\/segunda\/ca\/wp-json\/wp\/v2\/tags?post=242525"}],"curies":[{"name":"wp","href":"https:\/\/api.w.org\/{rel}","templated":true}]}}