{"id":242705,"date":"2024-11-01T12:30:00","date_gmt":"2024-11-01T10:30:00","guid":{"rendered":"https:\/\/www.tucomarca.com\/wordpress\/segunda\/?p=242705"},"modified":"2024-11-02T03:28:58","modified_gmt":"2024-11-02T01:28:58","slug":"una-fuga-de-gas-sumada-al-risc-de-solsida-talla-el-transit-de-la-cv50-que-connecta-xest-i-xiva","status":"publish","type":"post","link":"https:\/\/www.tucomarca.com\/wordpress\/segunda\/ca\/una-fuga-de-gas-sumada-al-risc-de-solsida-talla-el-transit-de-la-cv50-que-connecta-xest-i-xiva\/","title":{"rendered":"Una fuga de gas sumada al risc de solsida talla el tr\u00e0nsit de la CV50 que connecta Xest i Xiva"},"content":{"rendered":"\n<p>L&#8217;alcalde de Xest, Jos\u00e9 Morell, ha advertit a la poblaci\u00f3 sobre el risc estructural que presenta el pont de la carretera CV-50, que uneix els municipis de Xest i Xiva. A m\u00e9s del perill de solsida, s&#8217;ha detectat una fuga de gas.<\/p>\n\n\n\n<p>Morell ha subratllat la gravetat de la situaci\u00f3 i ha demanat a la ciutadania que es mantinga allunyada del pont fins a un altre av\u00eds.<\/p>\n","protected":false},"excerpt":{"rendered":"<div class=\"mh-excerpt\">L&#8217;alcalde de Xest, Jos\u00e9 Morell, ha advertit a la poblaci\u00f3 sobre el risc estructural que presenta el pont de la carretera CV-50, que uneix els municipis de Xest i Xiva. A m\u00e9s del perill de <a class=\"mh-excerpt-more\" href=\"https:\/\/www.tucomarca.com\/wordpress\/segunda\/ca\/una-fuga-de-gas-sumada-al-risc-de-solsida-talla-el-transit-de-la-cv50-que-connecta-xest-i-xiva\/\" title=\"Una fuga de gas sumada al risc de solsida talla el tr\u00e0nsit de la CV50 que connecta Xest i Xiva\">[+] <\/a><\/div>\n","protected":false},"author":13,"featured_media":242687,"comment_status":"open","ping_status":"open","sticky":false,"template":"","format":"standard","meta":{"footnotes":""},"categories":[21466,10898,10948,10894,10904,10912,10903,10896,10897,10974],"tags":[11071,15409,10914,10901],"class_list":{"0":"post-242705","1":"post","2":"type-post","3":"status-publish","4":"format-standard","5":"has-post-thumbnail","7":"category-dana-ca","8":"category-ventana-ca","9":"category-infraestructuras-ca","10":"category-la-comarca-ca","11":"category-sin-categorizar-ca","12":"category-la-hoya-ca","13":"category-medio-ambiente-la-comarca-ca","14":"category-seccion-ca","15":"category-sucesos-la-comarca-ca","16":"category-cheste-ca","17":"tag-cheste","18":"tag-dana-2-ca","19":"tag-la-hoya-de-bunol-chiva-ca","20":"tag-sucesos-ca"},"_links":{"self":[{"href":"https:\/\/www.tucomarca.com\/wordpress\/segunda\/ca\/wp-json\/wp\/v2\/posts\/242705","targetHints":{"allow":["GET"]}}],"collection":[{"href":"https:\/\/www.tucomarca.com\/wordpress\/segunda\/ca\/wp-json\/wp\/v2\/posts"}],"about":[{"href":"https:\/\/www.tucomarca.com\/wordpress\/segunda\/ca\/wp-json\/wp\/v2\/types\/post"}],"author":[{"embeddable":true,"href":"https:\/\/www.tucomarca.com\/wordpress\/segunda\/ca\/wp-json\/wp\/v2\/users\/13"}],"replies":[{"embeddable":true,"href":"https:\/\/www.tucomarca.com\/wordpress\/segunda\/ca\/wp-json\/wp\/v2\/comments?post=242705"}],"version-history":[{"count":0,"href":"https:\/\/www.tucomarca.com\/wordpress\/segunda\/ca\/wp-json\/wp\/v2\/posts\/242705\/revisions"}],"wp:featuredmedia":[{"embeddable":true,"href":"https:\/\/www.tucomarca.com\/wordpress\/segunda\/ca\/wp-json\/wp\/v2\/media\/242687"}],"wp:attachment":[{"href":"https:\/\/www.tucomarca.com\/wordpress\/segunda\/ca\/wp-json\/wp\/v2\/media?parent=242705"}],"wp:term":[{"taxonomy":"category","embeddable":true,"href":"https:\/\/www.tucomarca.com\/wordpress\/segunda\/ca\/wp-json\/wp\/v2\/categories?post=242705"},{"taxonomy":"post_tag","embeddable":true,"href":"https:\/\/www.tucomarca.com\/wordpress\/segunda\/ca\/wp-json\/wp\/v2\/tags?post=242705"}],"curies":[{"name":"wp","href":"https:\/\/api.w.org\/{rel}","templated":true}]}}