{"id":242722,"date":"2024-11-01T12:15:00","date_gmt":"2024-11-01T10:15:00","guid":{"rendered":"https:\/\/www.tucomarca.com\/wordpress\/segunda\/?p=242722"},"modified":"2024-11-02T13:10:26","modified_gmt":"2024-11-02T11:10:26","slug":"lajuntament-de-xiva-fa-una-crida-per-a-rebre-ajuda-demergencia-es-necessita-urgentment-aigua-i-menjar","status":"publish","type":"post","link":"https:\/\/www.tucomarca.com\/wordpress\/segunda\/ca\/lajuntament-de-xiva-fa-una-crida-per-a-rebre-ajuda-demergencia-es-necessita-urgentment-aigua-i-menjar\/","title":{"rendered":"L&#8217;Ajuntament de Xiva fa una crida per a rebre ajuda d&#8217;emerg\u00e8ncia: es necessita urgentment aigua i menjar"},"content":{"rendered":"\n<p>L&#8217;Ajuntament de Xiva fa una crida urgent perqu\u00e8 la poblaci\u00f3 reba ajuda. Es necessita aigua i menjar per a proveir als ve\u00efns perqu\u00e8 a la localitat no ha arribat encara assist\u00e8ncia de cap mena i no hi ha cobertura telef\u00f2nica en el terme municipal. En l&#8217;edifici de l&#8217;Ajuntament es rebr\u00e0 menjar i aigua per a repartir-la als ve\u00efns.<br>En aquest moment s&#8217;han confirmat set morts i hi ha un nombre indeterminat de persones desaparegudes, que la Gu\u00e0rdia Civil encara est\u00e0 acarant i comptabilitzant. Els seus agents estan treballant en la localitzaci\u00f3 de possibles v\u00edctimes. La situaci\u00f3 \u00e9s d&#8217;extrema gravetat a Xiva, especialment a les urbanitzacions allunyades del nucli urb\u00e0, on encara no han pogut accedir els serveis municipals i tampoc la Policia ni la Gu\u00e0rdia Civil. All\u00ed estan incomunicats, sense aigua ni subministrament el\u00e8ctric. L&#8217;UME ha actuat en l&#8217;A3 en el terme municipal per\u00f2 no ha accedit als nuclis de poblaci\u00f3. En els nuclis disseminats han desaparegut cases senceres, algunes d&#8217;elles habitades. L&#8217;Ajuntament treballa per a recaptar tota la informaci\u00f3 possible sobre la situaci\u00f3 de les urbanitzacions.<br>L&#8217;Ajuntament sol\u00b7licita tamb\u00e9 ajuda de serveis m\u00e8dics i psicol\u00f2gics per a atendre la poblaci\u00f3. Fa falta combustible i mec\u00e0nics per a poder reparar la maquin\u00e0ria pesant que s&#8217;ha desbaratat i que \u00e9s precisa per a escometre tares de neteja. Una altra de les emerg\u00e8ncies \u00e9s reparar el pou de la Solana podr\u00e0 que puga tornar a posar-se en funcionament.<\/p>\n\n\n\n<figure class=\"wp-block-image size-large\"><img loading=\"lazy\" decoding=\"async\" width=\"576\" height=\"1024\" src=\"http:\/\/www.tucomarca.com\/wordpress\/segunda\/wp-content\/uploads\/2024\/11\/11124Chiva-576x1024.jpeg\" alt=\"\" class=\"wp-image-242717\" srcset=\"https:\/\/www.tucomarca.com\/wordpress\/segunda\/wp-content\/uploads\/2024\/11\/11124Chiva-576x1024.jpeg 576w, https:\/\/www.tucomarca.com\/wordpress\/segunda\/wp-content\/uploads\/2024\/11\/11124Chiva-169x300.jpeg 169w, https:\/\/www.tucomarca.com\/wordpress\/segunda\/wp-content\/uploads\/2024\/11\/11124Chiva-768x1365.jpeg 768w, https:\/\/www.tucomarca.com\/wordpress\/segunda\/wp-content\/uploads\/2024\/11\/11124Chiva-864x1536.jpeg 864w, https:\/\/www.tucomarca.com\/wordpress\/segunda\/wp-content\/uploads\/2024\/11\/11124Chiva.jpeg 900w\" sizes=\"auto, (max-width: 576px) 100vw, 576px\" \/><\/figure>\n","protected":false},"excerpt":{"rendered":"<div class=\"mh-excerpt\">L&#8217;Ajuntament de Xiva fa una crida urgent perqu\u00e8 la poblaci\u00f3 reba ajuda. Es necessita aigua i menjar per a proveir als ve\u00efns perqu\u00e8 a la localitat no ha arribat encara assist\u00e8ncia de cap mena i <a class=\"mh-excerpt-more\" href=\"https:\/\/www.tucomarca.com\/wordpress\/segunda\/ca\/lajuntament-de-xiva-fa-una-crida-per-a-rebre-ajuda-demergencia-es-necessita-urgentment-aigua-i-menjar\/\" title=\"L&#8217;Ajuntament de Xiva fa una crida per a rebre ajuda d&#8217;emerg\u00e8ncia: es necessita urgentment aigua i menjar\">[+] <\/a><\/div>\n","protected":false},"author":12,"featured_media":242716,"comment_status":"open","ping_status":"open","sticky":false,"template":"","format":"standard","meta":{"footnotes":""},"categories":[21466,10898,10948,10894,10904,10912,10947,10896,10897,10975],"tags":[11195,15409,17657,10914],"class_list":{"0":"post-242722","1":"post","2":"type-post","3":"status-publish","4":"format-standard","5":"has-post-thumbnail","7":"category-dana-ca","8":"category-ventana-ca","9":"category-infraestructuras-ca","10":"category-la-comarca-ca","11":"category-sin-categorizar-ca","12":"category-la-hoya-ca","13":"category-politica","14":"category-seccion-ca","15":"category-sucesos-la-comarca-ca","16":"category-chiva-ca","17":"tag-chiva-ca","18":"tag-dana-2-ca","19":"tag-emergencia-ca","20":"tag-la-hoya-de-bunol-chiva-ca"},"_links":{"self":[{"href":"https:\/\/www.tucomarca.com\/wordpress\/segunda\/ca\/wp-json\/wp\/v2\/posts\/242722","targetHints":{"allow":["GET"]}}],"collection":[{"href":"https:\/\/www.tucomarca.com\/wordpress\/segunda\/ca\/wp-json\/wp\/v2\/posts"}],"about":[{"href":"https:\/\/www.tucomarca.com\/wordpress\/segunda\/ca\/wp-json\/wp\/v2\/types\/post"}],"author":[{"embeddable":true,"href":"https:\/\/www.tucomarca.com\/wordpress\/segunda\/ca\/wp-json\/wp\/v2\/users\/12"}],"replies":[{"embeddable":true,"href":"https:\/\/www.tucomarca.com\/wordpress\/segunda\/ca\/wp-json\/wp\/v2\/comments?post=242722"}],"version-history":[{"count":0,"href":"https:\/\/www.tucomarca.com\/wordpress\/segunda\/ca\/wp-json\/wp\/v2\/posts\/242722\/revisions"}],"wp:featuredmedia":[{"embeddable":true,"href":"https:\/\/www.tucomarca.com\/wordpress\/segunda\/ca\/wp-json\/wp\/v2\/media\/242716"}],"wp:attachment":[{"href":"https:\/\/www.tucomarca.com\/wordpress\/segunda\/ca\/wp-json\/wp\/v2\/media?parent=242722"}],"wp:term":[{"taxonomy":"category","embeddable":true,"href":"https:\/\/www.tucomarca.com\/wordpress\/segunda\/ca\/wp-json\/wp\/v2\/categories?post=242722"},{"taxonomy":"post_tag","embeddable":true,"href":"https:\/\/www.tucomarca.com\/wordpress\/segunda\/ca\/wp-json\/wp\/v2\/tags?post=242722"}],"curies":[{"name":"wp","href":"https:\/\/api.w.org\/{rel}","templated":true}]}}