{"id":242752,"date":"2024-11-01T09:10:00","date_gmt":"2024-11-01T07:10:00","guid":{"rendered":"https:\/\/www.tucomarca.com\/wordpress\/segunda\/?p=242752"},"modified":"2024-11-01T20:35:38","modified_gmt":"2024-11-01T18:35:38","slug":"la-generalitat-posa-en-marxa-un-centre-de-coordinacio-de-voluntariat-per-a-canalitzar-les-iniciatives-solidaries-de-la-ciutadania","status":"publish","type":"post","link":"https:\/\/www.tucomarca.com\/wordpress\/segunda\/ca\/la-generalitat-posa-en-marxa-un-centre-de-coordinacio-de-voluntariat-per-a-canalitzar-les-iniciatives-solidaries-de-la-ciutadania\/","title":{"rendered":"La Generalitat posa en marxa un centre de coordinaci\u00f3 de voluntariat per a canalitzar les iniciatives solid\u00e0ries de la ciutadania"},"content":{"rendered":"\n<p>La Generalitat posa en marxa, a partir de les 7 del mat\u00ed del dissabte 2 de novembre, el centre de coordinaci\u00f3 de voluntariat, en col\u00b7laboraci\u00f3 amb la Plataforma del Voluntariat de la Comunitat Valenciana, davant la gran quantitat de persones que estan oferint la seua ajuda per a col\u00b7laborar en les tasques de neteja i log\u00edstica de les zones afectades per la DANA.<\/p>\n\n\n\n<p>El centre s&#8217;activar\u00e0 a partir de les 7 del mat\u00ed i estar\u00e0 situat en el Museu Pr\u00edncep Felip de la Ciutat de les Arts i les Ci\u00e8ncies de Val\u00e8ncia, amb la finalitat de rebre a totes les persones volunt\u00e0ries, organitzar-les en equips de treball, de manera ordenada i eficient, i traslladar-les adequadament amb autob\u00fas i amb total seguretat a les zones on es necessita ajuda, indicades pel Centre de Coordinaci\u00f3 Operativa Integrat (Cecopi).<\/p>\n\n\n\n<p>S&#8217;insta les persones que vagen a acudir al fet que ho facen de manera gradual durant el mat\u00ed, amb la finalitat de poder gestionar l&#8217;organitzaci\u00f3 i el trasllat de la manera m\u00e9s eficient possible i realitzar els despla\u00e7aments de manera escalonada.<\/p>\n\n\n\n<p>Aix\u00ed mateix, cal assenyalar la necessitat que acudisquen equipats tenint en compte les condicions en qu\u00e8 es troben les zones a les quals es dirigeixen.<\/p>\n\n\n\n<p>La Generalitat tamb\u00e9 ha posat en marxa la web somsolidaritat.gva.es, a trav\u00e9s de la qual tamb\u00e9 es pret\u00e9n canalitzar l&#8217;oferiment del voluntariat en la zona afectada. A m\u00e9s d&#8217;aquesta p\u00e0gina web, es disposa de cinc n\u00fameros de tel\u00e8fon amb els quals es pot vehicular la sol\u00b7licitud i l&#8217;enviament d&#8217;ajudes, via WhatsApp.<\/p>\n\n\n\n<p>Es tracta dels n\u00fameros:<br>\u2022 Utiel: 659289726<br>\u2022 Horta Sud: 682177249<br>\u2022 Ribera: 619975059<br>\u2022 Foia: 690027099<br>\u2022 Castell\u00f3: 679161664<\/p>\n\n\n\n<p>D&#8217;aquesta manera, es pret\u00e9n canalitzar la solidaritat de la poblaci\u00f3 al mateix temps que s&#8217;evita despla\u00e7aments, especialment de vehicles particulars, que poden arribar a col\u00b7lapsar les vies d&#8217;acc\u00e9s i impedir el pas dels serveis d&#8217;emerg\u00e8ncies.<\/p>\n","protected":false},"excerpt":{"rendered":"<div class=\"mh-excerpt\">La Generalitat posa en marxa, a partir de les 7 del mat\u00ed del dissabte 2 de novembre, el centre de coordinaci\u00f3 de voluntariat, en col\u00b7laboraci\u00f3 amb la Plataforma del Voluntariat de la Comunitat Valenciana, davant <a class=\"mh-excerpt-more\" href=\"https:\/\/www.tucomarca.com\/wordpress\/segunda\/ca\/la-generalitat-posa-en-marxa-un-centre-de-coordinacio-de-voluntariat-per-a-canalitzar-les-iniciatives-solidaries-de-la-ciutadania\/\" title=\"La Generalitat posa en marxa un centre de coordinaci\u00f3 de voluntariat per a canalitzar les iniciatives solid\u00e0ries de la ciutadania\">[+] <\/a><\/div>\n","protected":false},"author":1,"featured_media":242751,"comment_status":"open","ping_status":"open","sticky":false,"template":"","format":"standard","meta":{"footnotes":""},"categories":[11010,21466,10898,10948,10894,10904,10903,10947,10896,10897],"tags":[15409,11498,11199],"class_list":{"0":"post-242752","1":"post","2":"type-post","3":"status-publish","4":"format-standard","5":"has-post-thumbnail","7":"category-canal-salud","8":"category-dana-ca","9":"category-ventana-ca","10":"category-infraestructuras-ca","11":"category-la-comarca-ca","12":"category-sin-categorizar-ca","13":"category-medio-ambiente-la-comarca-ca","14":"category-politica","15":"category-seccion-ca","16":"category-sucesos-la-comarca-ca","17":"tag-dana-2-ca","18":"tag-generalitat-valenciana-ca","19":"tag-la-comunitat-ca"},"_links":{"self":[{"href":"https:\/\/www.tucomarca.com\/wordpress\/segunda\/ca\/wp-json\/wp\/v2\/posts\/242752","targetHints":{"allow":["GET"]}}],"collection":[{"href":"https:\/\/www.tucomarca.com\/wordpress\/segunda\/ca\/wp-json\/wp\/v2\/posts"}],"about":[{"href":"https:\/\/www.tucomarca.com\/wordpress\/segunda\/ca\/wp-json\/wp\/v2\/types\/post"}],"author":[{"embeddable":true,"href":"https:\/\/www.tucomarca.com\/wordpress\/segunda\/ca\/wp-json\/wp\/v2\/users\/1"}],"replies":[{"embeddable":true,"href":"https:\/\/www.tucomarca.com\/wordpress\/segunda\/ca\/wp-json\/wp\/v2\/comments?post=242752"}],"version-history":[{"count":0,"href":"https:\/\/www.tucomarca.com\/wordpress\/segunda\/ca\/wp-json\/wp\/v2\/posts\/242752\/revisions"}],"wp:featuredmedia":[{"embeddable":true,"href":"https:\/\/www.tucomarca.com\/wordpress\/segunda\/ca\/wp-json\/wp\/v2\/media\/242751"}],"wp:attachment":[{"href":"https:\/\/www.tucomarca.com\/wordpress\/segunda\/ca\/wp-json\/wp\/v2\/media?parent=242752"}],"wp:term":[{"taxonomy":"category","embeddable":true,"href":"https:\/\/www.tucomarca.com\/wordpress\/segunda\/ca\/wp-json\/wp\/v2\/categories?post=242752"},{"taxonomy":"post_tag","embeddable":true,"href":"https:\/\/www.tucomarca.com\/wordpress\/segunda\/ca\/wp-json\/wp\/v2\/tags?post=242752"}],"curies":[{"name":"wp","href":"https:\/\/api.w.org\/{rel}","templated":true}]}}