{"id":242812,"date":"2024-11-01T10:00:00","date_gmt":"2024-11-01T08:00:00","guid":{"rendered":"https:\/\/www.tucomarca.com\/wordpress\/segunda\/?p=242812"},"modified":"2024-11-01T22:35:45","modified_gmt":"2024-11-01T20:35:45","slug":"les-pluges-provoquen-la-solsida-de-part-de-la-facana-de-lesglesia-medieval-del-castell-de-bunyol","status":"publish","type":"post","link":"https:\/\/www.tucomarca.com\/wordpress\/segunda\/ca\/les-pluges-provoquen-la-solsida-de-part-de-la-facana-de-lesglesia-medieval-del-castell-de-bunyol\/","title":{"rendered":"Les pluges provoquen la solsida de part de la fa\u00e7ana de l&#8217;esgl\u00e9sia medieval del castell de Bunyol"},"content":{"rendered":"\n<p>Les fortes pluges d&#8217;aquests dies han afectat tamb\u00e9 el patrimoni cultural de la localitat de Bunyol, provocant la solsida de part de la fa\u00e7ana de l&#8217;esgl\u00e9sia medieval del Castell de Bunyol. Un edifici que data d&#8217;\u00e8poca musulmuna, ja que a l&#8217;origen va ser una mesquita musulmana que va ser transformada en esgl\u00e9sia en li segle XIII.<\/p>\n\n\n\n<p>Actualment, l&#8217;esgl\u00e9sia del Castell alberga el Museu d&#8217;Etnologia de la localitat<\/p>\n","protected":false},"excerpt":{"rendered":"<div class=\"mh-excerpt\">Les fortes pluges d&#8217;aquests dies han afectat tamb\u00e9 el patrimoni cultural de la localitat de Bunyol, provocant la solsida de part de la fa\u00e7ana de l&#8217;esgl\u00e9sia medieval del Castell de Bunyol. Un edifici que data <a class=\"mh-excerpt-more\" href=\"https:\/\/www.tucomarca.com\/wordpress\/segunda\/ca\/les-pluges-provoquen-la-solsida-de-part-de-la-facana-de-lesglesia-medieval-del-castell-de-bunyol\/\" title=\"Les pluges provoquen la solsida de part de la fa\u00e7ana de l&#8217;esgl\u00e9sia medieval del castell de Bunyol\">[+] <\/a><\/div>\n","protected":false},"author":13,"featured_media":242691,"comment_status":"open","ping_status":"open","sticky":false,"template":"","format":"standard","meta":{"footnotes":""},"categories":[10911,21466,10898,10948,10894,10904,10912,11007,10896],"tags":[10913,15409,12903,11199,10914],"class_list":{"0":"post-242812","1":"post","2":"type-post","3":"status-publish","4":"format-standard","5":"has-post-thumbnail","7":"category-bunol-ca","8":"category-dana-ca","9":"category-ventana-ca","10":"category-infraestructuras-ca","11":"category-la-comarca-ca","12":"category-sin-categorizar-ca","13":"category-la-hoya-ca","14":"category-ocio-y-cultura-ca","15":"category-seccion-ca","16":"tag-bunol-ca","17":"tag-dana-2-ca","18":"tag-infraestructuras-ca","19":"tag-la-comunitat-ca","20":"tag-la-hoya-de-bunol-chiva-ca"},"_links":{"self":[{"href":"https:\/\/www.tucomarca.com\/wordpress\/segunda\/ca\/wp-json\/wp\/v2\/posts\/242812","targetHints":{"allow":["GET"]}}],"collection":[{"href":"https:\/\/www.tucomarca.com\/wordpress\/segunda\/ca\/wp-json\/wp\/v2\/posts"}],"about":[{"href":"https:\/\/www.tucomarca.com\/wordpress\/segunda\/ca\/wp-json\/wp\/v2\/types\/post"}],"author":[{"embeddable":true,"href":"https:\/\/www.tucomarca.com\/wordpress\/segunda\/ca\/wp-json\/wp\/v2\/users\/13"}],"replies":[{"embeddable":true,"href":"https:\/\/www.tucomarca.com\/wordpress\/segunda\/ca\/wp-json\/wp\/v2\/comments?post=242812"}],"version-history":[{"count":0,"href":"https:\/\/www.tucomarca.com\/wordpress\/segunda\/ca\/wp-json\/wp\/v2\/posts\/242812\/revisions"}],"wp:featuredmedia":[{"embeddable":true,"href":"https:\/\/www.tucomarca.com\/wordpress\/segunda\/ca\/wp-json\/wp\/v2\/media\/242691"}],"wp:attachment":[{"href":"https:\/\/www.tucomarca.com\/wordpress\/segunda\/ca\/wp-json\/wp\/v2\/media?parent=242812"}],"wp:term":[{"taxonomy":"category","embeddable":true,"href":"https:\/\/www.tucomarca.com\/wordpress\/segunda\/ca\/wp-json\/wp\/v2\/categories?post=242812"},{"taxonomy":"post_tag","embeddable":true,"href":"https:\/\/www.tucomarca.com\/wordpress\/segunda\/ca\/wp-json\/wp\/v2\/tags?post=242812"}],"curies":[{"name":"wp","href":"https:\/\/api.w.org\/{rel}","templated":true}]}}