{"id":242903,"date":"2024-11-01T11:47:00","date_gmt":"2024-11-01T09:47:00","guid":{"rendered":"https:\/\/www.tucomarca.com\/wordpress\/segunda\/?p=242903"},"modified":"2024-11-02T00:32:36","modified_gmt":"2024-11-01T22:32:36","slug":"alboraig-mostra-la-seua-cara-mes-solidaria-enviant-a-xiva-dues-furgonetes-amb-aliments-i-aigua","status":"publish","type":"post","link":"https:\/\/www.tucomarca.com\/wordpress\/segunda\/ca\/alboraig-mostra-la-seua-cara-mes-solidaria-enviant-a-xiva-dues-furgonetes-amb-aliments-i-aigua\/","title":{"rendered":"Alboraig mostra la seua cara m\u00e9s solid\u00e0ria enviant a Xiva dues furgonetes amb aliments i aigua"},"content":{"rendered":"\n<p>Jes\u00fas Hig\u00f3n, alcalde d&#8217;Alboraig, ha informat a tucomarca.com sobre l&#8217;impacte de la DANA en el municipi. &#8220;Afortunadament, no hi ha hagut danys personals, per\u00f2 els danys materials han sigut significatius, especialment en la Ruta dels Molins, que va resultar devastada una vegada m\u00e9s. A m\u00e9s, el poliesportiu i la piscina tamb\u00e9 han patit desperfectes, sent el m\u00e9s greu la caiguda del front\u00f3&#8221;.<br>L&#8217;alcalde ha destacdo que &#8220;l&#8217;ajuntament va aconseguir un grup electrogen per a mitigar la situaci\u00f3 dels ve\u00efns, ja que el subministrament el\u00e8ctric es va interrompre el dimarts 29 i no es va restablir fins al dijous a la vesprada. Tamb\u00e9 es van veure afectats la cobertura telef\u00f2nica i la xarxa d&#8217;internet&#8221;.<\/p>\n\n\n\n<p>Tamb\u00e9 Alboraig mostra la seua cara solid\u00e0ria enviant a Xiva dues furgonetes amb aliments i aigua, aix\u00ed com voluntaris per a ajudar ajudar a la poblaci\u00f3 ve\u00efna.<\/p>\n","protected":false},"excerpt":{"rendered":"<div class=\"mh-excerpt\">Jes\u00fas Hig\u00f3n, alcalde d&#8217;Alboraig, ha informat a tucomarca.com sobre l&#8217;impacte de la DANA en el municipi. &#8220;Afortunadament, no hi ha hagut danys personals, per\u00f2 els danys materials han sigut significatius, especialment en la Ruta dels <a class=\"mh-excerpt-more\" href=\"https:\/\/www.tucomarca.com\/wordpress\/segunda\/ca\/alboraig-mostra-la-seua-cara-mes-solidaria-enviant-a-xiva-dues-furgonetes-amb-aliments-i-aigua\/\" title=\"Alboraig mostra la seua cara m\u00e9s solid\u00e0ria enviant a Xiva dues furgonetes amb aliments i aigua\">[+] <\/a><\/div>\n","protected":false},"author":12,"featured_media":242909,"comment_status":"open","ping_status":"open","sticky":false,"template":"","format":"standard","meta":{"footnotes":""},"categories":[10973,21466,10898,10948,10894,10904,10912,10903,10947,10896],"tags":[11224,16483,15409,12903,11199],"class_list":{"0":"post-242903","1":"post","2":"type-post","3":"status-publish","4":"format-standard","5":"has-post-thumbnail","7":"category-alborache-ca","8":"category-dana-ca","9":"category-ventana-ca","10":"category-infraestructuras-ca","11":"category-la-comarca-ca","12":"category-sin-categorizar-ca","13":"category-la-hoya-ca","14":"category-medio-ambiente-la-comarca-ca","15":"category-politica","16":"category-seccion-ca","17":"tag-alborache-ca","18":"tag-ayuda-ca","19":"tag-dana-2-ca","20":"tag-infraestructuras-ca","21":"tag-la-comunitat-ca"},"_links":{"self":[{"href":"https:\/\/www.tucomarca.com\/wordpress\/segunda\/ca\/wp-json\/wp\/v2\/posts\/242903","targetHints":{"allow":["GET"]}}],"collection":[{"href":"https:\/\/www.tucomarca.com\/wordpress\/segunda\/ca\/wp-json\/wp\/v2\/posts"}],"about":[{"href":"https:\/\/www.tucomarca.com\/wordpress\/segunda\/ca\/wp-json\/wp\/v2\/types\/post"}],"author":[{"embeddable":true,"href":"https:\/\/www.tucomarca.com\/wordpress\/segunda\/ca\/wp-json\/wp\/v2\/users\/12"}],"replies":[{"embeddable":true,"href":"https:\/\/www.tucomarca.com\/wordpress\/segunda\/ca\/wp-json\/wp\/v2\/comments?post=242903"}],"version-history":[{"count":0,"href":"https:\/\/www.tucomarca.com\/wordpress\/segunda\/ca\/wp-json\/wp\/v2\/posts\/242903\/revisions"}],"wp:featuredmedia":[{"embeddable":true,"href":"https:\/\/www.tucomarca.com\/wordpress\/segunda\/ca\/wp-json\/wp\/v2\/media\/242909"}],"wp:attachment":[{"href":"https:\/\/www.tucomarca.com\/wordpress\/segunda\/ca\/wp-json\/wp\/v2\/media?parent=242903"}],"wp:term":[{"taxonomy":"category","embeddable":true,"href":"https:\/\/www.tucomarca.com\/wordpress\/segunda\/ca\/wp-json\/wp\/v2\/categories?post=242903"},{"taxonomy":"post_tag","embeddable":true,"href":"https:\/\/www.tucomarca.com\/wordpress\/segunda\/ca\/wp-json\/wp\/v2\/tags?post=242903"}],"curies":[{"name":"wp","href":"https:\/\/api.w.org\/{rel}","templated":true}]}}