{"id":242981,"date":"2024-11-02T09:00:00","date_gmt":"2024-11-02T07:00:00","guid":{"rendered":"https:\/\/www.tucomarca.com\/wordpress\/segunda\/?p=242981"},"modified":"2024-11-02T12:28:12","modified_gmt":"2024-11-02T10:28:12","slug":"la-circulacio-per-les-zones-afectades-per-la-inundacio-es-limita-durant-el-cap-de-setmana-per-a-facilitar-els-treballs-demergencia","status":"publish","type":"post","link":"https:\/\/www.tucomarca.com\/wordpress\/segunda\/ca\/la-circulacio-per-les-zones-afectades-per-la-inundacio-es-limita-durant-el-cap-de-setmana-per-a-facilitar-els-treballs-demergencia\/","title":{"rendered":"La circulaci\u00f3 per les zones afectades per la inundaci\u00f3 es limita durant el cap de setmana per a facilitar els treballs d&#8217;emerg\u00e8ncia"},"content":{"rendered":"\n<h3 class=\"wp-block-heading\">El CECOPI acorda per unanimitat aquestes restriccions en les vies de titularitat estatal V-31, V-30 i en les auton\u00f2miques CV-33, CV-36, CV-366, CV-400, CV403, CV-407 i CV-410.<\/h3>\n\n\n\n<h3 class=\"wp-block-heading\">S&#8217;estableixen excepcions com l&#8217;assist\u00e8ncia a centres, serveis i establiments sanitaris, el compliment d&#8217;obligacions laborals, professionals, empresarials, institucionals o legals, el retorn al lloc de resid\u00e8ncia habitual o familiar, l&#8217;assist\u00e8ncia i cura a persones majors, menors, dependents, persones amb discapacitat o persones especialment vulnerables.<\/h3>\n\n\n\n<p>El Centre de Coordinaci\u00f3 Operatiu Integrat (CECOPI) ha acordat la limitaci\u00f3 de la circulaci\u00f3 en la zona de l&#8217;\u00e0rea metropolitana de Val\u00e8ncia afectada per les inundacions durant tot el cap de setmana amb l&#8217;objectiu de facilitar els treballs d&#8217;emerg\u00e8ncia de les diferents ag\u00e8ncies i cossos desplegats en l&#8217;emerg\u00e8ncia.<\/p>\n\n\n\n<p>Aix\u00ed ho ha confirmat el conseller de Medi Ambient, Infraestructures i Territori, Vicente Mart\u00ednez Mus, despr\u00e9s de la reuni\u00f3 del CECOPI en el qual s&#8217;ha acordat aquesta mesura per unanimitat. Les restriccions estaran vigents des de les 00.00 del dissabte 2 de novembre i fins a les 23.59 del diumenge 3 de novembre despr\u00e9s de la publicaci\u00f3 de l&#8217;ordre en el Diari Oficial de la Generalitat Valenciana (DOGV).<\/p>\n\n\n\n<p>Mart\u00ednez Mus ha destacat aquestes mesures acordades \u201cs&#8217;han dissenyat per a poder assumir el m\u00e9s r\u00e0pid possible la conservaci\u00f3 i utilitzaci\u00f3 de les vies per a poder ser m\u00e9s efectius i r\u00e0pids en les mesures d&#8217;emerg\u00e8ncia que s&#8217;estan prenent de neteja i retirada de vehicles\u201d.<\/p>\n\n\n\n<p>\u201cL&#8217;ordre consisteix a acordar el cessament amb car\u00e0cter transitori de la mobilitat i restringir-la per a tots els serveis essencials i d&#8217;intervenci\u00f3, aix\u00ed com de totes les empreses responsables de garantir el subministrament dels serveis b\u00e0sics d&#8217;aigua, energia, comunicacions i distribuci\u00f3 d&#8217;aliments\u201d, ha detallat el titular d&#8217;Infraestructures. \u201cDurant tot eixe per\u00edode indicat es restringeix el moviment a qualsevol vehicle de transport excepte excepcions\u201d, ha matisat Mus.<\/p>\n\n\n\n<p>Les restriccions afectaran petici\u00f3 del Govern central a trams de titularitat estatal de la V-31 \u00edntegrament, excepte l&#8217;entrada a la ciutat de Val\u00e8ncia. Tamb\u00e9 -a petici\u00f3 de l&#8217;Executiu- als accessos i eixides als municipis des del quil\u00f2metre 0 (port) de la V-30 al quil\u00f2metre 9 (accessos a l&#8217;A3), tots dos sentits, excepte entrada a la ciutat de Val\u00e8ncia.<\/p>\n\n\n\n<p>A m\u00e9s, el decret contempla altres vies de compet\u00e8ncia auton\u00f2mica, com la CV-33 Albal-Torrent, la CV-36 Val\u00e8ncia- by pass, la CV-366 Acc\u00e9s sud Torrent, la CV-400. Val\u00e8ncia Albal, la CV-403. Xirivella-Torrent, la CV-407 Picanya-Sedav\u00ed, la CV-410 Alaqu\u00e0s- \u201cBonaire\u201d.<\/p>\n\n\n\n<p><strong>Excepcions<\/strong><\/p>\n\n\n\n<p>D&#8217;aquesta manera, en el per\u00edode indicat es restringeix el moviment en qualsevol vehicle de transport en totes aquestes vies per a tots els usuaris excepte els quals complisquen algunes excepcions, com l&#8217;assist\u00e8ncia a centres, serveis i establiments sanitaris, aix\u00ed com el compliment d&#8217;obligacions laborals, professionals, empresarials, institucionals o legals o el retorn al lloc de resid\u00e8ncia habitual o familiar, l&#8217;assist\u00e8ncia i cura a persones majors, menors, dependents, persones amb discapacitat o persones especialment vulnerables.<\/p>\n\n\n\n<p>Tamb\u00e9 per a aquelles actuacions requerides o urgents davant els \u00f2rgans p\u00fablics, judicials o notarials, situacions de necessitat o causa major o una altra activitat d&#8217;an\u00e0loga naturalesa degudament acreditada.<\/p>\n\n\n\n<figure class=\"wp-block-image size-large\"><img loading=\"lazy\" decoding=\"async\" width=\"1024\" height=\"683\" src=\"http:\/\/www.tucomarca.com\/wordpress\/segunda\/wp-content\/uploads\/2024\/11\/VMartinezMus_restricciones-1024x683.jpeg\" alt=\"\" class=\"wp-image-242980\" srcset=\"https:\/\/www.tucomarca.com\/wordpress\/segunda\/wp-content\/uploads\/2024\/11\/VMartinezMus_restricciones-1024x683.jpeg 1024w, https:\/\/www.tucomarca.com\/wordpress\/segunda\/wp-content\/uploads\/2024\/11\/VMartinezMus_restricciones-300x200.jpeg 300w, https:\/\/www.tucomarca.com\/wordpress\/segunda\/wp-content\/uploads\/2024\/11\/VMartinezMus_restricciones-768x512.jpeg 768w, https:\/\/www.tucomarca.com\/wordpress\/segunda\/wp-content\/uploads\/2024\/11\/VMartinezMus_restricciones-1536x1025.jpeg 1536w, https:\/\/www.tucomarca.com\/wordpress\/segunda\/wp-content\/uploads\/2024\/11\/VMartinezMus_restricciones.jpeg 2048w\" sizes=\"auto, (max-width: 1024px) 100vw, 1024px\" \/><\/figure>\n","protected":false},"excerpt":{"rendered":"<div class=\"mh-excerpt\">El CECOPI acorda per unanimitat aquestes restriccions en les vies de titularitat estatal V-31, V-30 i en les auton\u00f2miques CV-33, CV-36, CV-366, CV-400, CV403, CV-407 i CV-410. S&#8217;estableixen excepcions com l&#8217;assist\u00e8ncia a centres, serveis i <a class=\"mh-excerpt-more\" href=\"https:\/\/www.tucomarca.com\/wordpress\/segunda\/ca\/la-circulacio-per-les-zones-afectades-per-la-inundacio-es-limita-durant-el-cap-de-setmana-per-a-facilitar-els-treballs-demergencia\/\" title=\"La circulaci\u00f3 per les zones afectades per la inundaci\u00f3 es limita durant el cap de setmana per a facilitar els treballs d&#8217;emerg\u00e8ncia\">[+] <\/a><\/div>\n","protected":false},"author":12,"featured_media":243006,"comment_status":"open","ping_status":"open","sticky":false,"template":"","format":"standard","meta":{"footnotes":""},"categories":[21466,10898,10948,10894,10904,10947,10896,10897],"tags":[15409,12903,10901],"class_list":{"0":"post-242981","1":"post","2":"type-post","3":"status-publish","4":"format-standard","5":"has-post-thumbnail","7":"category-dana-ca","8":"category-ventana-ca","9":"category-infraestructuras-ca","10":"category-la-comarca-ca","11":"category-sin-categorizar-ca","12":"category-politica","13":"category-seccion-ca","14":"category-sucesos-la-comarca-ca","15":"tag-dana-2-ca","16":"tag-infraestructuras-ca","17":"tag-sucesos-ca"},"_links":{"self":[{"href":"https:\/\/www.tucomarca.com\/wordpress\/segunda\/ca\/wp-json\/wp\/v2\/posts\/242981","targetHints":{"allow":["GET"]}}],"collection":[{"href":"https:\/\/www.tucomarca.com\/wordpress\/segunda\/ca\/wp-json\/wp\/v2\/posts"}],"about":[{"href":"https:\/\/www.tucomarca.com\/wordpress\/segunda\/ca\/wp-json\/wp\/v2\/types\/post"}],"author":[{"embeddable":true,"href":"https:\/\/www.tucomarca.com\/wordpress\/segunda\/ca\/wp-json\/wp\/v2\/users\/12"}],"replies":[{"embeddable":true,"href":"https:\/\/www.tucomarca.com\/wordpress\/segunda\/ca\/wp-json\/wp\/v2\/comments?post=242981"}],"version-history":[{"count":0,"href":"https:\/\/www.tucomarca.com\/wordpress\/segunda\/ca\/wp-json\/wp\/v2\/posts\/242981\/revisions"}],"wp:featuredmedia":[{"embeddable":true,"href":"https:\/\/www.tucomarca.com\/wordpress\/segunda\/ca\/wp-json\/wp\/v2\/media\/243006"}],"wp:attachment":[{"href":"https:\/\/www.tucomarca.com\/wordpress\/segunda\/ca\/wp-json\/wp\/v2\/media?parent=242981"}],"wp:term":[{"taxonomy":"category","embeddable":true,"href":"https:\/\/www.tucomarca.com\/wordpress\/segunda\/ca\/wp-json\/wp\/v2\/categories?post=242981"},{"taxonomy":"post_tag","embeddable":true,"href":"https:\/\/www.tucomarca.com\/wordpress\/segunda\/ca\/wp-json\/wp\/v2\/tags?post=242981"}],"curies":[{"name":"wp","href":"https:\/\/api.w.org\/{rel}","templated":true}]}}