{"id":243102,"date":"2024-11-02T11:00:00","date_gmt":"2024-11-02T09:00:00","guid":{"rendered":"https:\/\/www.tucomarca.com\/wordpress\/segunda\/?p=243102"},"modified":"2024-11-02T21:50:59","modified_gmt":"2024-11-02T19:50:59","slug":"obert-al-transit-lacces-des-de-bunyol-a-la3-direccio-valencia-despres-de-la-retirada-dels-vehicles-i-lalcament-dels-ultims-cadavers-sota-el-viaducte-de-lave","status":"publish","type":"post","link":"https:\/\/www.tucomarca.com\/wordpress\/segunda\/ca\/obert-al-transit-lacces-des-de-bunyol-a-la3-direccio-valencia-despres-de-la-retirada-dels-vehicles-i-lalcament-dels-ultims-cadavers-sota-el-viaducte-de-lave\/","title":{"rendered":"Obert al tr\u00e0nsit l&#8217;acc\u00e9s des de Bunyol a l&#8217;A3 direcci\u00f3 Val\u00e8ncia despr\u00e9s de la retirada dels vehicles i l&#8217;al\u00e7ament dels \u00faltims cad\u00e0vers sota el viaducte de l&#8217;AVE"},"content":{"rendered":"\n<figure class=\"wp-block-gallery has-nested-images columns-2 is-cropped wp-block-gallery-1 is-layout-flex wp-block-gallery-is-layout-flex\">\n<figure class=\"wp-block-image size-large\"><img loading=\"lazy\" decoding=\"async\" width=\"945\" height=\"630\" data-id=\"242967\" src=\"https:\/\/www.tucomarca.com\/wordpress\/segunda\/wp-content\/uploads\/2024\/11\/DanaAutovia22.jpg\" alt=\"\" class=\"wp-image-242967\" srcset=\"https:\/\/www.tucomarca.com\/wordpress\/segunda\/wp-content\/uploads\/2024\/11\/DanaAutovia22.jpg 945w, https:\/\/www.tucomarca.com\/wordpress\/segunda\/wp-content\/uploads\/2024\/11\/DanaAutovia22-300x200.jpg 300w, https:\/\/www.tucomarca.com\/wordpress\/segunda\/wp-content\/uploads\/2024\/11\/DanaAutovia22-768x512.jpg 768w\" sizes=\"auto, (max-width: 945px) 100vw, 945px\" \/><\/figure>\n\n\n\n<figure class=\"wp-block-image size-large\"><img loading=\"lazy\" decoding=\"async\" width=\"945\" height=\"630\" data-id=\"242918\" src=\"https:\/\/www.tucomarca.com\/wordpress\/segunda\/wp-content\/uploads\/2024\/11\/DanaAutovia23.jpg\" alt=\"\" class=\"wp-image-242918\" srcset=\"https:\/\/www.tucomarca.com\/wordpress\/segunda\/wp-content\/uploads\/2024\/11\/DanaAutovia23.jpg 945w, https:\/\/www.tucomarca.com\/wordpress\/segunda\/wp-content\/uploads\/2024\/11\/DanaAutovia23-300x200.jpg 300w, https:\/\/www.tucomarca.com\/wordpress\/segunda\/wp-content\/uploads\/2024\/11\/DanaAutovia23-768x512.jpg 768w\" sizes=\"auto, (max-width: 945px) 100vw, 945px\" \/><\/figure>\n\n\n\n<figure class=\"wp-block-image size-large\"><img loading=\"lazy\" decoding=\"async\" width=\"945\" height=\"630\" data-id=\"242923\" src=\"https:\/\/www.tucomarca.com\/wordpress\/segunda\/wp-content\/uploads\/2024\/11\/DanaAutovia24.jpg\" alt=\"\" class=\"wp-image-242923\" srcset=\"https:\/\/www.tucomarca.com\/wordpress\/segunda\/wp-content\/uploads\/2024\/11\/DanaAutovia24.jpg 945w, https:\/\/www.tucomarca.com\/wordpress\/segunda\/wp-content\/uploads\/2024\/11\/DanaAutovia24-300x200.jpg 300w, https:\/\/www.tucomarca.com\/wordpress\/segunda\/wp-content\/uploads\/2024\/11\/DanaAutovia24-768x512.jpg 768w\" sizes=\"auto, (max-width: 945px) 100vw, 945px\" \/><\/figure>\n<\/figure>\n\n\n\n<p>Aquest divendres s&#8217;ha restablit, encara que amb corts intermitents i molt lentament, la circulaci\u00f3 en la via d&#8217;incorporaci\u00f3 des de la poblaci\u00f3 de Bunyol a l&#8217;Autovia A3 en sentit Val\u00e8ncia; igual que el tram de l&#8217;Autovia entre els termes de Bunyol i Xiva (en la mateixa direcci\u00f3) sota el viaducte de l&#8217;AVE, despr\u00e9s de la retirada de la major part dels vehicles que van quedar atrapats la catastr\u00f2fica i aterridora nit del dimarts en els voltants d&#8217;una zona que es va convertir en un parany mortal per a molts conductors.<\/p>\n\n\n\n<p>La circulaci\u00f3 de vehicles en eixe mateix tram de l&#8217;autovia en direcci\u00f3 Madrid recuperava tamb\u00e9 la normalitat hores abans, despr\u00e9s que ja no quedara cap vehicle sense retirar de la cal\u00e7ada i aquesta quedara pr\u00e0cticament buidada.<\/p>\n\n\n\n<p>No obstant aix\u00f2, la circulaci\u00f3 cap a Val\u00e8ncia encara es realitzava aquest divendres a trav\u00e9s de la via d&#8217;acc\u00e9s a Xiva des de Bunyol, at\u00e9s que l&#8217;A3 seguia sense estar oberta al tr\u00e0nsit a partir del pont existent metres avance de l&#8217;acc\u00e9s en la citada direcci\u00f3.<\/p>\n\n\n\n<figure class=\"wp-block-gallery has-nested-images columns-2 is-cropped wp-block-gallery-2 is-layout-flex wp-block-gallery-is-layout-flex\">\n<figure class=\"wp-block-image size-large\"><img loading=\"lazy\" decoding=\"async\" width=\"945\" height=\"630\" data-id=\"242969\" src=\"https:\/\/www.tucomarca.com\/wordpress\/segunda\/wp-content\/uploads\/2024\/11\/DanaAutovia26.jpg\" alt=\"\" class=\"wp-image-242969\" srcset=\"https:\/\/www.tucomarca.com\/wordpress\/segunda\/wp-content\/uploads\/2024\/11\/DanaAutovia26.jpg 945w, https:\/\/www.tucomarca.com\/wordpress\/segunda\/wp-content\/uploads\/2024\/11\/DanaAutovia26-300x200.jpg 300w, https:\/\/www.tucomarca.com\/wordpress\/segunda\/wp-content\/uploads\/2024\/11\/DanaAutovia26-768x512.jpg 768w\" sizes=\"auto, (max-width: 945px) 100vw, 945px\" \/><\/figure>\n\n\n\n<figure class=\"wp-block-image size-large\"><img loading=\"lazy\" decoding=\"async\" width=\"945\" height=\"630\" data-id=\"242971\" src=\"https:\/\/www.tucomarca.com\/wordpress\/segunda\/wp-content\/uploads\/2024\/11\/DanaAutovia28.jpg\" alt=\"\" class=\"wp-image-242971\" srcset=\"https:\/\/www.tucomarca.com\/wordpress\/segunda\/wp-content\/uploads\/2024\/11\/DanaAutovia28.jpg 945w, https:\/\/www.tucomarca.com\/wordpress\/segunda\/wp-content\/uploads\/2024\/11\/DanaAutovia28-300x200.jpg 300w, https:\/\/www.tucomarca.com\/wordpress\/segunda\/wp-content\/uploads\/2024\/11\/DanaAutovia28-768x512.jpg 768w\" sizes=\"auto, (max-width: 945px) 100vw, 945px\" \/><\/figure>\n\n\n\n<figure class=\"wp-block-image size-large\"><img loading=\"lazy\" decoding=\"async\" width=\"945\" height=\"630\" data-id=\"242973\" src=\"https:\/\/www.tucomarca.com\/wordpress\/segunda\/wp-content\/uploads\/2024\/11\/DanaAutovia29.jpg\" alt=\"\" class=\"wp-image-242973\" srcset=\"https:\/\/www.tucomarca.com\/wordpress\/segunda\/wp-content\/uploads\/2024\/11\/DanaAutovia29.jpg 945w, https:\/\/www.tucomarca.com\/wordpress\/segunda\/wp-content\/uploads\/2024\/11\/DanaAutovia29-300x200.jpg 300w, https:\/\/www.tucomarca.com\/wordpress\/segunda\/wp-content\/uploads\/2024\/11\/DanaAutovia29-768x512.jpg 768w\" sizes=\"auto, (max-width: 945px) 100vw, 945px\" \/><\/figure>\n<\/figure>\n\n\n\n<p><strong>Sense cad\u00e0vers en els vehicles<\/strong><\/p>\n\n\n\n<p>En les tasques de retirada de vehicles i l&#8217;al\u00e7ament a c\u00e0rrec de les autoritats judicials dels cad\u00e0vers (dels quals ja no quedava cap dins dels vehicles al migdia d&#8217;aquest divendres), participaven a m\u00e9s dels equips de neteja, grues, sanitaris i membres de la Gu\u00e0rdia Civil, tamb\u00e9 treballaven efectius de la Unitat Militar d&#8217;Emerg\u00e8ncies (UME) retirant amb maquin\u00e0ria pesada els cotxes, furgonetes i camions per a anar buidant la zona al tr\u00e0nsit.<\/p>\n\n\n\n<figure class=\"wp-block-gallery has-nested-images columns-2 is-cropped wp-block-gallery-3 is-layout-flex wp-block-gallery-is-layout-flex\">\n<figure class=\"wp-block-image size-large\"><img loading=\"lazy\" decoding=\"async\" width=\"945\" height=\"630\" data-id=\"242957\" src=\"https:\/\/www.tucomarca.com\/wordpress\/segunda\/wp-content\/uploads\/2024\/11\/DanaAutovia10.jpg\" alt=\"\" class=\"wp-image-242957\" srcset=\"https:\/\/www.tucomarca.com\/wordpress\/segunda\/wp-content\/uploads\/2024\/11\/DanaAutovia10.jpg 945w, https:\/\/www.tucomarca.com\/wordpress\/segunda\/wp-content\/uploads\/2024\/11\/DanaAutovia10-300x200.jpg 300w, https:\/\/www.tucomarca.com\/wordpress\/segunda\/wp-content\/uploads\/2024\/11\/DanaAutovia10-768x512.jpg 768w\" sizes=\"auto, (max-width: 945px) 100vw, 945px\" \/><\/figure>\n\n\n\n<figure class=\"wp-block-image size-large\"><img loading=\"lazy\" decoding=\"async\" width=\"945\" height=\"630\" data-id=\"242965\" src=\"https:\/\/www.tucomarca.com\/wordpress\/segunda\/wp-content\/uploads\/2024\/11\/DanaAutovia21.jpg\" alt=\"\" class=\"wp-image-242965\" srcset=\"https:\/\/www.tucomarca.com\/wordpress\/segunda\/wp-content\/uploads\/2024\/11\/DanaAutovia21.jpg 945w, https:\/\/www.tucomarca.com\/wordpress\/segunda\/wp-content\/uploads\/2024\/11\/DanaAutovia21-300x200.jpg 300w, https:\/\/www.tucomarca.com\/wordpress\/segunda\/wp-content\/uploads\/2024\/11\/DanaAutovia21-768x512.jpg 768w\" sizes=\"auto, (max-width: 945px) 100vw, 945px\" \/><\/figure>\n\n\n\n<figure class=\"wp-block-image size-large\"><img loading=\"lazy\" decoding=\"async\" width=\"945\" height=\"630\" data-id=\"242953\" src=\"https:\/\/www.tucomarca.com\/wordpress\/segunda\/wp-content\/uploads\/2024\/11\/DanaAutovia06.jpg\" alt=\"\" class=\"wp-image-242953\" srcset=\"https:\/\/www.tucomarca.com\/wordpress\/segunda\/wp-content\/uploads\/2024\/11\/DanaAutovia06.jpg 945w, https:\/\/www.tucomarca.com\/wordpress\/segunda\/wp-content\/uploads\/2024\/11\/DanaAutovia06-300x200.jpg 300w, https:\/\/www.tucomarca.com\/wordpress\/segunda\/wp-content\/uploads\/2024\/11\/DanaAutovia06-768x512.jpg 768w\" sizes=\"auto, (max-width: 945px) 100vw, 945px\" \/><\/figure>\n\n\n\n<figure class=\"wp-block-image size-large\"><img loading=\"lazy\" decoding=\"async\" width=\"1024\" height=\"683\" data-id=\"242925\" src=\"https:\/\/www.tucomarca.com\/wordpress\/segunda\/wp-content\/uploads\/2024\/11\/DanaAutovia02-1024x683.jpg\" alt=\"\" class=\"wp-image-242925\" srcset=\"https:\/\/www.tucomarca.com\/wordpress\/segunda\/wp-content\/uploads\/2024\/11\/DanaAutovia02-1024x683.jpg 1024w, https:\/\/www.tucomarca.com\/wordpress\/segunda\/wp-content\/uploads\/2024\/11\/DanaAutovia02-300x200.jpg 300w, https:\/\/www.tucomarca.com\/wordpress\/segunda\/wp-content\/uploads\/2024\/11\/DanaAutovia02-768x512.jpg 768w, https:\/\/www.tucomarca.com\/wordpress\/segunda\/wp-content\/uploads\/2024\/11\/DanaAutovia02.jpg 1181w\" sizes=\"auto, (max-width: 1024px) 100vw, 1024px\" \/><\/figure>\n<\/figure>\n\n\n\n<p><strong>Cerca de restes<\/strong><\/p>\n\n\n\n<p>Encara que l&#8217;\u00faltim dels cad\u00e0vers hayado en els vehicles va ser al\u00e7at per les autoritats judicials passades les dotze del migdia, a eixes hores encara quedaven m\u00e9s d&#8217;una desena de vehicles en les andanes de la carretera a l&#8217;espera de ser retirats per les grues. No obstant aix\u00f2, les unitats de rescat i cerca canina de la UME seguien la seua labor de cerca de possibles restes humanes que no hagueren sigut localitzats dins dels seus vehicles en ser arrossegats pel torrent.<\/p>\n\n\n\n<figure class=\"wp-block-gallery has-nested-images columns-2 is-cropped wp-block-gallery-4 is-layout-flex wp-block-gallery-is-layout-flex\">\n<figure class=\"wp-block-image size-large\"><img loading=\"lazy\" decoding=\"async\" width=\"945\" height=\"630\" data-id=\"242961\" src=\"https:\/\/www.tucomarca.com\/wordpress\/segunda\/wp-content\/uploads\/2024\/11\/DanaAutovia14.jpg\" alt=\"\" class=\"wp-image-242961\" srcset=\"https:\/\/www.tucomarca.com\/wordpress\/segunda\/wp-content\/uploads\/2024\/11\/DanaAutovia14.jpg 945w, https:\/\/www.tucomarca.com\/wordpress\/segunda\/wp-content\/uploads\/2024\/11\/DanaAutovia14-300x200.jpg 300w, https:\/\/www.tucomarca.com\/wordpress\/segunda\/wp-content\/uploads\/2024\/11\/DanaAutovia14-768x512.jpg 768w\" sizes=\"auto, (max-width: 945px) 100vw, 945px\" \/><\/figure>\n\n\n\n<figure class=\"wp-block-image size-large\"><img loading=\"lazy\" decoding=\"async\" width=\"1024\" height=\"683\" data-id=\"242834\" src=\"https:\/\/www.tucomarca.com\/wordpress\/segunda\/wp-content\/uploads\/2024\/11\/DanaBusquedaRestos-1024x683.jpg\" alt=\"\" class=\"wp-image-242834\" srcset=\"https:\/\/www.tucomarca.com\/wordpress\/segunda\/wp-content\/uploads\/2024\/11\/DanaBusquedaRestos-1024x683.jpg 1024w, https:\/\/www.tucomarca.com\/wordpress\/segunda\/wp-content\/uploads\/2024\/11\/DanaBusquedaRestos-300x200.jpg 300w, https:\/\/www.tucomarca.com\/wordpress\/segunda\/wp-content\/uploads\/2024\/11\/DanaBusquedaRestos-768x512.jpg 768w, https:\/\/www.tucomarca.com\/wordpress\/segunda\/wp-content\/uploads\/2024\/11\/DanaBusquedaRestos.jpg 1181w\" sizes=\"auto, (max-width: 1024px) 100vw, 1024px\" \/><\/figure>\n\n\n\n<figure class=\"wp-block-image size-large\"><img loading=\"lazy\" decoding=\"async\" width=\"945\" height=\"630\" data-id=\"242963\" src=\"https:\/\/www.tucomarca.com\/wordpress\/segunda\/wp-content\/uploads\/2024\/11\/DanaAutovia15.jpg\" alt=\"\" class=\"wp-image-242963\" srcset=\"https:\/\/www.tucomarca.com\/wordpress\/segunda\/wp-content\/uploads\/2024\/11\/DanaAutovia15.jpg 945w, https:\/\/www.tucomarca.com\/wordpress\/segunda\/wp-content\/uploads\/2024\/11\/DanaAutovia15-300x200.jpg 300w, https:\/\/www.tucomarca.com\/wordpress\/segunda\/wp-content\/uploads\/2024\/11\/DanaAutovia15-768x512.jpg 768w\" sizes=\"auto, (max-width: 945px) 100vw, 945px\" \/><\/figure>\n<\/figure>\n\n\n\n<p><strong>La ratera de l&#8217;AVE<\/strong><\/p>\n\n\n\n<p>El pas inferior sobre la via de l&#8217;AVE ha sigut una de les zones en la qual major sinistres de vehicles es van registrar, una aut\u00e8ntica ratera en la qual es van veure atrapats centenars de vehicles, igual que la zona que creua el barranc del Pedr\u00eds entre Xiva i Xest aig\u00fces avall, prop de l&#8217;acc\u00e9s a l&#8217;AP-7, on aquest divendres encara continuaven molts vehicles per retirar pel que s&#8217;havia habilitat carrils amb cons en els trams buidats.<\/p>\n\n\n\n<figure class=\"wp-block-gallery has-nested-images columns-2 is-cropped wp-block-gallery-5 is-layout-flex wp-block-gallery-is-layout-flex\">\n<figure class=\"wp-block-image size-large\"><img loading=\"lazy\" decoding=\"async\" width=\"945\" height=\"630\" data-id=\"242939\" src=\"https:\/\/www.tucomarca.com\/wordpress\/segunda\/wp-content\/uploads\/2024\/11\/DanaAutovia18.jpg\" alt=\"\" class=\"wp-image-242939\" srcset=\"https:\/\/www.tucomarca.com\/wordpress\/segunda\/wp-content\/uploads\/2024\/11\/DanaAutovia18.jpg 945w, https:\/\/www.tucomarca.com\/wordpress\/segunda\/wp-content\/uploads\/2024\/11\/DanaAutovia18-300x200.jpg 300w, https:\/\/www.tucomarca.com\/wordpress\/segunda\/wp-content\/uploads\/2024\/11\/DanaAutovia18-768x512.jpg 768w\" sizes=\"auto, (max-width: 945px) 100vw, 945px\" \/><\/figure>\n\n\n\n<figure class=\"wp-block-image size-large\"><img loading=\"lazy\" decoding=\"async\" width=\"945\" height=\"630\" data-id=\"242937\" src=\"https:\/\/www.tucomarca.com\/wordpress\/segunda\/wp-content\/uploads\/2024\/11\/DanaAutovia09.jpg\" alt=\"\" class=\"wp-image-242937\" srcset=\"https:\/\/www.tucomarca.com\/wordpress\/segunda\/wp-content\/uploads\/2024\/11\/DanaAutovia09.jpg 945w, https:\/\/www.tucomarca.com\/wordpress\/segunda\/wp-content\/uploads\/2024\/11\/DanaAutovia09-300x200.jpg 300w, https:\/\/www.tucomarca.com\/wordpress\/segunda\/wp-content\/uploads\/2024\/11\/DanaAutovia09-768x512.jpg 768w\" sizes=\"auto, (max-width: 945px) 100vw, 945px\" \/><\/figure>\n\n\n\n<figure class=\"wp-block-image size-large\"><img loading=\"lazy\" decoding=\"async\" width=\"1024\" height=\"683\" data-id=\"242931\" src=\"https:\/\/www.tucomarca.com\/wordpress\/segunda\/wp-content\/uploads\/2024\/11\/DanaAutovia01-1024x683.jpg\" alt=\"\" class=\"wp-image-242931\" srcset=\"https:\/\/www.tucomarca.com\/wordpress\/segunda\/wp-content\/uploads\/2024\/11\/DanaAutovia01-1024x683.jpg 1024w, https:\/\/www.tucomarca.com\/wordpress\/segunda\/wp-content\/uploads\/2024\/11\/DanaAutovia01-300x200.jpg 300w, https:\/\/www.tucomarca.com\/wordpress\/segunda\/wp-content\/uploads\/2024\/11\/DanaAutovia01-768x512.jpg 768w, https:\/\/www.tucomarca.com\/wordpress\/segunda\/wp-content\/uploads\/2024\/11\/DanaAutovia01.jpg 1181w\" sizes=\"auto, (max-width: 1024px) 100vw, 1024px\" \/><\/figure>\n\n\n\n<figure class=\"wp-block-image size-large\"><img loading=\"lazy\" decoding=\"async\" width=\"945\" height=\"630\" data-id=\"242941\" src=\"https:\/\/www.tucomarca.com\/wordpress\/segunda\/wp-content\/uploads\/2024\/11\/DanaAutovia20.jpg\" alt=\"\" class=\"wp-image-242941\" srcset=\"https:\/\/www.tucomarca.com\/wordpress\/segunda\/wp-content\/uploads\/2024\/11\/DanaAutovia20.jpg 945w, https:\/\/www.tucomarca.com\/wordpress\/segunda\/wp-content\/uploads\/2024\/11\/DanaAutovia20-300x200.jpg 300w, https:\/\/www.tucomarca.com\/wordpress\/segunda\/wp-content\/uploads\/2024\/11\/DanaAutovia20-768x512.jpg 768w\" sizes=\"auto, (max-width: 945px) 100vw, 945px\" \/><\/figure>\n\n\n\n<figure class=\"wp-block-image size-large\"><img loading=\"lazy\" decoding=\"async\" width=\"945\" height=\"630\" data-id=\"242947\" src=\"https:\/\/www.tucomarca.com\/wordpress\/segunda\/wp-content\/uploads\/2024\/11\/DanaAutovia12.jpg\" alt=\"\" class=\"wp-image-242947\" srcset=\"https:\/\/www.tucomarca.com\/wordpress\/segunda\/wp-content\/uploads\/2024\/11\/DanaAutovia12.jpg 945w, https:\/\/www.tucomarca.com\/wordpress\/segunda\/wp-content\/uploads\/2024\/11\/DanaAutovia12-300x200.jpg 300w, https:\/\/www.tucomarca.com\/wordpress\/segunda\/wp-content\/uploads\/2024\/11\/DanaAutovia12-768x512.jpg 768w\" sizes=\"auto, (max-width: 945px) 100vw, 945px\" \/><\/figure>\n<\/figure>\n\n\n\n<p>Tots dos trams es van convertir la tarde-nit del dimarts en una esgarrifosa pasterada de cotxes, fang, aigua i persones mortes, on centenars de vehicles es van veure sorpresos per l&#8217;aiguat que des del barranc del Gall va irrompre en l&#8217;Autovia i es va emportar per davant a vehicles i conductors i on encara hui es podien veure troncs de grans dimensions i m\u00e9s de mig metre de terra que va ser arrossegada per l&#8217;inimaginable corrent de la riuada que va convertir eixe tram de l&#8217;Autovia en un infern.<\/p>\n\n\n\n<figure class=\"wp-block-gallery has-nested-images columns-2 is-cropped wp-block-gallery-6 is-layout-flex wp-block-gallery-is-layout-flex\">\n<figure class=\"wp-block-image size-large\"><img loading=\"lazy\" decoding=\"async\" width=\"945\" height=\"630\" data-id=\"242945\" src=\"https:\/\/www.tucomarca.com\/wordpress\/segunda\/wp-content\/uploads\/2024\/11\/DanaAutovia25.jpg\" alt=\"\" class=\"wp-image-242945\" srcset=\"https:\/\/www.tucomarca.com\/wordpress\/segunda\/wp-content\/uploads\/2024\/11\/DanaAutovia25.jpg 945w, https:\/\/www.tucomarca.com\/wordpress\/segunda\/wp-content\/uploads\/2024\/11\/DanaAutovia25-300x200.jpg 300w, https:\/\/www.tucomarca.com\/wordpress\/segunda\/wp-content\/uploads\/2024\/11\/DanaAutovia25-768x512.jpg 768w\" sizes=\"auto, (max-width: 945px) 100vw, 945px\" \/><\/figure>\n\n\n\n<figure class=\"wp-block-image size-large\"><img loading=\"lazy\" decoding=\"async\" width=\"945\" height=\"630\" data-id=\"242943\" src=\"https:\/\/www.tucomarca.com\/wordpress\/segunda\/wp-content\/uploads\/2024\/11\/DanaAutovia27.jpg\" alt=\"\" class=\"wp-image-242943\" srcset=\"https:\/\/www.tucomarca.com\/wordpress\/segunda\/wp-content\/uploads\/2024\/11\/DanaAutovia27.jpg 945w, https:\/\/www.tucomarca.com\/wordpress\/segunda\/wp-content\/uploads\/2024\/11\/DanaAutovia27-300x200.jpg 300w, https:\/\/www.tucomarca.com\/wordpress\/segunda\/wp-content\/uploads\/2024\/11\/DanaAutovia27-768x512.jpg 768w\" sizes=\"auto, (max-width: 945px) 100vw, 945px\" \/><\/figure>\n\n\n\n<figure class=\"wp-block-image size-large\"><img loading=\"lazy\" decoding=\"async\" width=\"945\" height=\"630\" data-id=\"242933\" src=\"https:\/\/www.tucomarca.com\/wordpress\/segunda\/wp-content\/uploads\/2024\/11\/DanaAutovia04.jpg\" alt=\"\" class=\"wp-image-242933\" srcset=\"https:\/\/www.tucomarca.com\/wordpress\/segunda\/wp-content\/uploads\/2024\/11\/DanaAutovia04.jpg 945w, https:\/\/www.tucomarca.com\/wordpress\/segunda\/wp-content\/uploads\/2024\/11\/DanaAutovia04-300x200.jpg 300w, https:\/\/www.tucomarca.com\/wordpress\/segunda\/wp-content\/uploads\/2024\/11\/DanaAutovia04-768x512.jpg 768w\" sizes=\"auto, (max-width: 945px) 100vw, 945px\" \/><\/figure>\n\n\n\n<figure class=\"wp-block-image size-large\"><img loading=\"lazy\" decoding=\"async\" width=\"945\" height=\"630\" data-id=\"242935\" src=\"https:\/\/www.tucomarca.com\/wordpress\/segunda\/wp-content\/uploads\/2024\/11\/DanaAutovia08.jpg\" alt=\"\" class=\"wp-image-242935\" srcset=\"https:\/\/www.tucomarca.com\/wordpress\/segunda\/wp-content\/uploads\/2024\/11\/DanaAutovia08.jpg 945w, https:\/\/www.tucomarca.com\/wordpress\/segunda\/wp-content\/uploads\/2024\/11\/DanaAutovia08-300x200.jpg 300w, https:\/\/www.tucomarca.com\/wordpress\/segunda\/wp-content\/uploads\/2024\/11\/DanaAutovia08-768x512.jpg 768w\" sizes=\"auto, (max-width: 945px) 100vw, 945px\" \/><\/figure>\n<\/figure>\n\n\n\n<p><strong>Bunyol va acollir a 130 damnificats de l&#8217;A3<\/strong><\/p>\n\n\n\n<p>En tindre const\u00e0ncia de la situaci\u00f3, l&#8217;Ajuntament de Bunyol es va convertir la nit del dimarts en el centre de recepci\u00f3 de damnificats, alguns d&#8217;ells ferits en intentar salvar la seua vida, per aquesta situaci\u00f3.<\/p>\n\n\n\n<p>\u201cEn un primer moment les v\u00edctimes van ser traslladats durant la vesprada del dimarts a l&#8217;estaci\u00f3 de Renfe i a la Sala El Mercat on van ser atesos\u201d, tal com ha va explicar en el seu moment l&#8217;alcaldessa, \u201cper voluntaris que van anar arribant als voltants malgrat estar tot el municipi sense energia el\u00e8ctrica i plovent de manera descontrolada&#8221;.<\/p>\n\n\n\n<p>A trav\u00e9s de les xarxes socials i abans de l&#8217;apagada digital, des del consistori es van sol\u00b7licitar mantes i es va dotar d&#8217;aliments a les persones all\u00ed allotjades, entre les quals es trobava una dona embarassada.<\/p>\n\n\n\n<p>\u201cEls ferits van ser traslladats al Centre de Salut, ja que alguns van arribar amb costelles o amb cames trencades en intentar eixir de cotxes en l&#8217;autovia per a salvar les seues vides. El dimecres es va cedir a m\u00e9s el teatre Montecarlo per a convertir-se en centre d&#8217;emerg\u00e8ncies per a l&#8217;atenci\u00f3 de v\u00edctimes\u201d, com ha explicat Virginia Sanz, qui ha recordat que Bunyol, \u201cuna vegada m\u00e9s, s&#8217;ha bolcat davant aquesta cat\u00e0strofe que ha produ\u00eft molts danys materials i moltes v\u00edctimes\u201d.<\/p>\n\n\n\n<figure class=\"wp-block-image size-full\"><img loading=\"lazy\" decoding=\"async\" width=\"945\" height=\"709\" src=\"http:\/\/www.tucomarca.com\/wordpress\/segunda\/wp-content\/uploads\/2024\/11\/DanaAutovia31.jpg\" alt=\"\" class=\"wp-image-243241\" srcset=\"https:\/\/www.tucomarca.com\/wordpress\/segunda\/wp-content\/uploads\/2024\/11\/DanaAutovia31.jpg 945w, https:\/\/www.tucomarca.com\/wordpress\/segunda\/wp-content\/uploads\/2024\/11\/DanaAutovia31-300x225.jpg 300w, https:\/\/www.tucomarca.com\/wordpress\/segunda\/wp-content\/uploads\/2024\/11\/DanaAutovia31-768x576.jpg 768w, https:\/\/www.tucomarca.com\/wordpress\/segunda\/wp-content\/uploads\/2024\/11\/DanaAutovia31-678x509.jpg 678w, https:\/\/www.tucomarca.com\/wordpress\/segunda\/wp-content\/uploads\/2024\/11\/DanaAutovia31-326x245.jpg 326w, https:\/\/www.tucomarca.com\/wordpress\/segunda\/wp-content\/uploads\/2024\/11\/DanaAutovia31-80x60.jpg 80w\" sizes=\"auto, (max-width: 945px) 100vw, 945px\" \/><\/figure>\n","protected":false},"excerpt":{"rendered":"<div class=\"mh-excerpt\">Aquest divendres s&#8217;ha restablit, encara que amb corts intermitents i molt lentament, la circulaci\u00f3 en la via d&#8217;incorporaci\u00f3 des de la poblaci\u00f3 de Bunyol a l&#8217;Autovia A3 en sentit Val\u00e8ncia; igual que el tram de <a class=\"mh-excerpt-more\" href=\"https:\/\/www.tucomarca.com\/wordpress\/segunda\/ca\/obert-al-transit-lacces-des-de-bunyol-a-la3-direccio-valencia-despres-de-la-retirada-dels-vehicles-i-lalcament-dels-ultims-cadavers-sota-el-viaducte-de-lave\/\" title=\"Obert al tr\u00e0nsit l&#8217;acc\u00e9s des de Bunyol a l&#8217;A3 direcci\u00f3 Val\u00e8ncia despr\u00e9s de la retirada dels vehicles i l&#8217;al\u00e7ament dels \u00faltims cad\u00e0vers sota el viaducte de l&#8217;AVE\">[+] <\/a><\/div>\n","protected":false},"author":1,"featured_media":242924,"comment_status":"open","ping_status":"open","sticky":false,"template":"","format":"gallery","meta":{"footnotes":""},"categories":[10911,21466,10898,10948,10894,10904,10912,10903,10896,10897,10974,10975],"tags":[11489,12993,10913,15409,10914],"class_list":{"0":"post-243102","1":"post","2":"type-post","3":"status-publish","4":"format-gallery","5":"has-post-thumbnail","7":"category-bunol-ca","8":"category-dana-ca","9":"category-ventana-ca","10":"category-infraestructuras-ca","11":"category-la-comarca-ca","12":"category-sin-categorizar-ca","13":"category-la-hoya-ca","14":"category-medio-ambiente-la-comarca-ca","15":"category-seccion-ca","16":"category-sucesos-la-comarca-ca","17":"category-cheste-ca","18":"category-chiva-ca","19":"tag-a3-ca","20":"tag-autovia-a-3-ca","21":"tag-bunol-ca","22":"tag-dana-2-ca","23":"tag-la-hoya-de-bunol-chiva-ca","24":"post_format-post-format-gallery"},"_links":{"self":[{"href":"https:\/\/www.tucomarca.com\/wordpress\/segunda\/ca\/wp-json\/wp\/v2\/posts\/243102","targetHints":{"allow":["GET"]}}],"collection":[{"href":"https:\/\/www.tucomarca.com\/wordpress\/segunda\/ca\/wp-json\/wp\/v2\/posts"}],"about":[{"href":"https:\/\/www.tucomarca.com\/wordpress\/segunda\/ca\/wp-json\/wp\/v2\/types\/post"}],"author":[{"embeddable":true,"href":"https:\/\/www.tucomarca.com\/wordpress\/segunda\/ca\/wp-json\/wp\/v2\/users\/1"}],"replies":[{"embeddable":true,"href":"https:\/\/www.tucomarca.com\/wordpress\/segunda\/ca\/wp-json\/wp\/v2\/comments?post=243102"}],"version-history":[{"count":0,"href":"https:\/\/www.tucomarca.com\/wordpress\/segunda\/ca\/wp-json\/wp\/v2\/posts\/243102\/revisions"}],"wp:featuredmedia":[{"embeddable":true,"href":"https:\/\/www.tucomarca.com\/wordpress\/segunda\/ca\/wp-json\/wp\/v2\/media\/242924"}],"wp:attachment":[{"href":"https:\/\/www.tucomarca.com\/wordpress\/segunda\/ca\/wp-json\/wp\/v2\/media?parent=243102"}],"wp:term":[{"taxonomy":"category","embeddable":true,"href":"https:\/\/www.tucomarca.com\/wordpress\/segunda\/ca\/wp-json\/wp\/v2\/categories?post=243102"},{"taxonomy":"post_tag","embeddable":true,"href":"https:\/\/www.tucomarca.com\/wordpress\/segunda\/ca\/wp-json\/wp\/v2\/tags?post=243102"}],"curies":[{"name":"wp","href":"https:\/\/api.w.org\/{rel}","templated":true}]}}