{"id":243139,"date":"2024-11-02T16:54:44","date_gmt":"2024-11-02T14:54:44","guid":{"rendered":"https:\/\/www.tucomarca.com\/wordpress\/segunda\/?p=243139"},"modified":"2024-11-02T20:37:30","modified_gmt":"2024-11-02T18:37:30","slug":"cuatro-heridos-uno-de-ellos-grave-por-intoxicacion-de-co2-mientras-achicaban-agua-en-uno-de-los-garajes-inundados-en-chiva","status":"publish","type":"post","link":"https:\/\/www.tucomarca.com\/wordpress\/segunda\/ca\/cuatro-heridos-uno-de-ellos-grave-por-intoxicacion-de-co2-mientras-achicaban-agua-en-uno-de-los-garajes-inundados-en-chiva\/","title":{"rendered":"D\u00e8sset voluntaris intoxicats per mon\u00f2xid de carboni, dos d&#8217;ells greus, mentre netejaven una planta baixa inundada a Xiva"},"content":{"rendered":"\n<p>Encara que inicialment es va informar que havien sigut quatre les persones intoxicades, a mitjan vesprada d&#8217;aquest dissabte des de la Comand\u00e0ncia de la Gu\u00e0rdia Civil de Val\u00e8ncia han augmentat a 17 voluntaris, dos d&#8217;ells greus, el nombre de persones que han resultat ferides per intoxicaci\u00f3 de mon\u00f2xid de carboni quan es trobaven fent treballs de neteja i desenrunament en una planta baixa a Xiva.<\/p>\n\n\n\n<p>Els efectius de Gu\u00e0rdia civil han muntat un dispositiu especial per a poder auxiliar a les v\u00edctimes i que aquestes pogueren ser trasllades amb urg\u00e8ncia en ambul\u00e0ncies fins a un centre sanitari per a poder ser convenientment atesos.<\/p>\n\n\n\n<p>La intoxicaci\u00f3 s&#8217;ha produ\u00eft quan vint-i-dues persones estaven treballant acovardint aigua amb una bomba sense eixida d&#8217;aire en una finca situada en una de les zones m\u00e9s afectades del nucli urb\u00e0 de Xiva pr\u00f2xima als voltants de l&#8217;estaci\u00f3 de trens de la localitat.<\/p>\n\n\n\n<p>La intoxicaci\u00f3 s&#8217;ha detectat quan alguns d&#8217;ells han comen\u00e7at a trobar-se malament i han eixit a respirar al carrer.<\/p>\n\n\n\n<p>Per la seua part, Emerg\u00e8ncies confirma que l&#8217;edifici on s&#8217;ha produ\u00eft en incident, en l&#8217;Avinguda Ram\u00f3n y Cajal, ha sigut evacuat a causa del risc d&#8217;intoxicaci\u00f3 per mon\u00f2xid de carboni per als seus altres ve\u00efns. Davant aquesta situaci\u00f3, s&#8217;ha sol\u00b7licitat l&#8217;assist\u00e8ncia del Centre d&#8217;Informaci\u00f3 i Coordinaci\u00f3 d&#8217;Urg\u00e8ncies (Cicu) per a atendre les persones afectades i garantir la seua seguretat.<\/p>\n\n\n\n<p>Foto: <strong>In\u00e9s Garc\u00eda Sa\u00e9z<\/strong>.<\/p>\n","protected":false},"excerpt":{"rendered":"<div class=\"mh-excerpt\">Encara que inicialment es va informar que havien sigut quatre les persones intoxicades, a mitjan vesprada d&#8217;aquest dissabte des de la Comand\u00e0ncia de la Gu\u00e0rdia Civil de Val\u00e8ncia han augmentat a 17 voluntaris, dos d&#8217;ells <a class=\"mh-excerpt-more\" href=\"https:\/\/www.tucomarca.com\/wordpress\/segunda\/ca\/cuatro-heridos-uno-de-ellos-grave-por-intoxicacion-de-co2-mientras-achicaban-agua-en-uno-de-los-garajes-inundados-en-chiva\/\" title=\"D\u00e8sset voluntaris intoxicats per mon\u00f2xid de carboni, dos d&#8217;ells greus, mentre netejaven una planta baixa inundada a Xiva\">[+] <\/a><\/div>\n","protected":false},"author":12,"featured_media":243079,"comment_status":"open","ping_status":"open","sticky":false,"template":"","format":"standard","meta":{"footnotes":""},"categories":[21466,10898,10948,10894,10904,10912,10903,10947,10896,10897,10975],"tags":[11195,15409,11199,10914,10901],"class_list":{"0":"post-243139","1":"post","2":"type-post","3":"status-publish","4":"format-standard","5":"has-post-thumbnail","7":"category-dana-ca","8":"category-ventana-ca","9":"category-infraestructuras-ca","10":"category-la-comarca-ca","11":"category-sin-categorizar-ca","12":"category-la-hoya-ca","13":"category-medio-ambiente-la-comarca-ca","14":"category-politica","15":"category-seccion-ca","16":"category-sucesos-la-comarca-ca","17":"category-chiva-ca","18":"tag-chiva-ca","19":"tag-dana-2-ca","20":"tag-la-comunitat-ca","21":"tag-la-hoya-de-bunol-chiva-ca","22":"tag-sucesos-ca"},"_links":{"self":[{"href":"https:\/\/www.tucomarca.com\/wordpress\/segunda\/ca\/wp-json\/wp\/v2\/posts\/243139","targetHints":{"allow":["GET"]}}],"collection":[{"href":"https:\/\/www.tucomarca.com\/wordpress\/segunda\/ca\/wp-json\/wp\/v2\/posts"}],"about":[{"href":"https:\/\/www.tucomarca.com\/wordpress\/segunda\/ca\/wp-json\/wp\/v2\/types\/post"}],"author":[{"embeddable":true,"href":"https:\/\/www.tucomarca.com\/wordpress\/segunda\/ca\/wp-json\/wp\/v2\/users\/12"}],"replies":[{"embeddable":true,"href":"https:\/\/www.tucomarca.com\/wordpress\/segunda\/ca\/wp-json\/wp\/v2\/comments?post=243139"}],"version-history":[{"count":0,"href":"https:\/\/www.tucomarca.com\/wordpress\/segunda\/ca\/wp-json\/wp\/v2\/posts\/243139\/revisions"}],"wp:featuredmedia":[{"embeddable":true,"href":"https:\/\/www.tucomarca.com\/wordpress\/segunda\/ca\/wp-json\/wp\/v2\/media\/243079"}],"wp:attachment":[{"href":"https:\/\/www.tucomarca.com\/wordpress\/segunda\/ca\/wp-json\/wp\/v2\/media?parent=243139"}],"wp:term":[{"taxonomy":"category","embeddable":true,"href":"https:\/\/www.tucomarca.com\/wordpress\/segunda\/ca\/wp-json\/wp\/v2\/categories?post=243139"},{"taxonomy":"post_tag","embeddable":true,"href":"https:\/\/www.tucomarca.com\/wordpress\/segunda\/ca\/wp-json\/wp\/v2\/tags?post=243139"}],"curies":[{"name":"wp","href":"https:\/\/api.w.org\/{rel}","templated":true}]}}