{"id":243202,"date":"2024-11-02T15:45:00","date_gmt":"2024-11-02T13:45:00","guid":{"rendered":"https:\/\/www.tucomarca.com\/wordpress\/segunda\/?p=243202"},"modified":"2024-11-02T19:01:12","modified_gmt":"2024-11-02T17:01:12","slug":"lajuntament-de-bunyol-habilita-un-compte-oficial-per-a-rebre-donacions-destinades-als-afectats-per-la-dana","status":"publish","type":"post","link":"https:\/\/www.tucomarca.com\/wordpress\/segunda\/ca\/lajuntament-de-bunyol-habilita-un-compte-oficial-per-a-rebre-donacions-destinades-als-afectats-per-la-dana\/","title":{"rendered":"L&#8217;Ajuntament de Bunyol habilita un compte oficial per a rebre donacions destinades als afectats per la DANA"},"content":{"rendered":"\n<p>L&#8217;Ajuntament de Bunyol ha habilitat un compte oficial per a rebre donacions que seran destinades a fer costat als ve\u00efns i \u00e0rees m\u00e9s afectades per la recent cat\u00e0strofe de la DANA.<\/p>\n\n\n\n<p>Les donacions recaptades s&#8217;empraran en la provisi\u00f3 d&#8217;ajuda directa, incloent-hi aliments, subministraments b\u00e0sics i suport per a la recuperaci\u00f3 d&#8217;infraestructures danyades.<\/p>\n\n\n\n<p>Amb aquesta iniciativa, el consistori busca canalitzar la solidaritat dels qui desitgen contribuir a la recuperaci\u00f3 de la comunitat despr\u00e9s del devastador temporal.<\/p>\n\n\n\n<figure class=\"wp-block-image size-large\"><img loading=\"lazy\" decoding=\"async\" width=\"799\" height=\"1024\" src=\"http:\/\/www.tucomarca.com\/wordpress\/segunda\/wp-content\/uploads\/2024\/11\/DANA_AytoBunol_Donaciones-799x1024.jpg\" alt=\"\" class=\"wp-image-243209\" srcset=\"https:\/\/www.tucomarca.com\/wordpress\/segunda\/wp-content\/uploads\/2024\/11\/DANA_AytoBunol_Donaciones-799x1024.jpg 799w, https:\/\/www.tucomarca.com\/wordpress\/segunda\/wp-content\/uploads\/2024\/11\/DANA_AytoBunol_Donaciones-234x300.jpg 234w, https:\/\/www.tucomarca.com\/wordpress\/segunda\/wp-content\/uploads\/2024\/11\/DANA_AytoBunol_Donaciones-768x985.jpg 768w, https:\/\/www.tucomarca.com\/wordpress\/segunda\/wp-content\/uploads\/2024\/11\/DANA_AytoBunol_Donaciones-1198x1536.jpg 1198w, https:\/\/www.tucomarca.com\/wordpress\/segunda\/wp-content\/uploads\/2024\/11\/DANA_AytoBunol_Donaciones.jpg 1248w\" sizes=\"auto, (max-width: 799px) 100vw, 799px\" \/><\/figure>\n","protected":false},"excerpt":{"rendered":"<div class=\"mh-excerpt\">L&#8217;Ajuntament de Bunyol ha habilitat un compte oficial per a rebre donacions que seran destinades a fer costat als ve\u00efns i \u00e0rees m\u00e9s afectades per la recent cat\u00e0strofe de la DANA. Les donacions recaptades s&#8217;empraran <a class=\"mh-excerpt-more\" href=\"https:\/\/www.tucomarca.com\/wordpress\/segunda\/ca\/lajuntament-de-bunyol-habilita-un-compte-oficial-per-a-rebre-donacions-destinades-als-afectats-per-la-dana\/\" title=\"L&#8217;Ajuntament de Bunyol habilita un compte oficial per a rebre donacions destinades als afectats per la DANA\">[+] <\/a><\/div>\n","protected":false},"author":12,"featured_media":242802,"comment_status":"open","ping_status":"open","sticky":false,"template":"","format":"standard","meta":{"footnotes":""},"categories":[10911,21466,10948,10894,10904,10912,10903,10947,10896],"tags":[16483,10913,15409,12903,11199,10914,12166],"class_list":{"0":"post-243202","1":"post","2":"type-post","3":"status-publish","4":"format-standard","5":"has-post-thumbnail","7":"category-bunol-ca","8":"category-dana-ca","9":"category-infraestructuras-ca","10":"category-la-comarca-ca","11":"category-sin-categorizar-ca","12":"category-la-hoya-ca","13":"category-medio-ambiente-la-comarca-ca","14":"category-politica","15":"category-seccion-ca","16":"tag-ayuda-ca","17":"tag-bunol-ca","18":"tag-dana-2-ca","19":"tag-infraestructuras-ca","20":"tag-la-comunitat-ca","21":"tag-la-hoya-de-bunol-chiva-ca","22":"tag-medio-ambiente-ca"},"_links":{"self":[{"href":"https:\/\/www.tucomarca.com\/wordpress\/segunda\/ca\/wp-json\/wp\/v2\/posts\/243202","targetHints":{"allow":["GET"]}}],"collection":[{"href":"https:\/\/www.tucomarca.com\/wordpress\/segunda\/ca\/wp-json\/wp\/v2\/posts"}],"about":[{"href":"https:\/\/www.tucomarca.com\/wordpress\/segunda\/ca\/wp-json\/wp\/v2\/types\/post"}],"author":[{"embeddable":true,"href":"https:\/\/www.tucomarca.com\/wordpress\/segunda\/ca\/wp-json\/wp\/v2\/users\/12"}],"replies":[{"embeddable":true,"href":"https:\/\/www.tucomarca.com\/wordpress\/segunda\/ca\/wp-json\/wp\/v2\/comments?post=243202"}],"version-history":[{"count":0,"href":"https:\/\/www.tucomarca.com\/wordpress\/segunda\/ca\/wp-json\/wp\/v2\/posts\/243202\/revisions"}],"wp:featuredmedia":[{"embeddable":true,"href":"https:\/\/www.tucomarca.com\/wordpress\/segunda\/ca\/wp-json\/wp\/v2\/media\/242802"}],"wp:attachment":[{"href":"https:\/\/www.tucomarca.com\/wordpress\/segunda\/ca\/wp-json\/wp\/v2\/media?parent=243202"}],"wp:term":[{"taxonomy":"category","embeddable":true,"href":"https:\/\/www.tucomarca.com\/wordpress\/segunda\/ca\/wp-json\/wp\/v2\/categories?post=243202"},{"taxonomy":"post_tag","embeddable":true,"href":"https:\/\/www.tucomarca.com\/wordpress\/segunda\/ca\/wp-json\/wp\/v2\/tags?post=243202"}],"curies":[{"name":"wp","href":"https:\/\/api.w.org\/{rel}","templated":true}]}}