{"id":243271,"date":"2024-11-02T10:30:00","date_gmt":"2024-11-02T08:30:00","guid":{"rendered":"https:\/\/www.tucomarca.com\/wordpress\/segunda\/?p=243271"},"modified":"2024-11-02T21:29:41","modified_gmt":"2024-11-02T19:29:41","slug":"la-dana-tambe-causa-greus-danys-en-la-ribera-del-riu-magre-dins-dels-municipis-dutiel-i-requena","status":"publish","type":"post","link":"https:\/\/www.tucomarca.com\/wordpress\/segunda\/ca\/la-dana-tambe-causa-greus-danys-en-la-ribera-del-riu-magre-dins-dels-municipis-dutiel-i-requena\/","title":{"rendered":"La DANA tamb\u00e9 causa greus danys en la ribera del riu Magre dins dels municipis d&#8217;Utiel i Requena"},"content":{"rendered":"\n<p>Els ve\u00efns de Requena i llogarets del sud i de l&#8217;oest del municipi continuen tenint dificultats per a comunicar-se per carretera, per destrucci\u00f3 de diversos ponts i danys en la cal\u00e7ada en el pont sobre el riu Magre, situat en les proximitats de la pedania del Pont\u00f3.<\/p>\n\n\n\n<p>En la ribera del riu Magre, dins dels municipis d&#8217;Utiel i Requena, s&#8217;aprecien destrosses en parcel\u00b7les agr\u00edcoles , casetes i en instal\u00b7lacions d&#8217;empreses, per arrossegament d&#8217;estris, troncs d&#8217;arbres arrancats per la for\u00e7a de l&#8217;aigua, pedres i branques, entre altres objectes.<\/p>\n\n\n\n<p>Es precisar\u00e0 de molt de temps i d&#8217;ingents recursos econ\u00f2mics per a reparar els danys. Informa, <strong>Luis Ib\u00e1\u00f1ez.<\/strong><\/p>\n\n\n\n<figure class=\"wp-block-gallery has-nested-images columns-1 is-cropped wp-block-gallery-1 is-layout-flex wp-block-gallery-is-layout-flex\">\n<figure class=\"wp-block-image size-large\"><img loading=\"lazy\" decoding=\"async\" width=\"1024\" height=\"754\" data-id=\"243266\" src=\"https:\/\/www.tucomarca.com\/wordpress\/segunda\/wp-content\/uploads\/2024\/11\/DanaRequenaLuisIbanez2-1024x754.jpg\" alt=\"\" class=\"wp-image-243266\" srcset=\"https:\/\/www.tucomarca.com\/wordpress\/segunda\/wp-content\/uploads\/2024\/11\/DanaRequenaLuisIbanez2-1024x754.jpg 1024w, https:\/\/www.tucomarca.com\/wordpress\/segunda\/wp-content\/uploads\/2024\/11\/DanaRequenaLuisIbanez2-300x221.jpg 300w, https:\/\/www.tucomarca.com\/wordpress\/segunda\/wp-content\/uploads\/2024\/11\/DanaRequenaLuisIbanez2-768x565.jpg 768w, https:\/\/www.tucomarca.com\/wordpress\/segunda\/wp-content\/uploads\/2024\/11\/DanaRequenaLuisIbanez2-1536x1130.jpg 1536w, https:\/\/www.tucomarca.com\/wordpress\/segunda\/wp-content\/uploads\/2024\/11\/DanaRequenaLuisIbanez2-2048x1507.jpg 2048w, https:\/\/www.tucomarca.com\/wordpress\/segunda\/wp-content\/uploads\/2024\/11\/DanaRequenaLuisIbanez2-80x60.jpg 80w\" sizes=\"auto, (max-width: 1024px) 100vw, 1024px\" \/><\/figure>\n\n\n\n<figure class=\"wp-block-image size-large\"><img loading=\"lazy\" decoding=\"async\" width=\"1024\" height=\"799\" data-id=\"243268\" src=\"https:\/\/www.tucomarca.com\/wordpress\/segunda\/wp-content\/uploads\/2024\/11\/DanaRequenaLuisIbanez3-1024x799.jpg\" alt=\"\" class=\"wp-image-243268\" srcset=\"https:\/\/www.tucomarca.com\/wordpress\/segunda\/wp-content\/uploads\/2024\/11\/DanaRequenaLuisIbanez3-1024x799.jpg 1024w, https:\/\/www.tucomarca.com\/wordpress\/segunda\/wp-content\/uploads\/2024\/11\/DanaRequenaLuisIbanez3-300x234.jpg 300w, https:\/\/www.tucomarca.com\/wordpress\/segunda\/wp-content\/uploads\/2024\/11\/DanaRequenaLuisIbanez3-768x599.jpg 768w, https:\/\/www.tucomarca.com\/wordpress\/segunda\/wp-content\/uploads\/2024\/11\/DanaRequenaLuisIbanez3-1536x1198.jpg 1536w, https:\/\/www.tucomarca.com\/wordpress\/segunda\/wp-content\/uploads\/2024\/11\/DanaRequenaLuisIbanez3-2048x1597.jpg 2048w\" sizes=\"auto, (max-width: 1024px) 100vw, 1024px\" \/><\/figure>\n<\/figure>\n","protected":false},"excerpt":{"rendered":"<div class=\"mh-excerpt\">Els ve\u00efns de Requena i llogarets del sud i de l&#8217;oest del municipi continuen tenint dificultats per a comunicar-se per carretera, per destrucci\u00f3 de diversos ponts i danys en la cal\u00e7ada en el pont sobre <a class=\"mh-excerpt-more\" href=\"https:\/\/www.tucomarca.com\/wordpress\/segunda\/ca\/la-dana-tambe-causa-greus-danys-en-la-ribera-del-riu-magre-dins-dels-municipis-dutiel-i-requena\/\" title=\"La DANA tamb\u00e9 causa greus danys en la ribera del riu Magre dins dels municipis d&#8217;Utiel i Requena\">[+] <\/a><\/div>\n","protected":false},"author":12,"featured_media":243265,"comment_status":"open","ping_status":"open","sticky":false,"template":"","format":"gallery","meta":{"footnotes":""},"categories":[21466,10898,10948,10894,10904,11004,10903,10947,10908,10909,10896,10897,11059],"tags":[15409,11099,10910,11174],"class_list":{"0":"post-243271","1":"post","2":"type-post","3":"status-publish","4":"format-gallery","5":"has-post-thumbnail","7":"category-dana-ca","8":"category-ventana-ca","9":"category-infraestructuras-ca","10":"category-la-comarca-ca","11":"category-sin-categorizar-ca","12":"category-la-semana-en-imagenes-ca","13":"category-medio-ambiente-la-comarca-ca","14":"category-politica","15":"category-requena-ca","16":"category-requena-utiel-ca","17":"category-seccion-ca","18":"category-sucesos-la-comarca-ca","19":"category-utiel-ca","20":"tag-dana-2-ca","21":"tag-requena-ca","22":"tag-requena-utiel-ca","23":"tag-utiel-ca","24":"post_format-post-format-gallery"},"_links":{"self":[{"href":"https:\/\/www.tucomarca.com\/wordpress\/segunda\/ca\/wp-json\/wp\/v2\/posts\/243271","targetHints":{"allow":["GET"]}}],"collection":[{"href":"https:\/\/www.tucomarca.com\/wordpress\/segunda\/ca\/wp-json\/wp\/v2\/posts"}],"about":[{"href":"https:\/\/www.tucomarca.com\/wordpress\/segunda\/ca\/wp-json\/wp\/v2\/types\/post"}],"author":[{"embeddable":true,"href":"https:\/\/www.tucomarca.com\/wordpress\/segunda\/ca\/wp-json\/wp\/v2\/users\/12"}],"replies":[{"embeddable":true,"href":"https:\/\/www.tucomarca.com\/wordpress\/segunda\/ca\/wp-json\/wp\/v2\/comments?post=243271"}],"version-history":[{"count":0,"href":"https:\/\/www.tucomarca.com\/wordpress\/segunda\/ca\/wp-json\/wp\/v2\/posts\/243271\/revisions"}],"wp:featuredmedia":[{"embeddable":true,"href":"https:\/\/www.tucomarca.com\/wordpress\/segunda\/ca\/wp-json\/wp\/v2\/media\/243265"}],"wp:attachment":[{"href":"https:\/\/www.tucomarca.com\/wordpress\/segunda\/ca\/wp-json\/wp\/v2\/media?parent=243271"}],"wp:term":[{"taxonomy":"category","embeddable":true,"href":"https:\/\/www.tucomarca.com\/wordpress\/segunda\/ca\/wp-json\/wp\/v2\/categories?post=243271"},{"taxonomy":"post_tag","embeddable":true,"href":"https:\/\/www.tucomarca.com\/wordpress\/segunda\/ca\/wp-json\/wp\/v2\/tags?post=243271"}],"curies":[{"name":"wp","href":"https:\/\/api.w.org\/{rel}","templated":true}]}}