{"id":243282,"date":"2024-11-02T09:35:00","date_gmt":"2024-11-02T07:35:00","guid":{"rendered":"https:\/\/www.tucomarca.com\/wordpress\/segunda\/?p=243282"},"modified":"2024-11-02T21:52:19","modified_gmt":"2024-11-02T19:52:19","slug":"educacio-habilita-una-oficina-dinformacio-per-la-dana-per-a-centralitzar-les-necessitats-dels-centres-educatius-ajuntaments-universitats-i-empreses","status":"publish","type":"post","link":"https:\/\/www.tucomarca.com\/wordpress\/segunda\/ca\/educacio-habilita-una-oficina-dinformacio-per-la-dana-per-a-centralitzar-les-necessitats-dels-centres-educatius-ajuntaments-universitats-i-empreses\/","title":{"rendered":"Educaci\u00f3 habilita una oficina d&#8217;informaci\u00f3 per la DANA per a centralitzar les necessitats dels centres educatius, ajuntaments, universitats i empreses"},"content":{"rendered":"\n<h3 class=\"wp-block-heading\">L&#8217;objectiu \u00e9s donar resposta de manera \u00e0gil a les consultes per \u00e0rees.<\/h3>\n\n\n\n<p>La Conselleria d&#8217;Educaci\u00f3, Cultura, Universitats i Ocupaci\u00f3 ha habilitat una oficina d&#8217;informaci\u00f3, a la disposici\u00f3 dels ajuntaments, centres educatius, universitats i empreses (pimes, cooperatives, aut\u00f2noms\u2026), per a canalitzar les necessitats de les quatre \u00e0rees despr\u00e9s de la DANA.<br>L&#8217;objectiu \u00e9s donar resposta de manera \u00e0gil a les consultes per \u00e0rees. Aix\u00ed, en l&#8217;\u00e0rea d&#8217;Educaci\u00f3 es podran traslladar consultes que abasten tots els \u00e0mbits afectats per la DANA, com a equipament, mobiliari, material escolar o infraestructures.<br>Al mateix temps, des de la Conselleria s&#8217;est\u00e0 treballant en contacte directe amb els centres educatius, que estan comunicant la disponibilitat per a impartir classes en els pr\u00f2xims dies o no, en funci\u00f3 del grau de desperfectes. Com ja es va informar des d&#8217;Educaci\u00f3, hi ha entorn d&#8217;una vintena de municipis de la prov\u00edncia de Val\u00e8ncia en els quals no es podr\u00e0 prestar el servei educatiu en cap dels seus centres en la setmana vinent.<br>Al llistat s&#8217;ha sumat en les \u00faltimes hores el municipi de Torrent, mentre que hi ha algunes localitats que el dijous figuraven en el llistat i que han comunicat aquest mat\u00ed la seua disponibilitat per a obrir. No obstant aix\u00f2, aquesta obertura queda subjecta a les avaluacions que els t\u00e8cnics de la Conselleria ja estan realitzant. La consulta segueix oberta perqu\u00e8 els municipis puguen traslladar si estan en situaci\u00f3 d&#8217;impartir classes o no.<br>En Cultura, l&#8217;oficina podr\u00e0 canalitzar consultes sobre danys ocasionats al patrimoni arquitect\u00f2nic, art\u00edstic o muse\u00edstic, aix\u00ed com en instal\u00b7lacions, centres culturals, expositius o esc\u00e8nics, locals de societats musicals, arxius, biblioteques i ag\u00e8ncies de lectura, entre altres.<br>Quant a Universitats, cal recordar que s\u00f3n institucions aut\u00f2nomes, que canalitzen la informaci\u00f3 en els seus respectius organismes. No obstant aix\u00f2, s\u00ed que depenen d&#8217;aquesta Secretaria Auton\u00f2mica la informaci\u00f3 relacionada amb els ensenyaments superiors art\u00edstics dependents del Institut Superior d&#8217;Ensenyances Art\u00edstiques de la Comunitat Valenciana (ISEACV).<br>Finalment, les empreses podran comunicar les seues consultes sobre l&#8217;\u00e0rea d&#8217;Ocupaci\u00f3 i Treball, com ara la necessitat de presentar un ERTO per for\u00e7a major pels danys de la DANA o les ajudes que des del punt de vista de foment de l&#8217;ocupaci\u00f3 es necessiten per a reprendre l&#8217;activitat.<br>Els correus habilitats s\u00f3n:<\/p>\n\n\n\n<ul class=\"wp-block-list\">\n<li>dana_educacio@gva.es<\/li>\n\n\n\n<li>\u2028dana_cultura@gva.es<\/li>\n\n\n\n<li>dana_universitats@gva.es<\/li>\n\n\n\n<li>dana_ocupacio@gva.es<\/li>\n<\/ul>\n","protected":false},"excerpt":{"rendered":"<div class=\"mh-excerpt\">L&#8217;objectiu \u00e9s donar resposta de manera \u00e0gil a les consultes per \u00e0rees. La Conselleria d&#8217;Educaci\u00f3, Cultura, Universitats i Ocupaci\u00f3 ha habilitat una oficina d&#8217;informaci\u00f3, a la disposici\u00f3 dels ajuntaments, centres educatius, universitats i empreses (pimes, <a class=\"mh-excerpt-more\" href=\"https:\/\/www.tucomarca.com\/wordpress\/segunda\/ca\/educacio-habilita-una-oficina-dinformacio-per-la-dana-per-a-centralitzar-les-necessitats-dels-centres-educatius-ajuntaments-universitats-i-empreses\/\" title=\"Educaci\u00f3 habilita una oficina d&#8217;informaci\u00f3 per la DANA per a centralitzar les necessitats dels centres educatius, ajuntaments, universitats i empreses\">[+] <\/a><\/div>\n","protected":false},"author":12,"featured_media":242637,"comment_status":"open","ping_status":"open","sticky":false,"template":"","format":"standard","meta":{"footnotes":""},"categories":[21466,10898,10948,10894,10904,10902,10903,10947,10896,10897],"tags":[16310,15409,21469],"class_list":{"0":"post-243282","1":"post","2":"type-post","3":"status-publish","4":"format-standard","5":"has-post-thumbnail","7":"category-dana-ca","8":"category-ventana-ca","9":"category-infraestructuras-ca","10":"category-la-comarca-ca","11":"category-sin-categorizar-ca","12":"category-la-ribera-ca","13":"category-medio-ambiente-la-comarca-ca","14":"category-politica","15":"category-seccion-ca","16":"category-sucesos-la-comarca-ca","17":"tag-conselleria-de-educacio-ca","18":"tag-dana-2-ca","19":"tag-informacion-ca"},"_links":{"self":[{"href":"https:\/\/www.tucomarca.com\/wordpress\/segunda\/ca\/wp-json\/wp\/v2\/posts\/243282","targetHints":{"allow":["GET"]}}],"collection":[{"href":"https:\/\/www.tucomarca.com\/wordpress\/segunda\/ca\/wp-json\/wp\/v2\/posts"}],"about":[{"href":"https:\/\/www.tucomarca.com\/wordpress\/segunda\/ca\/wp-json\/wp\/v2\/types\/post"}],"author":[{"embeddable":true,"href":"https:\/\/www.tucomarca.com\/wordpress\/segunda\/ca\/wp-json\/wp\/v2\/users\/12"}],"replies":[{"embeddable":true,"href":"https:\/\/www.tucomarca.com\/wordpress\/segunda\/ca\/wp-json\/wp\/v2\/comments?post=243282"}],"version-history":[{"count":0,"href":"https:\/\/www.tucomarca.com\/wordpress\/segunda\/ca\/wp-json\/wp\/v2\/posts\/243282\/revisions"}],"wp:featuredmedia":[{"embeddable":true,"href":"https:\/\/www.tucomarca.com\/wordpress\/segunda\/ca\/wp-json\/wp\/v2\/media\/242637"}],"wp:attachment":[{"href":"https:\/\/www.tucomarca.com\/wordpress\/segunda\/ca\/wp-json\/wp\/v2\/media?parent=243282"}],"wp:term":[{"taxonomy":"category","embeddable":true,"href":"https:\/\/www.tucomarca.com\/wordpress\/segunda\/ca\/wp-json\/wp\/v2\/categories?post=243282"},{"taxonomy":"post_tag","embeddable":true,"href":"https:\/\/www.tucomarca.com\/wordpress\/segunda\/ca\/wp-json\/wp\/v2\/tags?post=243282"}],"curies":[{"name":"wp","href":"https:\/\/api.w.org\/{rel}","templated":true}]}}