{"id":243302,"date":"2024-11-02T09:30:00","date_gmt":"2024-11-02T07:30:00","guid":{"rendered":"https:\/\/www.tucomarca.com\/wordpress\/segunda\/?p=243302"},"modified":"2024-11-03T02:47:21","modified_gmt":"2024-11-03T00:47:21","slug":"el-cecopi-acorda-per-unanimitat-restringir-la-circulacio-de-persones-no-residents-en-les-zones-mes-afectades-per-la-inundacio-aquest-diumenge","status":"publish","type":"post","link":"https:\/\/www.tucomarca.com\/wordpress\/segunda\/ca\/el-cecopi-acorda-per-unanimitat-restringir-la-circulacio-de-persones-no-residents-en-les-zones-mes-afectades-per-la-inundacio-aquest-diumenge\/","title":{"rendered":"El CECOPI acorda per unanimitat restringir la circulaci\u00f3 de persones no residents en les zones m\u00e9s afectades per la inundaci\u00f3 aquest diumenge"},"content":{"rendered":"\n<p>El CECOPI acorda per unanimitat restringir la circulaci\u00f3 de persones no residents en les zones m\u00e9s afectades per la inundaci\u00f3 aquest diumenge<br>Aquestes restriccions busquen garantir la seguretat de la ciutadania i el bon desenvolupament dels treballs d&#8217;emerg\u00e8ncia durant una jornada en la qual hi ha una alerta groga per pluges<br>Els municipis que es veuran afectats per aquestes restriccions s\u00f3n Aldaia, Alaqu\u00e0s, Picanya, Sedav\u00ed, Paiporta, Benet\u00fasser, Alfafar, Massanassa, Catarroja, Albal i Beniparrell<\/p>\n\n\n\n<p>L&#8217;UME, la Gu\u00e0rdia Civil, Protecci\u00f3 Civil, Policia Nacional i els diferents cossos que intervenen en aquesta emerg\u00e8ncia han sol\u00b7licitat un\u00e0nimement al CECOPI que s&#8217;adopten mesures extraordin\u00e0ries per a limitar la circulaci\u00f3 de persones no residents en les zones de l&#8217;\u00e0rea metropolitana de Val\u00e8ncia m\u00e9s afectades per les inundacions durant el diumenge amb l&#8217;objectiu de garantir la seguretat de la ciutadania i facilitar els treballs d&#8217;emerg\u00e8ncia.<\/p>\n\n\n\n<p>Aix\u00ed ho ha confirmat el conseller de Medi Ambient, Infraestructures i Territori, Vicente Mart\u00ednez Mus, despr\u00e9s de la reuni\u00f3 del CECOPI en la qual s&#8217;ha acordat aquesta mesura per unanimitat i despr\u00e9s de la conformitat dels alcaldes dels municipis afectats per aquesta ordre. Les restriccions estaran vigents des de les 00.00 del diumenge 3 de novembre fins a les 23.59 del mateix dia despr\u00e9s de la publicaci\u00f3 de l&#8217;ordre en el Diari Oficial de la Generalitat Valenciana (DOGV).&nbsp;<\/p>\n\n\n\n<p>Mart\u00ednez Mus ha destacat la necessitat d&#8217;impulsar aquestes mesures \u201cdavant la necessitat d&#8217;utilitzar maquin\u00e0ria pesant per a aprofundir en labors com la retirada de vehicles en una jornada en la qual existeix alerta groga en una part significativa de la prov\u00edncia de Val\u00e8ncia\u201d. Els municipis que es veuran afectats per aquestes restriccions s\u00f3n Aldaia, Alaqu\u00e0s, Picanya, Sedav\u00ed, Paiporta, Benet\u00fasser, Alfafar, Massanassa, Catarroja, Albal i Beniparrell.<\/p>\n\n\n\n<p>El conseller ha remarcat que les mesures \u201cbusquen ordenar eixa gran ona de solidaritat\u201d en un dia en qu\u00e8 hi ha previsi\u00f3 d&#8217;alerta nivell groc per pluges que poden afectar de manera significativa a aquestes localitats.&nbsp;<\/p>\n\n\n\n<p>\u201cVull agrair novament a la societat valenciana la seua labor en totes les tasques d&#8217;ajuda humanit\u00e0ria. Som un poble que ha demostrat que, malgrat les dificultats, sap traure el millor de si i aix\u00f2 ens enorgulleix a tots\u201d, ha remarcat Mart\u00ednez Mus. \u201cEn els pr\u00f2xims dies hi haur\u00e0 noves ocasions per a participar\u201d, ha incidit el conseller.<\/p>\n\n\n\n<p>Mart\u00ednez Mus ha indicat que l&#8217;ajuda s\u00ed que es podr\u00e0 canalitzar a trav\u00e9s de la Plataforma del Voluntariat, que organitzar\u00e0 una nova jornada solid\u00e0ria amb despla\u00e7aments d&#8217;autobusos. S&#8217;han previst 2.000 places per a la resta de municipis no afectats per l&#8217;ordre i que tamb\u00e9 han patit danys per la DANA.<\/p>\n\n\n\n<p><strong>Excepcions<\/strong><\/p>\n\n\n\n<p>D&#8217;aquesta manera, en aquesta jornada es restringeix el moviment quedar\u00e0 restringit excepte per a l&#8217;assist\u00e8ncia a centres, serveis i establiments sanitaris, el compliment d&#8217;obligacions laborables, professionals, empresarials, institucions o legals o el retorn al lloc de resid\u00e8ncia habitual o familiar. Tamb\u00e9 es permetr\u00e0 l&#8217;assist\u00e8ncia i cura de persones majors, menors, dependents, persones amb discapacitat o persones especialment vulnerables, actuacions requerides o urgents abans els \u00f2rgans p\u00fablics, judicials o notarials o qualsevol altra activitat d&#8217;an\u00e0loga naturalesa, degudament acreditada per causa de for\u00e7a major o situaci\u00f3 de necessitat.<\/p>\n","protected":false},"excerpt":{"rendered":"<div class=\"mh-excerpt\">El CECOPI acorda per unanimitat restringir la circulaci\u00f3 de persones no residents en les zones m\u00e9s afectades per la inundaci\u00f3 aquest diumengeAquestes restriccions busquen garantir la seguretat de la ciutadania i el bon desenvolupament dels <a class=\"mh-excerpt-more\" href=\"https:\/\/www.tucomarca.com\/wordpress\/segunda\/ca\/el-cecopi-acorda-per-unanimitat-restringir-la-circulacio-de-persones-no-residents-en-les-zones-mes-afectades-per-la-inundacio-aquest-diumenge\/\" title=\"El CECOPI acorda per unanimitat restringir la circulaci\u00f3 de persones no residents en les zones m\u00e9s afectades per la inundaci\u00f3 aquest diumenge\">[+] <\/a><\/div>\n","protected":false},"author":1,"featured_media":243300,"comment_status":"open","ping_status":"open","sticky":false,"template":"","format":"standard","meta":{"footnotes":""},"categories":[21466,10898,10948,10894,10904,10903,10947,10896,10897],"tags":[15409,11199,10914,14329],"class_list":{"0":"post-243302","1":"post","2":"type-post","3":"status-publish","4":"format-standard","5":"has-post-thumbnail","7":"category-dana-ca","8":"category-ventana-ca","9":"category-infraestructuras-ca","10":"category-la-comarca-ca","11":"category-sin-categorizar-ca","12":"category-medio-ambiente-la-comarca-ca","13":"category-politica","14":"category-seccion-ca","15":"category-sucesos-la-comarca-ca","16":"tag-dana-2-ca","17":"tag-la-comunitat-ca","18":"tag-la-hoya-de-bunol-chiva-ca","19":"tag-restricciones-ca"},"_links":{"self":[{"href":"https:\/\/www.tucomarca.com\/wordpress\/segunda\/ca\/wp-json\/wp\/v2\/posts\/243302","targetHints":{"allow":["GET"]}}],"collection":[{"href":"https:\/\/www.tucomarca.com\/wordpress\/segunda\/ca\/wp-json\/wp\/v2\/posts"}],"about":[{"href":"https:\/\/www.tucomarca.com\/wordpress\/segunda\/ca\/wp-json\/wp\/v2\/types\/post"}],"author":[{"embeddable":true,"href":"https:\/\/www.tucomarca.com\/wordpress\/segunda\/ca\/wp-json\/wp\/v2\/users\/1"}],"replies":[{"embeddable":true,"href":"https:\/\/www.tucomarca.com\/wordpress\/segunda\/ca\/wp-json\/wp\/v2\/comments?post=243302"}],"version-history":[{"count":0,"href":"https:\/\/www.tucomarca.com\/wordpress\/segunda\/ca\/wp-json\/wp\/v2\/posts\/243302\/revisions"}],"wp:featuredmedia":[{"embeddable":true,"href":"https:\/\/www.tucomarca.com\/wordpress\/segunda\/ca\/wp-json\/wp\/v2\/media\/243300"}],"wp:attachment":[{"href":"https:\/\/www.tucomarca.com\/wordpress\/segunda\/ca\/wp-json\/wp\/v2\/media?parent=243302"}],"wp:term":[{"taxonomy":"category","embeddable":true,"href":"https:\/\/www.tucomarca.com\/wordpress\/segunda\/ca\/wp-json\/wp\/v2\/categories?post=243302"},{"taxonomy":"post_tag","embeddable":true,"href":"https:\/\/www.tucomarca.com\/wordpress\/segunda\/ca\/wp-json\/wp\/v2\/tags?post=243302"}],"curies":[{"name":"wp","href":"https:\/\/api.w.org\/{rel}","templated":true}]}}