{"id":243327,"date":"2024-11-03T17:00:00","date_gmt":"2024-11-03T15:00:00","guid":{"rendered":"https:\/\/www.tucomarca.com\/wordpress\/segunda\/?p=243327"},"modified":"2024-11-03T21:51:06","modified_gmt":"2024-11-03T19:51:06","slug":"el-centre-de-coordinacio-demergencies-estableix-el-nivell-roig-per-fortes-pluges-en-el-litoral-sud-de-valencia","status":"publish","type":"post","link":"https:\/\/www.tucomarca.com\/wordpress\/segunda\/ca\/el-centre-de-coordinacio-demergencies-estableix-el-nivell-roig-per-fortes-pluges-en-el-litoral-sud-de-valencia\/","title":{"rendered":"El Centre de Coordinaci\u00f3 d&#8217;Emerg\u00e8ncies estableix el Nivell Roig per fortes pluges en el litoral sud de Val\u00e8ncia"},"content":{"rendered":"\n<h3 class=\"wp-block-heading\">Els Reis, el president del Govern i el de la Generalitat assisteixen a la reuni\u00f3 del CECOPI on s&#8217;ha realitzat el seguiment de la situaci\u00f3<\/h3>\n\n\n\n<h3 class=\"wp-block-heading\">S&#8217;ha enviat un nou av\u00eds \u00c9S-Alert que adverteix de precipitacions intenses<\/h3>\n\n\n\n<p>El Centre de Coordinaci\u00f3 d&#8217;Emerg\u00e8ncies ha establit el Nivell Roig per fortes pluges en el litoral sud de la prov\u00edncia de Val\u00e8ncia. Aix\u00ed s&#8217;ha informat en el transcurs del CECOPI que s&#8217;ha reunit aquest diumenge en el Centre de Coordinaci\u00f3 d&#8217;Emerg\u00e8ncies i al qual han assistit Ses Majestats els Reis Felip i Letizia, acompanyats pel president del Govern, Pedro S\u00e1nchez, i el president de la Generalitat, Carlos Maz\u00f3n<\/p>\n\n\n\n<p>Durant la reuni\u00f3, s&#8217;ha informat el CECOPI que, davant la informaci\u00f3 rebuda de part d&#8217;AEMET, s&#8217;establia el Nivell Roig d&#8217;alerta per fortes pluges en el litoral sud de la prov\u00edncia de Val\u00e8ncia. De fet, a les 16.39 hores s&#8217;ha enviat una alerta de protecci\u00f3 civil mitjan\u00e7ant el sistema \u00c9S-Alert informant la poblaci\u00f3 de les zones afectades que es registraran ruixats localment intensos en eixa zona i que se seguisquen les recomanacions de protecci\u00f3 civil i el 112 a trav\u00e9s dels canals oficials.<\/p>\n\n\n\n<p>A m\u00e9s, per a la comarca de L&#8217;Horta Sud, s&#8217;ha establit el Nivell Taronja d&#8217;alerta davant nous episodis de pluges per a la tard-nit d&#8217;aquest diumenge. Davant aquesta situaci\u00f3 i la major vulnerabilitat de vies, habitatges i infraestructures dels municipis afectats, el CECOPI recomana a la poblaci\u00f3 extremar la precauci\u00f3 i seguir els consells d&#8217;autoprotecci\u00f3, especialment en les poblacions m\u00e9s danyades per la inundaci\u00f3.<\/p>\n\n\n\n<p>En aquest sentit es recorda a la poblaci\u00f3 que ha de romandre a les seues cases i si pot ser en zones elevades o, si s&#8217;est\u00e0 en l&#8217;exterior, resguardar-se en punts alts, no circular per les carreteres; no acostar-se a les zones costaneres; no travessar t\u00fanels inundables, rius ni barrancs; retirar els vehicles de zones inundables i fer cas, en tot moment, a les indicacions de les autoritats i els serveis de Protecci\u00f3 Civil.<\/p>\n\n\n\n<p>Durant la reuni\u00f3 del CECOPI, el rei Felip ha sigut informat sobre els treballs que s&#8217;estan duent a terme per a atendre la poblaci\u00f3 dels municipis afectats. L&#8217;operatiu desplegat treballa en el sanejament, rescat de v\u00edctimes, cerca de desapareguts, aix\u00ed com en les labors de neteja, en el repartiment de productes b\u00e0sics i assist\u00e8ncia sanit\u00e0ria i psicol\u00f2gica.<\/p>\n\n\n\n<p>En aquest sentit, s&#8217;ha informat els monarques que s&#8217;ha recuperat el 98% del subministrament el\u00e8ctric en les zones afectades, si b\u00e9 poden registrar-se alguns problemes en alguns punts on les instal\u00b7lacions privades i edificis segueixen afectats o presenten avaries.<\/p>\n\n\n\n<p>D&#8217;altra banda, s&#8217;avan\u00e7a en el restabliment de la xarxa de sanejament i subministrament d&#8217;aigua i per a aix\u00f2, s&#8217;ha enviat un refor\u00e7 de quasi un centenar de lampistes per a reparar les escomeses de la xarxa general als edificis particulars. En aquest moment, totes les zones afectades compten amb servei d&#8217;aigua potable que pot usar-se per a higiene i tasques de neteja, per\u00f2 no t\u00e9 la qualitat suficient per al consum hum\u00e0 en els municipis afectats. De fet, equips de la Conselleria de Sanitat analitzen ja, cada dia, la qualitat de l&#8217;aigua mentre es treballa en la reconstrucci\u00f3 de les depuradores.<\/p>\n\n\n\n<p>Respecte al gas, dotze municipis \u2013Alfafar, Benet\u00fasser, Catarroja, Xiva, Xest, Massanasa, Paiporta, Utiel, Albal, Loriguilla i els pol\u00edgons industrials de Riba-roja de T\u00faria\u2013 segueixen sense servei. Per a escometre la seua reparaci\u00f3, els t\u00e8cnics han d&#8217;esperar que avancen m\u00e9s les tasques de neteja i desenrunament de les zones afectades i les escomeses particulars per a garantir la seguretat.<\/p>\n\n\n\n<p>En refer\u00e8ncia a les telecomunicacions, s&#8217;est\u00e0 revisant tota la xarxa m\u00f2bil amb les distintes operadors i s&#8217;ha decidit suplir amb radioenlla\u00e7os les \u00e0rees sense cobertura. A m\u00e9s, la Generalitat obrir\u00e0 els punts wi-fi dels centres educatius per a donar servei a aquells llocs on les xarxes se saturen i s&#8217;habilitaran connexions via sat\u00e8l\u00b7lit per a garantir la comunicaci\u00f3 amb les zones afectades.<\/p>\n\n\n\n<p>En l&#8217;\u00e0mbit dels transports i log\u00edstica, la Direcci\u00f3 General de Tr\u00e0nsit ha informat que es limitar\u00e0 la circulaci\u00f3 de vehicles pesants des de les 22.00 hores d&#8217;aquest diumenge fins a les 7.00 del mat\u00ed per la V-30, la V-31, l&#8217;A-3 i l&#8217;A-7 a la prov\u00edncia de Val\u00e8ncia, amb l&#8217;excepci\u00f3 d&#8217;aquells combois amb b\u00e9ns de primera necessitat. La Conselleria d&#8217;Infraestructures ultima itineraris alternatius de transport per a viatgers amb autob\u00fas en les zones afectades.<\/p>\n\n\n\n<p>Mentrestant, sobre el terreny estan desplegats al voltant de 5.000 efectius militars i al voltant de 2.100 mitjans t\u00e8cnics. Tamb\u00e9 s&#8217;han desplegat m\u00e9s de 1.700 efectius dels consorcis provincials de bombers, Bombers Forestals de la Generalitat i Protecci\u00f3 Civil, aix\u00ed com m\u00e9s de 300 bombers d&#8217;altres autonomies. En l&#8217;\u00e0mbit de la seguretat ciutadana, el Cos Nacional de Policia mant\u00e9 operatius al voltant de 1.800 agents i la Gu\u00e0rdia Civil altres 2.750, al costat de m\u00e9s de 440 efectius de les diferents policies locals. De fet, durant la nit del dissabte al diumenge es van practicar 23 detencions per pillatge i saquejos, d&#8217;elles, 16 van ser en el Centre Comercial Bonaire.<\/p>\n\n\n\n<p>D&#8217;altra banda s&#8217;han posat en marxa tres oficines per a la recepci\u00f3 de den\u00fancies per desaparicions durant la DANA a Algemes\u00ed (Central de la Policia Local), Alfafar (Edifici de Serveis Socials Municipals) i Paiporta (Ajuntament). En aquestes oficines s&#8217;atendr\u00e0 de manera integral als afectats tant en la presentaci\u00f3 de la den\u00fancia, la seua tramitaci\u00f3 i atenci\u00f3 integral psicosocial.<\/p>\n\n\n\n<figure class=\"wp-block-image size-large\"><img loading=\"lazy\" decoding=\"async\" width=\"724\" height=\"1024\" src=\"http:\/\/www.tucomarca.com\/wordpress\/segunda\/wp-content\/uploads\/2024\/11\/Alerta3Nov-724x1024.jpeg\" alt=\"\" class=\"wp-image-243324\" srcset=\"https:\/\/www.tucomarca.com\/wordpress\/segunda\/wp-content\/uploads\/2024\/11\/Alerta3Nov-724x1024.jpeg 724w, https:\/\/www.tucomarca.com\/wordpress\/segunda\/wp-content\/uploads\/2024\/11\/Alerta3Nov-212x300.jpeg 212w, https:\/\/www.tucomarca.com\/wordpress\/segunda\/wp-content\/uploads\/2024\/11\/Alerta3Nov-768x1086.jpeg 768w, https:\/\/www.tucomarca.com\/wordpress\/segunda\/wp-content\/uploads\/2024\/11\/Alerta3Nov-1086x1536.jpeg 1086w, https:\/\/www.tucomarca.com\/wordpress\/segunda\/wp-content\/uploads\/2024\/11\/Alerta3Nov.jpeg 1131w\" sizes=\"auto, (max-width: 724px) 100vw, 724px\" \/><\/figure>\n","protected":false},"excerpt":{"rendered":"<div class=\"mh-excerpt\">Els Reis, el president del Govern i el de la Generalitat assisteixen a la reuni\u00f3 del CECOPI on s&#8217;ha realitzat el seguiment de la situaci\u00f3 S&#8217;ha enviat un nou av\u00eds \u00c9S-Alert que adverteix de precipitacions <a class=\"mh-excerpt-more\" href=\"https:\/\/www.tucomarca.com\/wordpress\/segunda\/ca\/el-centre-de-coordinacio-demergencies-estableix-el-nivell-roig-per-fortes-pluges-en-el-litoral-sud-de-valencia\/\" title=\"El Centre de Coordinaci\u00f3 d&#8217;Emerg\u00e8ncies estableix el Nivell Roig per fortes pluges en el litoral sud de Val\u00e8ncia\">[+] <\/a><\/div>\n","protected":false},"author":12,"featured_media":243325,"comment_status":"open","ping_status":"open","sticky":false,"template":"","format":"standard","meta":{"footnotes":""},"categories":[21466,10948,10894,10904,10903,10896,10897],"tags":[15409,11199,12166],"class_list":{"0":"post-243327","1":"post","2":"type-post","3":"status-publish","4":"format-standard","5":"has-post-thumbnail","7":"category-dana-ca","8":"category-infraestructuras-ca","9":"category-la-comarca-ca","10":"category-sin-categorizar-ca","11":"category-medio-ambiente-la-comarca-ca","12":"category-seccion-ca","13":"category-sucesos-la-comarca-ca","14":"tag-dana-2-ca","15":"tag-la-comunitat-ca","16":"tag-medio-ambiente-ca"},"_links":{"self":[{"href":"https:\/\/www.tucomarca.com\/wordpress\/segunda\/ca\/wp-json\/wp\/v2\/posts\/243327","targetHints":{"allow":["GET"]}}],"collection":[{"href":"https:\/\/www.tucomarca.com\/wordpress\/segunda\/ca\/wp-json\/wp\/v2\/posts"}],"about":[{"href":"https:\/\/www.tucomarca.com\/wordpress\/segunda\/ca\/wp-json\/wp\/v2\/types\/post"}],"author":[{"embeddable":true,"href":"https:\/\/www.tucomarca.com\/wordpress\/segunda\/ca\/wp-json\/wp\/v2\/users\/12"}],"replies":[{"embeddable":true,"href":"https:\/\/www.tucomarca.com\/wordpress\/segunda\/ca\/wp-json\/wp\/v2\/comments?post=243327"}],"version-history":[{"count":0,"href":"https:\/\/www.tucomarca.com\/wordpress\/segunda\/ca\/wp-json\/wp\/v2\/posts\/243327\/revisions"}],"wp:featuredmedia":[{"embeddable":true,"href":"https:\/\/www.tucomarca.com\/wordpress\/segunda\/ca\/wp-json\/wp\/v2\/media\/243325"}],"wp:attachment":[{"href":"https:\/\/www.tucomarca.com\/wordpress\/segunda\/ca\/wp-json\/wp\/v2\/media?parent=243327"}],"wp:term":[{"taxonomy":"category","embeddable":true,"href":"https:\/\/www.tucomarca.com\/wordpress\/segunda\/ca\/wp-json\/wp\/v2\/categories?post=243327"},{"taxonomy":"post_tag","embeddable":true,"href":"https:\/\/www.tucomarca.com\/wordpress\/segunda\/ca\/wp-json\/wp\/v2\/tags?post=243327"}],"curies":[{"name":"wp","href":"https:\/\/api.w.org\/{rel}","templated":true}]}}