{"id":243343,"date":"2024-11-03T17:15:00","date_gmt":"2024-11-03T15:15:00","guid":{"rendered":"https:\/\/www.tucomarca.com\/wordpress\/segunda\/?p=243343"},"modified":"2024-11-03T22:52:04","modified_gmt":"2024-11-03T20:52:04","slug":"lajuntament-de-xest-no-necessita-donacions-ni-voluntariat-daltres-localitats-de-moment","status":"publish","type":"post","link":"https:\/\/www.tucomarca.com\/wordpress\/segunda\/ca\/lajuntament-de-xest-no-necessita-donacions-ni-voluntariat-daltres-localitats-de-moment\/","title":{"rendered":"L&#8217;Ajuntament de Xest no necessita donacions ni voluntariat d&#8217;altres localitats de moment"},"content":{"rendered":"\n<p>L&#8217;Ajuntament de Xest agraeix la solidaritat de totes les persones, entitats, empreses, ajuntaments, diputacions, etc. que s&#8217;han oferit per a col\u00b7laborar durant els \u00faltims dies, despr\u00e9s de les greus conseq\u00fc\u00e8ncies de la DANA.<\/p>\n\n\n\n<p><strong>Donacions de queviures i estris<\/strong><\/p>\n\n\n\n<p>L&#8217;Ajuntament no necessita, de moment, m\u00e9s donacions de menjar ni d&#8217;altres estris. Hi ha dues naus de les falles plenes de queviures per a garantir les necessitats de la poblaci\u00f3, d&#8217;urbanitzacions i disseminats, i s&#8217;est\u00e0 intentant arribar a totes les persones, independentment de la seua ubicaci\u00f3. En aquestes naus s&#8217;est\u00e0 guardant tamb\u00e9 menjar per a Xiva, que en aquest moment la localitat no pot gestionar.<\/p>\n\n\n\n<p><strong>Voluntariat d&#8217;altres localitats<\/strong><\/p>\n\n\n\n<p>Xest no necessita voluntariat procedent d&#8217;altres localitats, de moment. Es recomana que totes les persones d&#8217;altres poblacions que vulguen oferir la seua ajuda es dirigisquen als n\u00fameros de WhatsApp p\u00fablics habilitats per a coordinar a les persones volunt\u00e0ries:<\/p>\n\n\n\n<ul class=\"wp-block-list\">\n<li>La Foia de Bunyol: 690 027 099<\/li>\n\n\n\n<li>La Plana d&#8217;Utiel-Requena: 659 289 726<\/li>\n\n\n\n<li>L&#8217;Horta Sud: 682 177 249<\/li>\n<\/ul>\n\n\n\n<p>Tamb\u00e9 es pot escriure a somsolidaritat@gva.es.<br>Si posteriorment fora necess\u00e0ria ajuda i voluntariat es comunicar\u00e0 a trav\u00e9s de les plataformes informatives municipals.<\/p>\n\n\n\n<p><strong>Voluntariat de Xest<\/strong><\/p>\n\n\n\n<p>L&#8217;Ajuntament est\u00e0 gestionant la llista de voluntariat de Xest, organitzada per departaments i professions, amb nombroses persones col\u00b7laborant activament. Si alg\u00fa de la localitat encara no s&#8217;ha apuntat pot fer-ho a l&#8217;ajuntament.<br>Des de l&#8217;Ajuntament s&#8217;agraeix, de nou, l&#8217;explosi\u00f3 d&#8217;humanitat i solidaritat de la poblaci\u00f3 chestana i de tota Espanya.<\/p>\n","protected":false},"excerpt":{"rendered":"<div class=\"mh-excerpt\">L&#8217;Ajuntament de Xest agraeix la solidaritat de totes les persones, entitats, empreses, ajuntaments, diputacions, etc. que s&#8217;han oferit per a col\u00b7laborar durant els \u00faltims dies, despr\u00e9s de les greus conseq\u00fc\u00e8ncies de la DANA. Donacions de <a class=\"mh-excerpt-more\" href=\"https:\/\/www.tucomarca.com\/wordpress\/segunda\/ca\/lajuntament-de-xest-no-necessita-donacions-ni-voluntariat-daltres-localitats-de-moment\/\" title=\"L&#8217;Ajuntament de Xest no necessita donacions ni voluntariat d&#8217;altres localitats de moment\">[+] <\/a><\/div>\n","protected":false},"author":12,"featured_media":89187,"comment_status":"open","ping_status":"open","sticky":false,"template":"","format":"standard","meta":{"footnotes":""},"categories":[21466,10898,10948,10894,10904,10912,10947,10896,10897,10974],"tags":[11071,15409,10914,13636],"class_list":{"0":"post-243343","1":"post","2":"type-post","3":"status-publish","4":"format-standard","5":"has-post-thumbnail","7":"category-dana-ca","8":"category-ventana-ca","9":"category-infraestructuras-ca","10":"category-la-comarca-ca","11":"category-sin-categorizar-ca","12":"category-la-hoya-ca","13":"category-politica","14":"category-seccion-ca","15":"category-sucesos-la-comarca-ca","16":"category-cheste-ca","17":"tag-cheste","18":"tag-dana-2-ca","19":"tag-la-hoya-de-bunol-chiva-ca","20":"tag-voluntariado-ca"},"_links":{"self":[{"href":"https:\/\/www.tucomarca.com\/wordpress\/segunda\/ca\/wp-json\/wp\/v2\/posts\/243343","targetHints":{"allow":["GET"]}}],"collection":[{"href":"https:\/\/www.tucomarca.com\/wordpress\/segunda\/ca\/wp-json\/wp\/v2\/posts"}],"about":[{"href":"https:\/\/www.tucomarca.com\/wordpress\/segunda\/ca\/wp-json\/wp\/v2\/types\/post"}],"author":[{"embeddable":true,"href":"https:\/\/www.tucomarca.com\/wordpress\/segunda\/ca\/wp-json\/wp\/v2\/users\/12"}],"replies":[{"embeddable":true,"href":"https:\/\/www.tucomarca.com\/wordpress\/segunda\/ca\/wp-json\/wp\/v2\/comments?post=243343"}],"version-history":[{"count":0,"href":"https:\/\/www.tucomarca.com\/wordpress\/segunda\/ca\/wp-json\/wp\/v2\/posts\/243343\/revisions"}],"wp:featuredmedia":[{"embeddable":true,"href":"https:\/\/www.tucomarca.com\/wordpress\/segunda\/ca\/wp-json\/wp\/v2\/media\/89187"}],"wp:attachment":[{"href":"https:\/\/www.tucomarca.com\/wordpress\/segunda\/ca\/wp-json\/wp\/v2\/media?parent=243343"}],"wp:term":[{"taxonomy":"category","embeddable":true,"href":"https:\/\/www.tucomarca.com\/wordpress\/segunda\/ca\/wp-json\/wp\/v2\/categories?post=243343"},{"taxonomy":"post_tag","embeddable":true,"href":"https:\/\/www.tucomarca.com\/wordpress\/segunda\/ca\/wp-json\/wp\/v2\/tags?post=243343"}],"curies":[{"name":"wp","href":"https:\/\/api.w.org\/{rel}","templated":true}]}}