{"id":243563,"date":"2024-11-04T18:00:00","date_gmt":"2024-11-04T16:00:00","guid":{"rendered":"https:\/\/www.tucomarca.com\/wordpress\/segunda\/?p=243563"},"modified":"2024-11-04T20:25:23","modified_gmt":"2024-11-04T18:25:23","slug":"xiva-esperava-larribada-dels-reis-sanchez-i-mazon-amb-la-mateixa-indignacio-que-paiporta","status":"publish","type":"post","link":"https:\/\/www.tucomarca.com\/wordpress\/segunda\/ca\/xiva-esperava-larribada-dels-reis-sanchez-i-mazon-amb-la-mateixa-indignacio-que-paiporta\/","title":{"rendered":"Xiva esperava l&#8217;arribada dels Reis, S\u00e1nchez i Maz\u00f3n amb la mateixa indignaci\u00f3 que Paiporta"},"content":{"rendered":"\n<h3 class=\"wp-block-heading\">Els ve\u00efns van exterioritzar el mateix enuig, indignaci\u00f3, frustraci\u00f3 i sentiment d&#8217;aband\u00f3 que els conciutadans de Paiporta van expressar davant els Reis, S\u00e1nchez i Maz\u00f3n.<\/h3>\n\n\n\n<h3 class=\"wp-block-heading\">Els ve\u00efns congregats davant les portes de l&#8217;Ajuntament van victorejar i van aplaudir cada vegada que transitaven por la zona tractores con voluntaris i ve\u00efns de les labores de neteja.<\/h3>\n\n\n\n<h3 class=\"wp-block-heading\">Esbroncs i crits de &#8220;covards&#8221; quan es va confirmar que les primeres autoritats de l&#8217;Estat no visitarien el nucli urb\u00e0 de Xiva.<\/h3>\n\n\n\n<figure class=\"wp-block-gallery has-nested-images columns-2 is-cropped wp-block-gallery-1 is-layout-flex wp-block-gallery-is-layout-flex\">\n<figure class=\"wp-block-image size-large\"><img loading=\"lazy\" decoding=\"async\" width=\"850\" height=\"464\" data-id=\"243450\" src=\"https:\/\/www.tucomarca.com\/wordpress\/segunda\/wp-content\/uploads\/2024\/11\/DANA_Chiva_Autoridades10.png\" alt=\"\" class=\"wp-image-243450\" srcset=\"https:\/\/www.tucomarca.com\/wordpress\/segunda\/wp-content\/uploads\/2024\/11\/DANA_Chiva_Autoridades10.png 850w, https:\/\/www.tucomarca.com\/wordpress\/segunda\/wp-content\/uploads\/2024\/11\/DANA_Chiva_Autoridades10-300x164.png 300w, https:\/\/www.tucomarca.com\/wordpress\/segunda\/wp-content\/uploads\/2024\/11\/DANA_Chiva_Autoridades10-768x419.png 768w\" sizes=\"auto, (max-width: 850px) 100vw, 850px\" \/><\/figure>\n\n\n\n<figure class=\"wp-block-image size-large\"><img loading=\"lazy\" decoding=\"async\" width=\"850\" height=\"457\" data-id=\"243452\" src=\"https:\/\/www.tucomarca.com\/wordpress\/segunda\/wp-content\/uploads\/2024\/11\/DANA_Chiva_Autoridades11.png\" alt=\"\" class=\"wp-image-243452\" srcset=\"https:\/\/www.tucomarca.com\/wordpress\/segunda\/wp-content\/uploads\/2024\/11\/DANA_Chiva_Autoridades11.png 850w, https:\/\/www.tucomarca.com\/wordpress\/segunda\/wp-content\/uploads\/2024\/11\/DANA_Chiva_Autoridades11-300x161.png 300w, https:\/\/www.tucomarca.com\/wordpress\/segunda\/wp-content\/uploads\/2024\/11\/DANA_Chiva_Autoridades11-768x413.png 768w\" sizes=\"auto, (max-width: 850px) 100vw, 850px\" \/><\/figure>\n\n\n\n<figure class=\"wp-block-image size-large\"><img loading=\"lazy\" decoding=\"async\" width=\"850\" height=\"475\" data-id=\"243469\" src=\"https:\/\/www.tucomarca.com\/wordpress\/segunda\/wp-content\/uploads\/2024\/11\/DANA_Chiva_Autoridades04.png\" alt=\"\" class=\"wp-image-243469\" srcset=\"https:\/\/www.tucomarca.com\/wordpress\/segunda\/wp-content\/uploads\/2024\/11\/DANA_Chiva_Autoridades04.png 850w, https:\/\/www.tucomarca.com\/wordpress\/segunda\/wp-content\/uploads\/2024\/11\/DANA_Chiva_Autoridades04-300x168.png 300w, https:\/\/www.tucomarca.com\/wordpress\/segunda\/wp-content\/uploads\/2024\/11\/DANA_Chiva_Autoridades04-768x429.png 768w\" sizes=\"auto, (max-width: 850px) 100vw, 850px\" \/><\/figure>\n<\/figure>\n\n\n\n<p>Desenes, i conforme es va anar corrent la veu por ho poble, centenars de ve\u00efns i ve\u00efnes de Xiva es van congregar davant les portes de la casa consistorial de la localitat, pla\u00e7a Gil Escart\u00ed i calle Doctor N\u00e1cher per a rebre als Reis d&#8217;Espanya, Felipe i Letizia, els qui es pressuposava que vindrien acampats tant del president del Govern, Pedro S\u00e1nchez, com del de la Generalitat Valenciana, Carlos Maz\u00f3n.<\/p>\n\n\n\n<p>La noticia va comen\u00e7ar a c\u00f3rrer com la p\u00f3lvora passades les dotze del migdia, quan comen\u00e7aven a vers els primers mitjans de comunicaci\u00f3, especialment cadenes de televisi\u00f3 d&#8217;\u00e0mbit nacional, prenent posiciones tant en la pla\u00e7a del poble com davant les portes de l&#8217;Ajuntament.<\/p>\n\n\n\n<p>A poc a poc, el nombre de ve\u00efns all\u00ed congregats anava augmentant igual que latemperatura de l&#8217;ambiente, que s&#8217;anava caldejant i que passades l&#8217;una de la tarde comen\u00e7ava a combinar un to entre la incertesa i la protesta.<\/p>\n\n\n\n<figure class=\"wp-block-gallery has-nested-images columns-2 is-cropped wp-block-gallery-2 is-layout-flex wp-block-gallery-is-layout-flex\">\n<figure class=\"wp-block-image size-large\"><img loading=\"lazy\" decoding=\"async\" width=\"850\" height=\"475\" data-id=\"243460\" src=\"https:\/\/www.tucomarca.com\/wordpress\/segunda\/wp-content\/uploads\/2024\/11\/DANA_Chiva_Autoridades15.png\" alt=\"\" class=\"wp-image-243460\" srcset=\"https:\/\/www.tucomarca.com\/wordpress\/segunda\/wp-content\/uploads\/2024\/11\/DANA_Chiva_Autoridades15.png 850w, https:\/\/www.tucomarca.com\/wordpress\/segunda\/wp-content\/uploads\/2024\/11\/DANA_Chiva_Autoridades15-300x168.png 300w, https:\/\/www.tucomarca.com\/wordpress\/segunda\/wp-content\/uploads\/2024\/11\/DANA_Chiva_Autoridades15-768x429.png 768w\" sizes=\"auto, (max-width: 850px) 100vw, 850px\" \/><\/figure>\n\n\n\n<figure class=\"wp-block-image size-large\"><img loading=\"lazy\" decoding=\"async\" width=\"850\" height=\"476\" data-id=\"243456\" src=\"https:\/\/www.tucomarca.com\/wordpress\/segunda\/wp-content\/uploads\/2024\/11\/DANA_Chiva_Autoridades13.png\" alt=\"\" class=\"wp-image-243456\" srcset=\"https:\/\/www.tucomarca.com\/wordpress\/segunda\/wp-content\/uploads\/2024\/11\/DANA_Chiva_Autoridades13.png 850w, https:\/\/www.tucomarca.com\/wordpress\/segunda\/wp-content\/uploads\/2024\/11\/DANA_Chiva_Autoridades13-300x168.png 300w, https:\/\/www.tucomarca.com\/wordpress\/segunda\/wp-content\/uploads\/2024\/11\/DANA_Chiva_Autoridades13-768x430.png 768w, https:\/\/www.tucomarca.com\/wordpress\/segunda\/wp-content\/uploads\/2024\/11\/DANA_Chiva_Autoridades13-678x381.png 678w\" sizes=\"auto, (max-width: 850px) 100vw, 850px\" \/><\/figure>\n\n\n\n<figure class=\"wp-block-image size-large\"><img loading=\"lazy\" decoding=\"async\" width=\"850\" height=\"475\" data-id=\"243465\" src=\"https:\/\/www.tucomarca.com\/wordpress\/segunda\/wp-content\/uploads\/2024\/11\/DANA_Chiva_Autoridades02.png\" alt=\"\" class=\"wp-image-243465\" srcset=\"https:\/\/www.tucomarca.com\/wordpress\/segunda\/wp-content\/uploads\/2024\/11\/DANA_Chiva_Autoridades02.png 850w, https:\/\/www.tucomarca.com\/wordpress\/segunda\/wp-content\/uploads\/2024\/11\/DANA_Chiva_Autoridades02-300x168.png 300w, https:\/\/www.tucomarca.com\/wordpress\/segunda\/wp-content\/uploads\/2024\/11\/DANA_Chiva_Autoridades02-768x429.png 768w\" sizes=\"auto, (max-width: 850px) 100vw, 850px\" \/><\/figure>\n\n\n\n<figure class=\"wp-block-image size-large\"><img loading=\"lazy\" decoding=\"async\" width=\"850\" height=\"476\" data-id=\"243463\" src=\"https:\/\/www.tucomarca.com\/wordpress\/segunda\/wp-content\/uploads\/2024\/11\/DANA_Chiva_Autoridades01.png\" alt=\"\" class=\"wp-image-243463\" srcset=\"https:\/\/www.tucomarca.com\/wordpress\/segunda\/wp-content\/uploads\/2024\/11\/DANA_Chiva_Autoridades01.png 850w, https:\/\/www.tucomarca.com\/wordpress\/segunda\/wp-content\/uploads\/2024\/11\/DANA_Chiva_Autoridades01-300x168.png 300w, https:\/\/www.tucomarca.com\/wordpress\/segunda\/wp-content\/uploads\/2024\/11\/DANA_Chiva_Autoridades01-768x430.png 768w, https:\/\/www.tucomarca.com\/wordpress\/segunda\/wp-content\/uploads\/2024\/11\/DANA_Chiva_Autoridades01-678x381.png 678w\" sizes=\"auto, (max-width: 850px) 100vw, 850px\" \/><\/figure>\n\n\n\n<figure class=\"wp-block-image size-large\"><img loading=\"lazy\" decoding=\"async\" width=\"850\" height=\"476\" data-id=\"243467\" src=\"https:\/\/www.tucomarca.com\/wordpress\/segunda\/wp-content\/uploads\/2024\/11\/DANA_Chiva_Autoridades03.png\" alt=\"\" class=\"wp-image-243467\" srcset=\"https:\/\/www.tucomarca.com\/wordpress\/segunda\/wp-content\/uploads\/2024\/11\/DANA_Chiva_Autoridades03.png 850w, https:\/\/www.tucomarca.com\/wordpress\/segunda\/wp-content\/uploads\/2024\/11\/DANA_Chiva_Autoridades03-300x168.png 300w, https:\/\/www.tucomarca.com\/wordpress\/segunda\/wp-content\/uploads\/2024\/11\/DANA_Chiva_Autoridades03-768x430.png 768w, https:\/\/www.tucomarca.com\/wordpress\/segunda\/wp-content\/uploads\/2024\/11\/DANA_Chiva_Autoridades03-678x381.png 678w\" sizes=\"auto, (max-width: 850px) 100vw, 850px\" \/><\/figure>\n\n\n\n<figure class=\"wp-block-image size-large\"><img loading=\"lazy\" decoding=\"async\" width=\"850\" height=\"476\" data-id=\"243473\" src=\"https:\/\/www.tucomarca.com\/wordpress\/segunda\/wp-content\/uploads\/2024\/11\/DANA_Chiva_Autoridades06.png\" alt=\"\" class=\"wp-image-243473\" srcset=\"https:\/\/www.tucomarca.com\/wordpress\/segunda\/wp-content\/uploads\/2024\/11\/DANA_Chiva_Autoridades06.png 850w, https:\/\/www.tucomarca.com\/wordpress\/segunda\/wp-content\/uploads\/2024\/11\/DANA_Chiva_Autoridades06-300x168.png 300w, https:\/\/www.tucomarca.com\/wordpress\/segunda\/wp-content\/uploads\/2024\/11\/DANA_Chiva_Autoridades06-768x430.png 768w, https:\/\/www.tucomarca.com\/wordpress\/segunda\/wp-content\/uploads\/2024\/11\/DANA_Chiva_Autoridades06-678x381.png 678w\" sizes=\"auto, (max-width: 850px) 100vw, 850px\" \/><\/figure>\n\n\n\n<figure class=\"wp-block-image size-large\"><img loading=\"lazy\" decoding=\"async\" width=\"850\" height=\"477\" data-id=\"243471\" src=\"https:\/\/www.tucomarca.com\/wordpress\/segunda\/wp-content\/uploads\/2024\/11\/DANA_Chiva_Autoridades05.png\" alt=\"\" class=\"wp-image-243471\" srcset=\"https:\/\/www.tucomarca.com\/wordpress\/segunda\/wp-content\/uploads\/2024\/11\/DANA_Chiva_Autoridades05.png 850w, https:\/\/www.tucomarca.com\/wordpress\/segunda\/wp-content\/uploads\/2024\/11\/DANA_Chiva_Autoridades05-300x168.png 300w, https:\/\/www.tucomarca.com\/wordpress\/segunda\/wp-content\/uploads\/2024\/11\/DANA_Chiva_Autoridades05-768x431.png 768w, https:\/\/www.tucomarca.com\/wordpress\/segunda\/wp-content\/uploads\/2024\/11\/DANA_Chiva_Autoridades05-678x381.png 678w\" sizes=\"auto, (max-width: 850px) 100vw, 850px\" \/><\/figure>\n<\/figure>\n\n\n\n<p>Davant la tensi\u00f3 continguda tots els presentes, els aplaudiments i les mostres de suport van ser les primeres mostres que els ve\u00efns van comen\u00e7ar a exterioritzar al pas entre els all\u00ed congregats cadascun dels tractores que travessaven la calle Doctor N\u00e1cher condu\u00efts por voluntaris i agricultores. &#8220;El poble, unit, mai ser\u00e0 ven\u00e7ut&#8221;, eren alguns dels c\u00e0ntics que van entonar els presentes.<\/p>\n\n\n\n<p>Entre els qui esperaven per a rebre a les autoritats locals es trobava tinenta d&#8217;alcalde de l&#8217;Ajuntament de la localitat, Miguel Olmo Gim\u00e9nez, qui agra\u00efa la labor de tots els voluntaris al poble; aix\u00ed com desenes de mitjans de comunicaci\u00f3 els qui an\u00e0vem rebent confirmacions i desconvocatorias d&#8217;una visita que, despr\u00e9s de tindre coneixement de les protestes i els altercats que s&#8217;havien produ\u00eft a Paiporta, semblava que anava a tindre lloc.<\/p>\n\n\n\n<p>Unes primeres autoritats de la naci\u00f3 que van ser rebudes al crit de &#8220;assassins&#8221;; que van haver de sentir els crits de dimissi\u00f3 d&#8217;una poblaci\u00f3 indignada que se sent totalment abandona, una sensaci\u00f3 compartida por la immensa majoria de ciutadans dels municipis que han sigut m\u00e9s durament colpejats por la gran DANA i la posterior riuada el passat martes, 29 d&#8217;octubre.<\/p>\n\n\n\n<figure class=\"wp-block-gallery has-nested-images columns-2 is-cropped wp-block-gallery-3 is-layout-flex wp-block-gallery-is-layout-flex\">\n<figure class=\"wp-block-image size-large\"><img loading=\"lazy\" decoding=\"async\" width=\"850\" height=\"476\" data-id=\"243458\" src=\"https:\/\/www.tucomarca.com\/wordpress\/segunda\/wp-content\/uploads\/2024\/11\/DANA_Chiva_Autoridades14.png\" alt=\"\" class=\"wp-image-243458\" srcset=\"https:\/\/www.tucomarca.com\/wordpress\/segunda\/wp-content\/uploads\/2024\/11\/DANA_Chiva_Autoridades14.png 850w, https:\/\/www.tucomarca.com\/wordpress\/segunda\/wp-content\/uploads\/2024\/11\/DANA_Chiva_Autoridades14-300x168.png 300w, https:\/\/www.tucomarca.com\/wordpress\/segunda\/wp-content\/uploads\/2024\/11\/DANA_Chiva_Autoridades14-768x430.png 768w, https:\/\/www.tucomarca.com\/wordpress\/segunda\/wp-content\/uploads\/2024\/11\/DANA_Chiva_Autoridades14-678x381.png 678w\" sizes=\"auto, (max-width: 850px) 100vw, 850px\" \/><\/figure>\n\n\n\n<figure class=\"wp-block-image size-large\"><img loading=\"lazy\" decoding=\"async\" width=\"850\" height=\"476\" data-id=\"243475\" src=\"https:\/\/www.tucomarca.com\/wordpress\/segunda\/wp-content\/uploads\/2024\/11\/DANA_Chiva_Autoridades07.png\" alt=\"\" class=\"wp-image-243475\" srcset=\"https:\/\/www.tucomarca.com\/wordpress\/segunda\/wp-content\/uploads\/2024\/11\/DANA_Chiva_Autoridades07.png 850w, https:\/\/www.tucomarca.com\/wordpress\/segunda\/wp-content\/uploads\/2024\/11\/DANA_Chiva_Autoridades07-300x168.png 300w, https:\/\/www.tucomarca.com\/wordpress\/segunda\/wp-content\/uploads\/2024\/11\/DANA_Chiva_Autoridades07-768x430.png 768w, https:\/\/www.tucomarca.com\/wordpress\/segunda\/wp-content\/uploads\/2024\/11\/DANA_Chiva_Autoridades07-678x381.png 678w\" sizes=\"auto, (max-width: 850px) 100vw, 850px\" \/><\/figure>\n\n\n\n<figure class=\"wp-block-image size-large\"><img loading=\"lazy\" decoding=\"async\" width=\"850\" height=\"460\" data-id=\"243479\" src=\"https:\/\/www.tucomarca.com\/wordpress\/segunda\/wp-content\/uploads\/2024\/11\/DANA_Chiva_Autoridades09.png\" alt=\"\" class=\"wp-image-243479\" srcset=\"https:\/\/www.tucomarca.com\/wordpress\/segunda\/wp-content\/uploads\/2024\/11\/DANA_Chiva_Autoridades09.png 850w, https:\/\/www.tucomarca.com\/wordpress\/segunda\/wp-content\/uploads\/2024\/11\/DANA_Chiva_Autoridades09-300x162.png 300w, https:\/\/www.tucomarca.com\/wordpress\/segunda\/wp-content\/uploads\/2024\/11\/DANA_Chiva_Autoridades09-768x416.png 768w\" sizes=\"auto, (max-width: 850px) 100vw, 850px\" \/><\/figure>\n<\/figure>\n\n\n\n<p>La llegada de dues dotacions dels GRS de la Gu\u00e0rdia Civil que van acordonar la zona per a protegir la comitiva va ser rebuda con aplaudiments; encara que la seua retirada, passades les tres de la tarde, va ser acomiadada con xiulades i con crits de covards, no dirigits directament cap als agents, sin\u00f3 m\u00e9s aviat cap a unes autoritats que no es van atrevir a visitar Xiva davant la resposta con la que van ser rebuts a Paiporta.<\/p>\n","protected":false},"excerpt":{"rendered":"<div class=\"mh-excerpt\">Els ve\u00efns van exterioritzar el mateix enuig, indignaci\u00f3, frustraci\u00f3 i sentiment d&#8217;aband\u00f3 que els conciutadans de Paiporta van expressar davant els Reis, S\u00e1nchez i Maz\u00f3n. Els ve\u00efns congregats davant les portes de l&#8217;Ajuntament van victorejar <a class=\"mh-excerpt-more\" href=\"https:\/\/www.tucomarca.com\/wordpress\/segunda\/ca\/xiva-esperava-larribada-dels-reis-sanchez-i-mazon-amb-la-mateixa-indignacio-que-paiporta\/\" title=\"Xiva esperava l&#8217;arribada dels Reis, S\u00e1nchez i Maz\u00f3n amb la mateixa indignaci\u00f3 que Paiporta\">[+] <\/a><\/div>\n","protected":false},"author":1,"featured_media":243613,"comment_status":"open","ping_status":"open","sticky":false,"template":"","format":"gallery","meta":{"footnotes":""},"categories":[21466,10898,10948,10894,10904,10912,10947,10896,10897,10975],"tags":[11195,15409,10914,21470],"class_list":{"0":"post-243563","1":"post","2":"type-post","3":"status-publish","4":"format-gallery","5":"has-post-thumbnail","7":"category-dana-ca","8":"category-ventana-ca","9":"category-infraestructuras-ca","10":"category-la-comarca-ca","11":"category-sin-categorizar-ca","12":"category-la-hoya-ca","13":"category-politica","14":"category-seccion-ca","15":"category-sucesos-la-comarca-ca","16":"category-chiva-ca","17":"tag-chiva-ca","18":"tag-dana-2-ca","19":"tag-la-hoya-de-bunol-chiva-ca","20":"tag-reyes-ca","21":"post_format-post-format-gallery"},"_links":{"self":[{"href":"https:\/\/www.tucomarca.com\/wordpress\/segunda\/ca\/wp-json\/wp\/v2\/posts\/243563","targetHints":{"allow":["GET"]}}],"collection":[{"href":"https:\/\/www.tucomarca.com\/wordpress\/segunda\/ca\/wp-json\/wp\/v2\/posts"}],"about":[{"href":"https:\/\/www.tucomarca.com\/wordpress\/segunda\/ca\/wp-json\/wp\/v2\/types\/post"}],"author":[{"embeddable":true,"href":"https:\/\/www.tucomarca.com\/wordpress\/segunda\/ca\/wp-json\/wp\/v2\/users\/1"}],"replies":[{"embeddable":true,"href":"https:\/\/www.tucomarca.com\/wordpress\/segunda\/ca\/wp-json\/wp\/v2\/comments?post=243563"}],"version-history":[{"count":0,"href":"https:\/\/www.tucomarca.com\/wordpress\/segunda\/ca\/wp-json\/wp\/v2\/posts\/243563\/revisions"}],"wp:featuredmedia":[{"embeddable":true,"href":"https:\/\/www.tucomarca.com\/wordpress\/segunda\/ca\/wp-json\/wp\/v2\/media\/243613"}],"wp:attachment":[{"href":"https:\/\/www.tucomarca.com\/wordpress\/segunda\/ca\/wp-json\/wp\/v2\/media?parent=243563"}],"wp:term":[{"taxonomy":"category","embeddable":true,"href":"https:\/\/www.tucomarca.com\/wordpress\/segunda\/ca\/wp-json\/wp\/v2\/categories?post=243563"},{"taxonomy":"post_tag","embeddable":true,"href":"https:\/\/www.tucomarca.com\/wordpress\/segunda\/ca\/wp-json\/wp\/v2\/tags?post=243563"}],"curies":[{"name":"wp","href":"https:\/\/api.w.org\/{rel}","templated":true}]}}