{"id":243870,"date":"2024-11-05T09:10:00","date_gmt":"2024-11-05T07:10:00","guid":{"rendered":"https:\/\/www.tucomarca.com\/wordpress\/segunda\/?p=243870"},"modified":"2024-11-05T20:01:08","modified_gmt":"2024-11-05T18:01:08","slug":"labora-traslladara-dos-autobusos-a-les-zones-afectades-per-la-dana-per-a-agilitzar-els-tramits-que-hagen-de-fer-empreses-i-treballadors","status":"publish","type":"post","link":"https:\/\/www.tucomarca.com\/wordpress\/segunda\/ca\/labora-traslladara-dos-autobusos-a-les-zones-afectades-per-la-dana-per-a-agilitzar-els-tramits-que-hagen-de-fer-empreses-i-treballadors\/","title":{"rendered":"Labora traslladar\u00e0 dos autobusos a les zones afectades per la DANA per a agilitzar els tr\u00e0mits que hagen de fer empreses i treballadors"},"content":{"rendered":"\n<h3 class=\"wp-block-heading\">L\u2019objectiu del Consell \u00e9s generar un escut de protecci\u00f3 per a les empreses i treballadors afectats per la DANA.<\/h3>\n\n\n\n<h3 class=\"wp-block-heading\">Fins al moment s\u2019han presentat 50 ERTO en la Direcci\u00f3 General de Treball que afecten 300 persones.<\/h3>\n\n\n\n<p>El Servici P\u00fablic d\u2019Ocupaci\u00f3 i Formaci\u00f3 de la Comunitat Valenciana, Labora, disposar\u00e0 de dos autobusos que traslladar\u00e0 als municipis afectats per la DANA per a agilitzar els tr\u00e0mits que hagen de fer les empreses i els treballadors per a afrontar la situaci\u00f3 laboral amb la millor de les garanties.<\/p>\n\n\n\n<p>Les empreses tenen a la seua disposici\u00f3 el mecanisme dels expedients de regulaci\u00f3 temporal d\u2019ocupaci\u00f3 per for\u00e7a major, que eximix l\u2019empresa del pagament de cotitzacions i els treballadors reben la prestaci\u00f3 amb car\u00e0cter retroactiu sense que consumisquen desocupaci\u00f3.<\/p>\n\n\n\n<p>El comprom\u00eds \u00e9s tramitar els ERTO en nom\u00e9s cinc dies amb l\u2019objectiu que tant les empreses com els treballadors patisquen el menys possible les conseq\u00fc\u00e8ncies econ\u00f2miques. Aix\u00ed, tota la maquin\u00e0ria administrativa s\u2019ha posat al servici de les persones afectades per esta situaci\u00f3.<\/p>\n\n\n\n<p>D\u2019esta manera, el Consell fixar\u00e0 en depend\u00e8ncies municipals i en els dos autobusos de Labora punts d\u2019atenci\u00f3 per a tramitar els expedients amb la m\u00e0xima celeritat. S\u2019est\u00e0 treballant de manera coordinada amb el Ministeri de Treball amb l\u2019objectiu de generar un escut de protecci\u00f3 per a les empreses i treballadors afectats per la DANA.<\/p>\n\n\n\n<p>Des de Labora s\u2019est\u00e0 treballant en dos vies: d\u2019una banda, posant tots els esfor\u00e7os en el blindatge als treballadors i a les empreses perqu\u00e8 patisquen les conseq\u00fc\u00e8ncies el menys possible i, d\u2019altra banda, treballant ja en la reconstrucci\u00f3. Aix\u00ed mateix, Labora posar\u00e0 en marxa un pla d\u2019ocupaci\u00f3 enfocada en la zona afectada per la DANA de la prov\u00edncia de Val\u00e8ncia.<\/p>\n\n\n\n<p>Quant als ERTO, fins al moment se n\u2019han presentat 50 en la Direcci\u00f3 General de Treball amb 300 persones afectades. Empreses i treballadors tenen a disposici\u00f3 el correu dana_ocupacio@gva.es per a solucionar qualsevol tipus de dubte.<\/p>\n","protected":false},"excerpt":{"rendered":"<div class=\"mh-excerpt\">L\u2019objectiu del Consell \u00e9s generar un escut de protecci\u00f3 per a les empreses i treballadors afectats per la DANA. Fins al moment s\u2019han presentat 50 ERTO en la Direcci\u00f3 General de Treball que afecten 300 <a class=\"mh-excerpt-more\" href=\"https:\/\/www.tucomarca.com\/wordpress\/segunda\/ca\/labora-traslladara-dos-autobusos-a-les-zones-afectades-per-la-dana-per-a-agilitzar-els-tramits-que-hagen-de-fer-empreses-i-treballadors\/\" title=\"Labora traslladar\u00e0 dos autobusos a les zones afectades per la DANA per a agilitzar els tr\u00e0mits que hagen de fer empreses i treballadors\">[+] <\/a><\/div>\n","protected":false},"author":13,"featured_media":243235,"comment_status":"open","ping_status":"open","sticky":false,"template":"","format":"standard","meta":{"footnotes":""},"categories":[21466,10898,10948,10894,10904,10903,10947,10896,10897],"tags":[15409,12903,11199,12166],"class_list":{"0":"post-243870","1":"post","2":"type-post","3":"status-publish","4":"format-standard","5":"has-post-thumbnail","7":"category-dana-ca","8":"category-ventana-ca","9":"category-infraestructuras-ca","10":"category-la-comarca-ca","11":"category-sin-categorizar-ca","12":"category-medio-ambiente-la-comarca-ca","13":"category-politica","14":"category-seccion-ca","15":"category-sucesos-la-comarca-ca","16":"tag-dana-2-ca","17":"tag-infraestructuras-ca","18":"tag-la-comunitat-ca","19":"tag-medio-ambiente-ca"},"_links":{"self":[{"href":"https:\/\/www.tucomarca.com\/wordpress\/segunda\/ca\/wp-json\/wp\/v2\/posts\/243870","targetHints":{"allow":["GET"]}}],"collection":[{"href":"https:\/\/www.tucomarca.com\/wordpress\/segunda\/ca\/wp-json\/wp\/v2\/posts"}],"about":[{"href":"https:\/\/www.tucomarca.com\/wordpress\/segunda\/ca\/wp-json\/wp\/v2\/types\/post"}],"author":[{"embeddable":true,"href":"https:\/\/www.tucomarca.com\/wordpress\/segunda\/ca\/wp-json\/wp\/v2\/users\/13"}],"replies":[{"embeddable":true,"href":"https:\/\/www.tucomarca.com\/wordpress\/segunda\/ca\/wp-json\/wp\/v2\/comments?post=243870"}],"version-history":[{"count":0,"href":"https:\/\/www.tucomarca.com\/wordpress\/segunda\/ca\/wp-json\/wp\/v2\/posts\/243870\/revisions"}],"wp:featuredmedia":[{"embeddable":true,"href":"https:\/\/www.tucomarca.com\/wordpress\/segunda\/ca\/wp-json\/wp\/v2\/media\/243235"}],"wp:attachment":[{"href":"https:\/\/www.tucomarca.com\/wordpress\/segunda\/ca\/wp-json\/wp\/v2\/media?parent=243870"}],"wp:term":[{"taxonomy":"category","embeddable":true,"href":"https:\/\/www.tucomarca.com\/wordpress\/segunda\/ca\/wp-json\/wp\/v2\/categories?post=243870"},{"taxonomy":"post_tag","embeddable":true,"href":"https:\/\/www.tucomarca.com\/wordpress\/segunda\/ca\/wp-json\/wp\/v2\/tags?post=243870"}],"curies":[{"name":"wp","href":"https:\/\/api.w.org\/{rel}","templated":true}]}}