{"id":243887,"date":"2024-11-05T11:45:00","date_gmt":"2024-11-05T09:45:00","guid":{"rendered":"https:\/\/www.tucomarca.com\/wordpress\/segunda\/?p=243887"},"modified":"2024-11-05T20:47:24","modified_gmt":"2024-11-05T18:47:24","slug":"transport-connectivitat-i-serveis-basics-principals-necessitats-dafectats-per-la-riuada-segons-enquesta-de-la-upv","status":"publish","type":"post","link":"https:\/\/www.tucomarca.com\/wordpress\/segunda\/ca\/transport-connectivitat-i-serveis-basics-principals-necessitats-dafectats-per-la-riuada-segons-enquesta-de-la-upv\/","title":{"rendered":"Transport, connectivitat i serveis b\u00e0sics: principals necessitats d&#8217;afectats per la riuada segons enquesta de la UPV"},"content":{"rendered":"\n<p>La UPV ha realitzat un proc\u00e9s exhaustiu d&#8217;atenci\u00f3 telef\u00f2nica, contactant amb m\u00e9s de 1000 persones afectades directament per la riuada, i localitzades en la zona zero.<\/p>\n\n\n\n<p>Despr\u00e9s de documentar les necessitats comunicades, s&#8217;han aconseguit les dades recaptades concloent les seg\u00fcents necessitats m\u00e9s demandades per les persones contactades:<\/p>\n\n\n\n<ul class=\"wp-block-list\">\n<li><strong>Transport: <\/strong>Aquesta \u00e9s la necessitat m\u00e9s esmentada, representant el 35% del total. Moltes persones han perdut els seus cotxes i enfronten dificultats per a despla\u00e7ar-se, afectant el seu acc\u00e9s a serveis b\u00e0sics, treball, i activitats acad\u00e8miques.<\/li>\n\n\n\n<li><strong>Internet i connectivitat:<\/strong> La falta de connectivitat \u00e9s una altra preocupaci\u00f3 important, representant el 23% de les necessitats. Aquest problema limita a molts en les seues activitats laborals o educatives, especialment els qui necessiten acc\u00e9s estable per al teletreball o estudis en l\u00ednia.<\/li>\n\n\n\n<li><strong>Aigua i electricitat:<\/strong> Un 20% de les respostes van esmentar la falta d&#8217;aigua i electricitat en els seus domicilis, la qual cosa impacta la seua vida di\u00e0ria i les labors de neteja i recuperaci\u00f3 despr\u00e9s de la riuada.<\/li>\n\n\n\n<li><strong>Material de neteja i protecci\u00f3: <\/strong>Un 12% dels afectats necessita elements de neteja, com a botes, guants, i m\u00e0scares, per a poder treballar en la recuperaci\u00f3 de les seues llars i comunitats.<\/li>\n\n\n\n<li><strong>Suport psicol\u00f2gic: <\/strong>El 9% de les persones va manifestar la necessitat de suport psicol\u00f2gic a causa de la p\u00e8rdua de b\u00e9ns, experi\u00e8ncies traum\u00e0tiques, o la pressi\u00f3 de les labors de recuperaci\u00f3.<\/li>\n\n\n\n<li><strong>Suport econ\u00f2mic:<\/strong> Finalment, un 6% dels enquestats va indicar requerir ajuda econ\u00f2mica per a cobrir danys materials, especialment els qui van perdre vehicles, maquin\u00e0ria, o mobiliari en els seus habitatges o negocis.<\/li>\n<\/ul>\n\n\n\n<p>Aquests percentatges mostren les \u00e0rees d&#8217;intervenci\u00f3 priorit\u00e0ria per a assistir als afectats per la inundaci\u00f3 i es posen en comunicaci\u00f3 a les autoritats perqu\u00e8 siguen conscients de la percepci\u00f3 dels afectats i actuen d&#8217;acord.<\/p>\n","protected":false},"excerpt":{"rendered":"<div class=\"mh-excerpt\">La UPV ha realitzat un proc\u00e9s exhaustiu d&#8217;atenci\u00f3 telef\u00f2nica, contactant amb m\u00e9s de 1000 persones afectades directament per la riuada, i localitzades en la zona zero. Despr\u00e9s de documentar les necessitats comunicades, s&#8217;han aconseguit les <a class=\"mh-excerpt-more\" href=\"https:\/\/www.tucomarca.com\/wordpress\/segunda\/ca\/transport-connectivitat-i-serveis-basics-principals-necessitats-dafectats-per-la-riuada-segons-enquesta-de-la-upv\/\" title=\"Transport, connectivitat i serveis b\u00e0sics: principals necessitats d&#8217;afectats per la riuada segons enquesta de la UPV\">[+] <\/a><\/div>\n","protected":false},"author":13,"featured_media":243928,"comment_status":"open","ping_status":"open","sticky":false,"template":"","format":"standard","meta":{"footnotes":""},"categories":[21466,10898,10904],"tags":[16483,15409,11199,12693],"class_list":{"0":"post-243887","1":"post","2":"type-post","3":"status-publish","4":"format-standard","5":"has-post-thumbnail","7":"category-dana-ca","8":"category-ventana-ca","9":"category-sin-categorizar-ca","10":"tag-ayuda-ca","11":"tag-dana-2-ca","12":"tag-la-comunitat-ca","13":"tag-upv-ca"},"_links":{"self":[{"href":"https:\/\/www.tucomarca.com\/wordpress\/segunda\/ca\/wp-json\/wp\/v2\/posts\/243887","targetHints":{"allow":["GET"]}}],"collection":[{"href":"https:\/\/www.tucomarca.com\/wordpress\/segunda\/ca\/wp-json\/wp\/v2\/posts"}],"about":[{"href":"https:\/\/www.tucomarca.com\/wordpress\/segunda\/ca\/wp-json\/wp\/v2\/types\/post"}],"author":[{"embeddable":true,"href":"https:\/\/www.tucomarca.com\/wordpress\/segunda\/ca\/wp-json\/wp\/v2\/users\/13"}],"replies":[{"embeddable":true,"href":"https:\/\/www.tucomarca.com\/wordpress\/segunda\/ca\/wp-json\/wp\/v2\/comments?post=243887"}],"version-history":[{"count":0,"href":"https:\/\/www.tucomarca.com\/wordpress\/segunda\/ca\/wp-json\/wp\/v2\/posts\/243887\/revisions"}],"wp:featuredmedia":[{"embeddable":true,"href":"https:\/\/www.tucomarca.com\/wordpress\/segunda\/ca\/wp-json\/wp\/v2\/media\/243928"}],"wp:attachment":[{"href":"https:\/\/www.tucomarca.com\/wordpress\/segunda\/ca\/wp-json\/wp\/v2\/media?parent=243887"}],"wp:term":[{"taxonomy":"category","embeddable":true,"href":"https:\/\/www.tucomarca.com\/wordpress\/segunda\/ca\/wp-json\/wp\/v2\/categories?post=243887"},{"taxonomy":"post_tag","embeddable":true,"href":"https:\/\/www.tucomarca.com\/wordpress\/segunda\/ca\/wp-json\/wp\/v2\/tags?post=243887"}],"curies":[{"name":"wp","href":"https:\/\/api.w.org\/{rel}","templated":true}]}}