{"id":243991,"date":"2024-11-05T21:00:00","date_gmt":"2024-11-05T19:00:00","guid":{"rendered":"https:\/\/www.tucomarca.com\/wordpress\/segunda\/?p=243991"},"modified":"2024-11-06T11:55:16","modified_gmt":"2024-11-06T09:55:16","slug":"el-pueblo-salva-al-pueblo-la-solidaridad-se-impone-al-caos","status":"publish","type":"post","link":"https:\/\/www.tucomarca.com\/wordpress\/segunda\/ca\/el-pueblo-salva-al-pueblo-la-solidaridad-se-impone-al-caos\/","title":{"rendered":"&#8220;El poble salva al poble&#8221;: la solidaritat s&#8217;imposa al caos"},"content":{"rendered":"\n<h3 class=\"wp-block-heading\">Una setmana despr\u00e9s, la sensaci\u00f3 d&#8217;aband\u00f3, d&#8217;impot\u00e8ncia i de desemparament encara segueix present entre la ciutadania dels pobles afectats per la major cat\u00e0strofe natural de la nostra hist\u00f2ria recent.<\/h3>\n\n\n\n<h3 class=\"wp-block-heading\">Milers de volunt\u00e0ries i voluntaris, la majoria d&#8217;ells joves, s&#8217;han bolcat en l&#8217;ajuda als damnificats i en les tasques urgents de neteja i retirada del fang i de les tones d&#8217;enderrocs.<\/h3>\n\n\n\n<h3 class=\"wp-block-heading\">La solidaritat i l&#8217;ajuda entre els ciutadans ha substitu\u00eft, des del primer dia, a l&#8217;auxili institucional de les Administracions superiors.<\/h3>\n\n\n\n<figure class=\"wp-block-gallery has-nested-images columns-2 is-cropped wp-block-gallery-1 is-layout-flex wp-block-gallery-is-layout-flex\">\n<figure class=\"wp-block-image size-large\"><img loading=\"lazy\" decoding=\"async\" width=\"1024\" height=\"572\" data-id=\"243627\" src=\"https:\/\/www.tucomarca.com\/wordpress\/segunda\/wp-content\/uploads\/2024\/11\/ChivaDanaAyuda15-1024x572.jpg\" alt=\"\" class=\"wp-image-243627\" srcset=\"https:\/\/www.tucomarca.com\/wordpress\/segunda\/wp-content\/uploads\/2024\/11\/ChivaDanaAyuda15-1024x572.jpg 1024w, https:\/\/www.tucomarca.com\/wordpress\/segunda\/wp-content\/uploads\/2024\/11\/ChivaDanaAyuda15-300x168.jpg 300w, https:\/\/www.tucomarca.com\/wordpress\/segunda\/wp-content\/uploads\/2024\/11\/ChivaDanaAyuda15-768x429.jpg 768w, https:\/\/www.tucomarca.com\/wordpress\/segunda\/wp-content\/uploads\/2024\/11\/ChivaDanaAyuda15.jpg 1181w\" sizes=\"auto, (max-width: 1024px) 100vw, 1024px\" \/><figcaption class=\"wp-element-caption\">Aplaudiments dels ve\u00efns als agricultors que treballen en la neteja.<\/figcaption><\/figure>\n<\/figure>\n\n\n\n<p><\/p>\n\n\n\n<p>Aquest dimarts es compleixen set dies de la major trag\u00e8dia de la hist\u00f2ria recent del nostre pa\u00eds i, es pregunte a l&#8217;afectat o damnificat que es pregunte, tots coincideixen en una resposta: &#8220;el poble ha salvat al poble&#8221;.<\/p>\n\n\n\n<p>La sensaci\u00f3 d&#8217;aband\u00f3, que l&#8217;Estat del nostre pa\u00eds s&#8217;ha oblidat d&#8217;ells, \u00e9s una cosa palesa i compartit per la immensa majoria dels afectats en moltes de les localitats que han patit major nombre de v\u00edctimes mortals aix\u00ed com incalculables danys materials que han convertit els seus pobles, pol\u00edgons industrials i termes municipals en un escenari de guerra; un paisatge dantesc i totalment dram\u00e0tic per als qui l&#8217;han patit en primera persona.<\/p>\n\n\n\n<p>Un sentiment d&#8217;impot\u00e8ncia i d&#8217;aband\u00f3 que amb el pas dels dies s&#8217;ha tornat en desesperaci\u00f3, indignaci\u00f3 i fins i tot r\u00e0bia cap a unes institucions &#8220;que no han estat a l&#8217;altura&#8221;, com s&#8217;han queixat amargament molts dels ve\u00efns amb els quals ha pogut parlar <strong>tucomarca.com<\/strong>.<\/p>\n\n\n\n<figure class=\"wp-block-gallery has-nested-images columns-2 is-cropped wp-block-gallery-2 is-layout-flex wp-block-gallery-is-layout-flex\">\n<figure class=\"wp-block-image size-large\"><img loading=\"lazy\" decoding=\"async\" width=\"1024\" height=\"576\" data-id=\"243625\" src=\"https:\/\/www.tucomarca.com\/wordpress\/segunda\/wp-content\/uploads\/2024\/11\/ChivaDanaAyuda24-1024x576.jpg\" alt=\"\" class=\"wp-image-243625\" srcset=\"https:\/\/www.tucomarca.com\/wordpress\/segunda\/wp-content\/uploads\/2024\/11\/ChivaDanaAyuda24-1024x576.jpg 1024w, https:\/\/www.tucomarca.com\/wordpress\/segunda\/wp-content\/uploads\/2024\/11\/ChivaDanaAyuda24-300x169.jpg 300w, https:\/\/www.tucomarca.com\/wordpress\/segunda\/wp-content\/uploads\/2024\/11\/ChivaDanaAyuda24-768x432.jpg 768w, https:\/\/www.tucomarca.com\/wordpress\/segunda\/wp-content\/uploads\/2024\/11\/ChivaDanaAyuda24-678x381.jpg 678w, https:\/\/www.tucomarca.com\/wordpress\/segunda\/wp-content\/uploads\/2024\/11\/ChivaDanaAyuda24.jpg 1181w\" sizes=\"auto, (max-width: 1024px) 100vw, 1024px\" \/><figcaption class=\"wp-element-caption\">Els joves voluntaris han ajudat a recuperar i netejar el poble de Xiva.<\/figcaption><\/figure>\n<\/figure>\n\n\n\n<p><\/p>\n\n\n\n<p>Com Mari Carmen Morell, que trobava a faltar &#8220;una coordinaci\u00f3, perqu\u00e8 a Xest, per exemple, no tenen de res; i ac\u00ed a Xiva ens estan portant de tot. I hi ha massa gent que vol per\u00f2 no sap on pot ajudar&#8221;.<\/p>\n\n\n<div class=\"wp-block-image\">\n<figure class=\"alignright size-large is-resized\"><img loading=\"lazy\" decoding=\"async\" width=\"1024\" height=\"734\" src=\"http:\/\/www.tucomarca.com\/wordpress\/segunda\/wp-content\/uploads\/2024\/11\/ChivaDanaMariCarmen-1024x734.jpg\" alt=\"\" class=\"wp-image-243759\" style=\"width:332px;height:auto\" srcset=\"https:\/\/www.tucomarca.com\/wordpress\/segunda\/wp-content\/uploads\/2024\/11\/ChivaDanaMariCarmen-1024x734.jpg 1024w, https:\/\/www.tucomarca.com\/wordpress\/segunda\/wp-content\/uploads\/2024\/11\/ChivaDanaMariCarmen-300x215.jpg 300w, https:\/\/www.tucomarca.com\/wordpress\/segunda\/wp-content\/uploads\/2024\/11\/ChivaDanaMariCarmen-768x550.jpg 768w, https:\/\/www.tucomarca.com\/wordpress\/segunda\/wp-content\/uploads\/2024\/11\/ChivaDanaMariCarmen.jpg 1181w\" sizes=\"auto, (max-width: 1024px) 100vw, 1024px\" \/><figcaption class=\"wp-element-caption\"><em>Mari Carmen Morell.<\/em><\/figcaption><\/figure>\n<\/div>\n\n\n<p>No obstant aix\u00f2, Mari Carmen no deixava de recon\u00e9ixer que hi havia &#8220;molt de desastre, en molts pobles i \u00e9s molt complicat coordinar-lo tot. Ajuda hem tingut, no ens ha faltat aigua ni menjar, per\u00f2 dels pobles del costat, que han vingut a ajudar-nos&#8221;.<\/p>\n\n\n\n<p>&#8220;I tamb\u00e9 des del nostre Ajuntament ens han posat cubes i per aix\u00f2 l&#8217;aigua no ens ha faltat, a m\u00e9s de preocupar-se per si ens faltava menjar&#8221;, explicava Mari Carmen.<\/p>\n\n\n\n<p>Amb tot, C\u00e9sar, una de les persones que cinc dies despr\u00e9s del desastre no havia parat de netejar, reconeixia que des del dimarts &#8220;hem estat nosaltres, el poble, solos fins al diumenge en el qual han aparegut els militars. Hem estat el poble, al costat de ve\u00efns d&#8217;altres pobles que com a voluntaris han vingut a ajudar-nos i als qui li ho agra\u00efm molt\u00edssim&#8221;.<\/p>\n\n\n\n<figure class=\"wp-block-gallery has-nested-images columns-2 is-cropped wp-block-gallery-3 is-layout-flex wp-block-gallery-is-layout-flex\">\n<figure class=\"wp-block-image size-large\"><img loading=\"lazy\" decoding=\"async\" width=\"1024\" height=\"768\" data-id=\"243674\" src=\"https:\/\/www.tucomarca.com\/wordpress\/segunda\/wp-content\/uploads\/2024\/11\/DanaUtiel01-1024x768.jpeg\" alt=\"\" class=\"wp-image-243674\" srcset=\"https:\/\/www.tucomarca.com\/wordpress\/segunda\/wp-content\/uploads\/2024\/11\/DanaUtiel01-1024x768.jpeg 1024w, https:\/\/www.tucomarca.com\/wordpress\/segunda\/wp-content\/uploads\/2024\/11\/DanaUtiel01-300x225.jpeg 300w, https:\/\/www.tucomarca.com\/wordpress\/segunda\/wp-content\/uploads\/2024\/11\/DanaUtiel01-768x576.jpeg 768w, https:\/\/www.tucomarca.com\/wordpress\/segunda\/wp-content\/uploads\/2024\/11\/DanaUtiel01-1536x1152.jpeg 1536w, https:\/\/www.tucomarca.com\/wordpress\/segunda\/wp-content\/uploads\/2024\/11\/DanaUtiel01-2048x1536.jpeg 2048w, https:\/\/www.tucomarca.com\/wordpress\/segunda\/wp-content\/uploads\/2024\/11\/DanaUtiel01-678x509.jpeg 678w, https:\/\/www.tucomarca.com\/wordpress\/segunda\/wp-content\/uploads\/2024\/11\/DanaUtiel01-326x245.jpeg 326w, https:\/\/www.tucomarca.com\/wordpress\/segunda\/wp-content\/uploads\/2024\/11\/DanaUtiel01-80x60.jpeg 80w\" sizes=\"auto, (max-width: 1024px) 100vw, 1024px\" \/><\/figure>\n\n\n\n<figure class=\"wp-block-image size-large\"><img loading=\"lazy\" decoding=\"async\" width=\"1024\" height=\"768\" data-id=\"243676\" src=\"https:\/\/www.tucomarca.com\/wordpress\/segunda\/wp-content\/uploads\/2024\/11\/DanaUtiel02-1024x768.jpeg\" alt=\"\" class=\"wp-image-243676\" srcset=\"https:\/\/www.tucomarca.com\/wordpress\/segunda\/wp-content\/uploads\/2024\/11\/DanaUtiel02-1024x768.jpeg 1024w, https:\/\/www.tucomarca.com\/wordpress\/segunda\/wp-content\/uploads\/2024\/11\/DanaUtiel02-300x225.jpeg 300w, https:\/\/www.tucomarca.com\/wordpress\/segunda\/wp-content\/uploads\/2024\/11\/DanaUtiel02-768x576.jpeg 768w, https:\/\/www.tucomarca.com\/wordpress\/segunda\/wp-content\/uploads\/2024\/11\/DanaUtiel02-1536x1152.jpeg 1536w, https:\/\/www.tucomarca.com\/wordpress\/segunda\/wp-content\/uploads\/2024\/11\/DanaUtiel02-2048x1536.jpeg 2048w, https:\/\/www.tucomarca.com\/wordpress\/segunda\/wp-content\/uploads\/2024\/11\/DanaUtiel02-678x509.jpeg 678w, https:\/\/www.tucomarca.com\/wordpress\/segunda\/wp-content\/uploads\/2024\/11\/DanaUtiel02-326x245.jpeg 326w, https:\/\/www.tucomarca.com\/wordpress\/segunda\/wp-content\/uploads\/2024\/11\/DanaUtiel02-80x60.jpeg 80w\" sizes=\"auto, (max-width: 1024px) 100vw, 1024px\" \/><\/figure>\n\n\n\n<figure class=\"wp-block-image size-large\"><img loading=\"lazy\" decoding=\"async\" width=\"1024\" height=\"768\" data-id=\"243678\" src=\"https:\/\/www.tucomarca.com\/wordpress\/segunda\/wp-content\/uploads\/2024\/11\/DanaUtiel03-1024x768.jpeg\" alt=\"\" class=\"wp-image-243678\" srcset=\"https:\/\/www.tucomarca.com\/wordpress\/segunda\/wp-content\/uploads\/2024\/11\/DanaUtiel03-1024x768.jpeg 1024w, https:\/\/www.tucomarca.com\/wordpress\/segunda\/wp-content\/uploads\/2024\/11\/DanaUtiel03-300x225.jpeg 300w, https:\/\/www.tucomarca.com\/wordpress\/segunda\/wp-content\/uploads\/2024\/11\/DanaUtiel03-768x576.jpeg 768w, https:\/\/www.tucomarca.com\/wordpress\/segunda\/wp-content\/uploads\/2024\/11\/DanaUtiel03-1536x1152.jpeg 1536w, https:\/\/www.tucomarca.com\/wordpress\/segunda\/wp-content\/uploads\/2024\/11\/DanaUtiel03-2048x1536.jpeg 2048w, https:\/\/www.tucomarca.com\/wordpress\/segunda\/wp-content\/uploads\/2024\/11\/DanaUtiel03-678x509.jpeg 678w, https:\/\/www.tucomarca.com\/wordpress\/segunda\/wp-content\/uploads\/2024\/11\/DanaUtiel03-326x245.jpeg 326w, https:\/\/www.tucomarca.com\/wordpress\/segunda\/wp-content\/uploads\/2024\/11\/DanaUtiel03-80x60.jpeg 80w\" sizes=\"auto, (max-width: 1024px) 100vw, 1024px\" \/><\/figure>\n\n\n\n<figure class=\"wp-block-image size-large\"><img loading=\"lazy\" decoding=\"async\" width=\"1024\" height=\"768\" data-id=\"243680\" src=\"https:\/\/www.tucomarca.com\/wordpress\/segunda\/wp-content\/uploads\/2024\/11\/DanaUtiel04-1024x768.jpeg\" alt=\"\" class=\"wp-image-243680\" srcset=\"https:\/\/www.tucomarca.com\/wordpress\/segunda\/wp-content\/uploads\/2024\/11\/DanaUtiel04-1024x768.jpeg 1024w, https:\/\/www.tucomarca.com\/wordpress\/segunda\/wp-content\/uploads\/2024\/11\/DanaUtiel04-300x225.jpeg 300w, https:\/\/www.tucomarca.com\/wordpress\/segunda\/wp-content\/uploads\/2024\/11\/DanaUtiel04-768x576.jpeg 768w, https:\/\/www.tucomarca.com\/wordpress\/segunda\/wp-content\/uploads\/2024\/11\/DanaUtiel04-1536x1152.jpeg 1536w, https:\/\/www.tucomarca.com\/wordpress\/segunda\/wp-content\/uploads\/2024\/11\/DanaUtiel04-2048x1536.jpeg 2048w, https:\/\/www.tucomarca.com\/wordpress\/segunda\/wp-content\/uploads\/2024\/11\/DanaUtiel04-678x509.jpeg 678w, https:\/\/www.tucomarca.com\/wordpress\/segunda\/wp-content\/uploads\/2024\/11\/DanaUtiel04-326x245.jpeg 326w, https:\/\/www.tucomarca.com\/wordpress\/segunda\/wp-content\/uploads\/2024\/11\/DanaUtiel04-80x60.jpeg 80w\" sizes=\"auto, (max-width: 1024px) 100vw, 1024px\" \/><\/figure>\n<figcaption class=\"blocks-gallery-caption wp-element-caption\"><em>Una quarta part d&#8217;Utiel es va negar en una crescuda que alguns punts va aconseguir m\u00e9s de dos metres.<\/em><\/figcaption><\/figure>\n\n\n\n<h2 class=\"wp-block-heading\"><strong>Utiel, la primera poblaci\u00f3 a ser colpejada per la DANA a l&#8217;interior<\/strong><\/h2>\n\n\n\n<p>A difer\u00e8ncia de Xiva, la situaci\u00f3 de desemparament potser no ha sigut tan accentuada a Utiel, el terme del qual va ser un dels primers a veure&#8217;s assotat per l&#8217;enormitat de la trag\u00e8dia ja fins i tot durant el mat\u00ed i especialment al migdia del fat\u00eddic dimarts passat.<\/p>\n\n\n\n<p>Com va explicar el seu alcalde, Ricardo Gabald\u00f3n, &#8220;Utiel ha sigut el primer Ajuntament a sol\u00b7licitar la immediata ajuda de la Unitat Militar d&#8217;Emerg\u00e8ncies, l&#8217;UME, per a auxiliar a la poblaci\u00f3 a causa de les intenses pluges que est\u00e0vem registrant per la DANA, sent la barriada de La Font una de les zones m\u00e9s afectades. Els carrers d&#8217;aquesta barriada es van transformar en aut\u00e8ntics rius, deixant a desenes de ve\u00efns atrapats en les seues llars&#8221;.<\/p>\n\n\n<div class=\"wp-block-image\">\n<figure class=\"alignleft size-large is-resized\"><img loading=\"lazy\" decoding=\"async\" width=\"1024\" height=\"768\" src=\"http:\/\/www.tucomarca.com\/wordpress\/segunda\/wp-content\/uploads\/2024\/11\/DanaUtiel05-1024x768.jpeg\" alt=\"\" class=\"wp-image-243762\" style=\"width:413px;height:auto\" srcset=\"https:\/\/www.tucomarca.com\/wordpress\/segunda\/wp-content\/uploads\/2024\/11\/DanaUtiel05-1024x768.jpeg 1024w, https:\/\/www.tucomarca.com\/wordpress\/segunda\/wp-content\/uploads\/2024\/11\/DanaUtiel05-300x225.jpeg 300w, https:\/\/www.tucomarca.com\/wordpress\/segunda\/wp-content\/uploads\/2024\/11\/DanaUtiel05-768x576.jpeg 768w, https:\/\/www.tucomarca.com\/wordpress\/segunda\/wp-content\/uploads\/2024\/11\/DanaUtiel05-1536x1152.jpeg 1536w, https:\/\/www.tucomarca.com\/wordpress\/segunda\/wp-content\/uploads\/2024\/11\/DanaUtiel05-2048x1536.jpeg 2048w, https:\/\/www.tucomarca.com\/wordpress\/segunda\/wp-content\/uploads\/2024\/11\/DanaUtiel05-678x509.jpeg 678w, https:\/\/www.tucomarca.com\/wordpress\/segunda\/wp-content\/uploads\/2024\/11\/DanaUtiel05-326x245.jpeg 326w, https:\/\/www.tucomarca.com\/wordpress\/segunda\/wp-content\/uploads\/2024\/11\/DanaUtiel05-80x60.jpeg 80w\" sizes=\"auto, (max-width: 1024px) 100vw, 1024px\" \/><figcaption class=\"wp-element-caption\"><em>L&#8217;UME va actuar ja el dimarts a la vesprada a Utiel.<\/em><\/figcaption><\/figure>\n<\/div>\n\n\n<p>Els serveis d&#8217;emerg\u00e8ncia, malgrat les dificultats per a travessar l&#8217;A3 que ja al mat\u00ed comen\u00e7ava a patir corts per inundacions, van poder realitzar diversos rescats i brindar suport als residents, mentre les autoritats locals monitoreban de prop la situaci\u00f3 per a gestionar l&#8217;evacuaci\u00f3 i garantir la seguretat dels afectats.<\/p>\n\n\n\n<p>Els militars de la Unitat Militar d&#8217;Emerg\u00e8ncies (UME) van poder actuar en La Font a Utiel, salvant aix\u00ed a nombrosos ve\u00efns.<\/p>\n\n\n\n<p>Aix\u00ed, set dies despr\u00e9s, &#8220;Utiel est\u00e0 recuperant a poc a poc la normalitat encara que en eixos barris l&#8217;aigua no \u00e9s apta per al consum hum\u00e0, a m\u00e9s del fang, molts habitatges tenien dep\u00f2sits de gasoil i s&#8217;han mesclat, hi ha llum per\u00f2 no hi ha connexi\u00f3 a internet&#8221;, com ha explicat el seu alcalde.<\/p>\n\n\n\n<p>Perqu\u00e8 ac\u00ed &#8220;els utielanos i utielanas van traure la seua maquin\u00e0ria pesant al carrer, han arriscat la seua vida i el seu patrimoni i gr\u00e0cies en un primer moment a aquesta gent vam poder refer a poc a poc el nostre poble. Des del primer moment es va demanar l&#8217;ajuda a la UME i gr\u00e0cies a la consellera de Just\u00edcia i Interior i a la delegada del Govern, ens la van autoritzar, igual que l&#8217;helic\u00f2pter, per\u00f2 l&#8217;UME no va poder entrar a Utiel fins a les set o les huit de la vesprada i l&#8217;helic\u00f2pter per les inclem\u00e8ncies del temps, tampoc el deixaven eixir. Al final el helic\u00f3petro va poder entrar i va salvar 8 vides&#8221;, com ha relatat Ricardo Gabald\u00f3n. Encara que, per desgr\u00e0cia, set conve\u00efns no van poder ser auxiliats i han perdut la vida.<\/p>\n\n\n\n<figure class=\"wp-block-gallery has-nested-images columns-2 is-cropped wp-block-gallery-4 is-layout-flex wp-block-gallery-is-layout-flex\">\n<figure class=\"wp-block-image size-large\"><img loading=\"lazy\" decoding=\"async\" width=\"1024\" height=\"682\" data-id=\"243686\" src=\"https:\/\/www.tucomarca.com\/wordpress\/segunda\/wp-content\/uploads\/2024\/11\/ChivaDanaCasas02-1024x682.jpg\" alt=\"\" class=\"wp-image-243686\" srcset=\"https:\/\/www.tucomarca.com\/wordpress\/segunda\/wp-content\/uploads\/2024\/11\/ChivaDanaCasas02-1024x682.jpg 1024w, https:\/\/www.tucomarca.com\/wordpress\/segunda\/wp-content\/uploads\/2024\/11\/ChivaDanaCasas02-300x200.jpg 300w, https:\/\/www.tucomarca.com\/wordpress\/segunda\/wp-content\/uploads\/2024\/11\/ChivaDanaCasas02-768x512.jpg 768w, https:\/\/www.tucomarca.com\/wordpress\/segunda\/wp-content\/uploads\/2024\/11\/ChivaDanaCasas02.jpg 1181w\" sizes=\"auto, (max-width: 1024px) 100vw, 1024px\" \/><\/figure>\n\n\n\n<figure class=\"wp-block-image size-large\"><img loading=\"lazy\" decoding=\"async\" width=\"1024\" height=\"682\" data-id=\"243766\" src=\"https:\/\/www.tucomarca.com\/wordpress\/segunda\/wp-content\/uploads\/2024\/11\/ChivaDanaCasas05-1-1024x682.jpg\" alt=\"\" class=\"wp-image-243766\" srcset=\"https:\/\/www.tucomarca.com\/wordpress\/segunda\/wp-content\/uploads\/2024\/11\/ChivaDanaCasas05-1-1024x682.jpg 1024w, https:\/\/www.tucomarca.com\/wordpress\/segunda\/wp-content\/uploads\/2024\/11\/ChivaDanaCasas05-1-300x200.jpg 300w, https:\/\/www.tucomarca.com\/wordpress\/segunda\/wp-content\/uploads\/2024\/11\/ChivaDanaCasas05-1-768x512.jpg 768w, https:\/\/www.tucomarca.com\/wordpress\/segunda\/wp-content\/uploads\/2024\/11\/ChivaDanaCasas05-1.jpg 1181w\" sizes=\"auto, (max-width: 1024px) 100vw, 1024px\" \/><\/figure>\n\n\n\n<figure class=\"wp-block-image size-large\"><img loading=\"lazy\" decoding=\"async\" width=\"1024\" height=\"682\" data-id=\"243684\" src=\"https:\/\/www.tucomarca.com\/wordpress\/segunda\/wp-content\/uploads\/2024\/11\/ChivaDanaBarranco01-1024x682.jpg\" alt=\"\" class=\"wp-image-243684\" srcset=\"https:\/\/www.tucomarca.com\/wordpress\/segunda\/wp-content\/uploads\/2024\/11\/ChivaDanaBarranco01-1024x682.jpg 1024w, https:\/\/www.tucomarca.com\/wordpress\/segunda\/wp-content\/uploads\/2024\/11\/ChivaDanaBarranco01-300x200.jpg 300w, https:\/\/www.tucomarca.com\/wordpress\/segunda\/wp-content\/uploads\/2024\/11\/ChivaDanaBarranco01-768x512.jpg 768w, https:\/\/www.tucomarca.com\/wordpress\/segunda\/wp-content\/uploads\/2024\/11\/ChivaDanaBarranco01.jpg 1181w\" sizes=\"auto, (max-width: 1024px) 100vw, 1024px\" \/><\/figure>\n<figcaption class=\"blocks-gallery-caption wp-element-caption\"><em>El nivell de destrucci\u00f3 ha convertit a Xiva en l&#8217;epicentre, al costat d&#8217;Utiel, del desastre a l&#8217;interior.<\/em><\/figcaption><\/figure>\n\n\n\n<h2 class=\"wp-block-heading\"><strong>Utiel i Xiva, les &#8216;zones zero&#8217; de l&#8217;interior valenci\u00e0<\/strong><\/h2>\n\n\n\n<p>A difer\u00e8ncia d&#8217;Utiel, Xiva va patir el tall pr\u00e0cticament total dels seus accessos per carreteres durant les primeres hores; limitant-se l&#8217;acc\u00e9s al nucli urb\u00e0 tan sols a peu. Una situaci\u00f3 que no va millorar fins m\u00e9s de 24 hores despr\u00e9s del desastre.<\/p>\n\n\n\n<p>Aquesta situaci\u00f3 ha sotm\u00e9s a un a\u00efllament a la poblaci\u00f3, que sumat a la tardan\u00e7a en l&#8217;arribada de mitjans d&#8217;auxili d&#8217;Administracions superiors, ha accentuat la sensaci\u00f3 d&#8217;aband\u00f3 cap als ve\u00efns afectats.<\/p>\n\n\n<div class=\"wp-block-image\">\n<figure class=\"alignleft size-large is-resized\"><img loading=\"lazy\" decoding=\"async\" width=\"763\" height=\"1024\" src=\"http:\/\/www.tucomarca.com\/wordpress\/segunda\/wp-content\/uploads\/2024\/10\/ChivaArrasada-763x1024.jpeg\" alt=\"\" class=\"wp-image-242402\" style=\"width:355px;height:auto\" srcset=\"https:\/\/www.tucomarca.com\/wordpress\/segunda\/wp-content\/uploads\/2024\/10\/ChivaArrasada-763x1024.jpeg 763w, https:\/\/www.tucomarca.com\/wordpress\/segunda\/wp-content\/uploads\/2024\/10\/ChivaArrasada-224x300.jpeg 224w, https:\/\/www.tucomarca.com\/wordpress\/segunda\/wp-content\/uploads\/2024\/10\/ChivaArrasada-768x1031.jpeg 768w, https:\/\/www.tucomarca.com\/wordpress\/segunda\/wp-content\/uploads\/2024\/10\/ChivaArrasada.jpeg 1056w\" sizes=\"auto, (max-width: 763px) 100vw, 763px\" \/><\/figure>\n<\/div>\n\n\n<p>Passades les cinc de la vesprada del passat dimarts i amb la riuada negant no sols el barranc sin\u00f3 tamb\u00e9 els carrers lim\u00edtrofs, l&#8217;alcaldessa de Xiva, Amparo Fort, avan\u00e7ava que s&#8217;estava &#8220;a l&#8217;espera de poder rebre l&#8217;ajuda de la Unitat Militar d&#8217;Emerg\u00e8ncies, que ni tan sols pot accedir al poble de com estan les carreteres&#8221;.<\/p>\n\n\n\n<p>&#8220;A m\u00e9s de la UME, tamb\u00e9 estem a l&#8217;espera de comptar amb ajuda del Consorci Provincial de Bombers&#8221;, tal com relatava la mun\u00edcipe minuts abans que les comunicacions telef\u00f2niques amb l&#8217;exterior desaparegueren i no tornaren a reprendre&#8217;s amb normalitat fins a diversos dies despr\u00e9s. &nbsp;<\/p>\n\n\n\n<p>La pr\u00f2pia alcaldessa relatava amb pesar que el &#8220;carrer i el barranc eren tot un, est\u00e0 plovent una barbaritat; i no descartem que hi haja persones que puguen haver desaparegut&#8221;. Una circumst\u00e0ncia que posteriorment s&#8217;ha confirmat, al costat dels set ve\u00efns morts que oficialment comptabilitza la localitat fins a la data.<\/p>\n\n\n\n<figure class=\"wp-block-gallery has-nested-images columns-2 is-cropped wp-block-gallery-5 is-layout-flex wp-block-gallery-is-layout-flex\">\n<figure class=\"wp-block-image size-large\"><img loading=\"lazy\" decoding=\"async\" width=\"1024\" height=\"620\" data-id=\"243784\" src=\"https:\/\/www.tucomarca.com\/wordpress\/segunda\/wp-content\/uploads\/2024\/11\/ChivaDanaAyuda09-1024x620.jpg\" alt=\"\" class=\"wp-image-243784\" srcset=\"https:\/\/www.tucomarca.com\/wordpress\/segunda\/wp-content\/uploads\/2024\/11\/ChivaDanaAyuda09-1024x620.jpg 1024w, https:\/\/www.tucomarca.com\/wordpress\/segunda\/wp-content\/uploads\/2024\/11\/ChivaDanaAyuda09-300x182.jpg 300w, https:\/\/www.tucomarca.com\/wordpress\/segunda\/wp-content\/uploads\/2024\/11\/ChivaDanaAyuda09-768x465.jpg 768w, https:\/\/www.tucomarca.com\/wordpress\/segunda\/wp-content\/uploads\/2024\/11\/ChivaDanaAyuda09.jpg 1181w\" sizes=\"auto, (max-width: 1024px) 100vw, 1024px\" \/><\/figure>\n\n\n\n<figure class=\"wp-block-image size-large\"><img loading=\"lazy\" decoding=\"async\" width=\"1024\" height=\"617\" data-id=\"243782\" src=\"https:\/\/www.tucomarca.com\/wordpress\/segunda\/wp-content\/uploads\/2024\/11\/ChivaDanaAyuda08-1024x617.jpg\" alt=\"\" class=\"wp-image-243782\" srcset=\"https:\/\/www.tucomarca.com\/wordpress\/segunda\/wp-content\/uploads\/2024\/11\/ChivaDanaAyuda08-1024x617.jpg 1024w, https:\/\/www.tucomarca.com\/wordpress\/segunda\/wp-content\/uploads\/2024\/11\/ChivaDanaAyuda08-300x181.jpg 300w, https:\/\/www.tucomarca.com\/wordpress\/segunda\/wp-content\/uploads\/2024\/11\/ChivaDanaAyuda08-768x463.jpg 768w, https:\/\/www.tucomarca.com\/wordpress\/segunda\/wp-content\/uploads\/2024\/11\/ChivaDanaAyuda08.jpg 1181w\" sizes=\"auto, (max-width: 1024px) 100vw, 1024px\" \/><\/figure>\n\n\n\n<figure class=\"wp-block-image size-large\"><img loading=\"lazy\" decoding=\"async\" width=\"1024\" height=\"607\" data-id=\"243780\" src=\"https:\/\/www.tucomarca.com\/wordpress\/segunda\/wp-content\/uploads\/2024\/11\/ChivaDanaAyuda07-1024x607.jpg\" alt=\"\" class=\"wp-image-243780\" srcset=\"https:\/\/www.tucomarca.com\/wordpress\/segunda\/wp-content\/uploads\/2024\/11\/ChivaDanaAyuda07-1024x607.jpg 1024w, https:\/\/www.tucomarca.com\/wordpress\/segunda\/wp-content\/uploads\/2024\/11\/ChivaDanaAyuda07-300x178.jpg 300w, https:\/\/www.tucomarca.com\/wordpress\/segunda\/wp-content\/uploads\/2024\/11\/ChivaDanaAyuda07-768x455.jpg 768w, https:\/\/www.tucomarca.com\/wordpress\/segunda\/wp-content\/uploads\/2024\/11\/ChivaDanaAyuda07.jpg 1181w\" sizes=\"auto, (max-width: 1024px) 100vw, 1024px\" \/><\/figure>\n\n\n\n<figure class=\"wp-block-image size-large\"><img loading=\"lazy\" decoding=\"async\" width=\"1024\" height=\"688\" data-id=\"243821\" src=\"https:\/\/www.tucomarca.com\/wordpress\/segunda\/wp-content\/uploads\/2024\/11\/ChivaDanaAyuda18-1024x688.jpg\" alt=\"\" class=\"wp-image-243821\" srcset=\"https:\/\/www.tucomarca.com\/wordpress\/segunda\/wp-content\/uploads\/2024\/11\/ChivaDanaAyuda18-1024x688.jpg 1024w, https:\/\/www.tucomarca.com\/wordpress\/segunda\/wp-content\/uploads\/2024\/11\/ChivaDanaAyuda18-300x202.jpg 300w, https:\/\/www.tucomarca.com\/wordpress\/segunda\/wp-content\/uploads\/2024\/11\/ChivaDanaAyuda18-768x516.jpg 768w, https:\/\/www.tucomarca.com\/wordpress\/segunda\/wp-content\/uploads\/2024\/11\/ChivaDanaAyuda18.jpg 1181w\" sizes=\"auto, (max-width: 1024px) 100vw, 1024px\" \/><\/figure>\n\n\n\n<figure class=\"wp-block-image size-large\"><img decoding=\"async\" data-id=\"243954\" src=\"https:\/\/www.tucomarca.com\/wordpress\/segunda\/wp-content\/uploads\/2024\/11\/ChivaDanaAyuda17-1024x652.jpg\" alt=\"\" class=\"wp-image-243954\"\/><\/figure>\n<figcaption class=\"blocks-gallery-caption wp-element-caption\"><em>Els propis ve\u00efns s&#8217;han organitzat i han rebut i distribu\u00eft el repartiment d&#8217;aliments i aigua.<\/em><\/figcaption><\/figure>\n\n\n\n<h2 class=\"wp-block-heading\"><strong>L&#8217;ajuda ciutadana desborda Xiva<\/strong><\/h2>\n\n\n\n<p>&#8220;Per favor, que no ens porten m\u00e9s aliments ni m\u00e9s mantes, que estem prove\u00efts&#8221;, pregava l&#8217;alcaldessa de Xiva mentre agra\u00efa a tots les donacions ja el mateix dijous, quan eren tones de comestibles i d&#8217;aigua les que es rebien des de pobles ve\u00efns de particulars i Ajuntaments, com el de Bunyol que va noliejar diversos camions.<\/p>\n\n\n\n<p>I \u00e9s que les solidaritat de la ciutadania ha sigut exemplar perqu\u00e8 en tots els pobles s&#8217;han realitzat donacions que han sigut coordinades en alguns casos pels propis Ajuntaments, com en el de Bunyol, que ja el mateix dijous al mat\u00ed va enviar tres camions d&#8217;aliments i aigua a Xiva que van ser arreplegats per voluntaris en l&#8217;antic institut.<\/p>\n\n\n<div class=\"wp-block-image\">\n<figure class=\"alignright size-large is-resized\"><img loading=\"lazy\" decoding=\"async\" width=\"1024\" height=\"642\" src=\"http:\/\/www.tucomarca.com\/wordpress\/segunda\/wp-content\/uploads\/2024\/11\/ChivaDanaCristina-1024x642.jpg\" alt=\"\" class=\"wp-image-243804\" style=\"width:407px;height:auto\" srcset=\"https:\/\/www.tucomarca.com\/wordpress\/segunda\/wp-content\/uploads\/2024\/11\/ChivaDanaCristina-1024x642.jpg 1024w, https:\/\/www.tucomarca.com\/wordpress\/segunda\/wp-content\/uploads\/2024\/11\/ChivaDanaCristina-300x188.jpg 300w, https:\/\/www.tucomarca.com\/wordpress\/segunda\/wp-content\/uploads\/2024\/11\/ChivaDanaCristina-768x481.jpg 768w, https:\/\/www.tucomarca.com\/wordpress\/segunda\/wp-content\/uploads\/2024\/11\/ChivaDanaCristina.jpg 1181w\" sizes=\"auto, (max-width: 1024px) 100vw, 1024px\" \/><figcaption class=\"wp-element-caption\"><em>Cristina S\u00e1nchez lamenta &#8220;el desordre que ha sigut enorme&#8221;.<\/em><\/figcaption><\/figure>\n<\/div>\n\n\n<p>No obstant aix\u00f2, Cristina S\u00e1nchez lamentava &#8220;el desordre, que ha sigut enorme; ens hem organitzat entre els voluntaris el millor que hem pogut&#8221;.<\/p>\n\n\n\n<p>Cristina, davant un lloc improvisat de repartiment d&#8217;aliments i aigua explicava que van iniciar la seua tasca &#8220;el primer dia, el dimecres, amb donacions com la de la Falla de Patraix i de gent de Vilamarxant, de Sa Pobla, de Bunyol, de Xest que ens van portar aliments, productes de primera necessitat i triem aquest punt perqu\u00e8 \u00e9s un dels barris m\u00e9s afectats i est\u00e0 incomunicat per la foradada del carrer Ram\u00f3n y Cajal amb persones majors i amb un enorme bloc de cases totes desallotjades per amena\u00e7a de solsida&#8221;.<\/p>\n\n\n\n<p>&#8220;Ens anem fent c\u00e0rrec de tot el que va donant la gent i, amb furgonetes i transports privats, estem portant menjar a cases que estan en disseminats i ho estem fent de manera espont\u00e0nia i sobre la marxa. I \u00e9s que des de l&#8217;endem\u00e0 de la cat\u00e0strofe hem comen\u00e7at a rebre donacions. La gent \u00e9s solid\u00e0ria. I els joves han sigut els primers que s&#8217;han tirat al carrer a ajudar&#8221;, resumia Cristina amb orgull.<\/p>\n\n\n\n<figure class=\"wp-block-gallery has-nested-images columns-2 is-cropped wp-block-gallery-6 is-layout-flex wp-block-gallery-is-layout-flex\">\n<figure class=\"wp-block-image size-large\"><img loading=\"lazy\" decoding=\"async\" width=\"1024\" height=\"788\" data-id=\"243629\" src=\"https:\/\/www.tucomarca.com\/wordpress\/segunda\/wp-content\/uploads\/2024\/11\/ChivaDanaAyuda23-1024x788.jpg\" alt=\"\" class=\"wp-image-243629\" srcset=\"https:\/\/www.tucomarca.com\/wordpress\/segunda\/wp-content\/uploads\/2024\/11\/ChivaDanaAyuda23-1024x788.jpg 1024w, https:\/\/www.tucomarca.com\/wordpress\/segunda\/wp-content\/uploads\/2024\/11\/ChivaDanaAyuda23-300x231.jpg 300w, https:\/\/www.tucomarca.com\/wordpress\/segunda\/wp-content\/uploads\/2024\/11\/ChivaDanaAyuda23-768x591.jpg 768w, https:\/\/www.tucomarca.com\/wordpress\/segunda\/wp-content\/uploads\/2024\/11\/ChivaDanaAyuda23.jpg 1181w\" sizes=\"auto, (max-width: 1024px) 100vw, 1024px\" \/><\/figure>\n\n\n\n<figure class=\"wp-block-image size-large\"><img loading=\"lazy\" decoding=\"async\" width=\"1024\" height=\"670\" data-id=\"243631\" src=\"https:\/\/www.tucomarca.com\/wordpress\/segunda\/wp-content\/uploads\/2024\/11\/ChivaDanaAyuda22-1024x670.jpg\" alt=\"\" class=\"wp-image-243631\" srcset=\"https:\/\/www.tucomarca.com\/wordpress\/segunda\/wp-content\/uploads\/2024\/11\/ChivaDanaAyuda22-1024x670.jpg 1024w, https:\/\/www.tucomarca.com\/wordpress\/segunda\/wp-content\/uploads\/2024\/11\/ChivaDanaAyuda22-300x196.jpg 300w, https:\/\/www.tucomarca.com\/wordpress\/segunda\/wp-content\/uploads\/2024\/11\/ChivaDanaAyuda22-768x503.jpg 768w, https:\/\/www.tucomarca.com\/wordpress\/segunda\/wp-content\/uploads\/2024\/11\/ChivaDanaAyuda22.jpg 1181w\" sizes=\"auto, (max-width: 1024px) 100vw, 1024px\" \/><\/figure>\n\n\n\n<figure class=\"wp-block-image size-large\"><img loading=\"lazy\" decoding=\"async\" width=\"1024\" height=\"713\" data-id=\"243633\" src=\"https:\/\/www.tucomarca.com\/wordpress\/segunda\/wp-content\/uploads\/2024\/11\/ChivaDanaAyuda21-1024x713.jpg\" alt=\"\" class=\"wp-image-243633\" srcset=\"https:\/\/www.tucomarca.com\/wordpress\/segunda\/wp-content\/uploads\/2024\/11\/ChivaDanaAyuda21-1024x713.jpg 1024w, https:\/\/www.tucomarca.com\/wordpress\/segunda\/wp-content\/uploads\/2024\/11\/ChivaDanaAyuda21-300x209.jpg 300w, https:\/\/www.tucomarca.com\/wordpress\/segunda\/wp-content\/uploads\/2024\/11\/ChivaDanaAyuda21-768x535.jpg 768w, https:\/\/www.tucomarca.com\/wordpress\/segunda\/wp-content\/uploads\/2024\/11\/ChivaDanaAyuda21.jpg 1181w\" sizes=\"auto, (max-width: 1024px) 100vw, 1024px\" \/><\/figure>\n\n\n\n<figure class=\"wp-block-image size-large\"><img loading=\"lazy\" decoding=\"async\" width=\"1024\" height=\"668\" data-id=\"243682\" src=\"https:\/\/www.tucomarca.com\/wordpress\/segunda\/wp-content\/uploads\/2024\/11\/ChivaDanaAyuda20-1024x668.jpg\" alt=\"\" class=\"wp-image-243682\" srcset=\"https:\/\/www.tucomarca.com\/wordpress\/segunda\/wp-content\/uploads\/2024\/11\/ChivaDanaAyuda20-1024x668.jpg 1024w, https:\/\/www.tucomarca.com\/wordpress\/segunda\/wp-content\/uploads\/2024\/11\/ChivaDanaAyuda20-300x196.jpg 300w, https:\/\/www.tucomarca.com\/wordpress\/segunda\/wp-content\/uploads\/2024\/11\/ChivaDanaAyuda20-768x501.jpg 768w, https:\/\/www.tucomarca.com\/wordpress\/segunda\/wp-content\/uploads\/2024\/11\/ChivaDanaAyuda20.jpg 1181w\" sizes=\"auto, (max-width: 1024px) 100vw, 1024px\" \/><\/figure>\n<figcaption class=\"blocks-gallery-caption wp-element-caption\"><em>Recollida de roba per a les persones necessitades. Els propis ve\u00efns han realitzat el repartiment.<\/em><\/figcaption><\/figure>\n\n\n\n<h2 class=\"wp-block-heading\"><strong>Roba arribada fins des de Castell\u00f3<\/strong><\/h2>\n\n\n\n<p>&#8220;Ens han portat roba fins des de Castell\u00f3, de gent que ha arreplegada prengues per a qui li fa\u00e7a falta&#8221;, explicava Amparo, una ve\u00efna de Xiva que al costat dels seus familiars i amics ha arreplegat roba per als damnificats, mentre ajudava a transportar les caixes fins a una furgoneta per a repartir-la entre els seus ve\u00efns, alguns dels quals han perdut els seus habitatges, els seus vehicles o els seus mobles i electrodom\u00e8stics, arrasats per la riuada.<\/p>\n\n\n<div class=\"wp-block-image\">\n<figure class=\"alignleft size-full is-resized\"><img loading=\"lazy\" decoding=\"async\" width=\"850\" height=\"476\" src=\"http:\/\/www.tucomarca.com\/wordpress\/segunda\/wp-content\/uploads\/2024\/11\/DanaRaul.jpg\" alt=\"\" class=\"wp-image-243997\" style=\"width:394px;height:auto\" srcset=\"https:\/\/www.tucomarca.com\/wordpress\/segunda\/wp-content\/uploads\/2024\/11\/DanaRaul.jpg 850w, https:\/\/www.tucomarca.com\/wordpress\/segunda\/wp-content\/uploads\/2024\/11\/DanaRaul-300x168.jpg 300w, https:\/\/www.tucomarca.com\/wordpress\/segunda\/wp-content\/uploads\/2024\/11\/DanaRaul-768x430.jpg 768w, https:\/\/www.tucomarca.com\/wordpress\/segunda\/wp-content\/uploads\/2024\/11\/DanaRaul-678x381.jpg 678w\" sizes=\"auto, (max-width: 850px) 100vw, 850px\" \/><figcaption class=\"wp-element-caption\"><em>Ra\u00fal Garc\u00eda carregant roba per a repartir-la.<\/em><\/figcaption><\/figure>\n<\/div>\n\n\n<p>Ve\u00efns que es quedaven sense llum ni aigua ni comunicacions el dimarts a la vesprada i alguns no la recuperaven fins a tres dies despr\u00e9s.<\/p>\n\n\n\n<p>Una circumst\u00e0ncia que no ha tirat cap arrere a cap d&#8217;ells, ja que s&#8217;han bolcat &#8220;a rec\u00f3rrer el terme municipal, ple de cases en disseminats, per a intentar localitzar a les persones de les quals des de fa dies no es tenia not\u00edcies per ser pr\u00e0cticament impossible accedir fins als seus domicilis pel fet que molts camins o estan tallats o estan impracticables&#8221;, com explicava Ra\u00fal Garc\u00eda mentre ajudava a carregar roba, aliments i aigua per a portar-li&#8217;ls als seus conve\u00efns.<\/p>\n\n\n\n<figure class=\"wp-block-gallery has-nested-images columns-2 is-cropped wp-block-gallery-7 is-layout-flex wp-block-gallery-is-layout-flex\">\n<figure class=\"wp-block-image size-large\"><img loading=\"lazy\" decoding=\"async\" width=\"1024\" height=\"682\" data-id=\"243778\" src=\"https:\/\/www.tucomarca.com\/wordpress\/segunda\/wp-content\/uploads\/2024\/11\/ChivaDanaAyuda05-1024x682.jpg\" alt=\"\" class=\"wp-image-243778\" srcset=\"https:\/\/www.tucomarca.com\/wordpress\/segunda\/wp-content\/uploads\/2024\/11\/ChivaDanaAyuda05-1024x682.jpg 1024w, https:\/\/www.tucomarca.com\/wordpress\/segunda\/wp-content\/uploads\/2024\/11\/ChivaDanaAyuda05-300x200.jpg 300w, https:\/\/www.tucomarca.com\/wordpress\/segunda\/wp-content\/uploads\/2024\/11\/ChivaDanaAyuda05-768x512.jpg 768w, https:\/\/www.tucomarca.com\/wordpress\/segunda\/wp-content\/uploads\/2024\/11\/ChivaDanaAyuda05.jpg 1181w\" sizes=\"auto, (max-width: 1024px) 100vw, 1024px\" \/><\/figure>\n\n\n\n<figure class=\"wp-block-image size-large\"><img loading=\"lazy\" decoding=\"async\" width=\"1024\" height=\"682\" data-id=\"243770\" src=\"https:\/\/www.tucomarca.com\/wordpress\/segunda\/wp-content\/uploads\/2024\/11\/ChivaDanaAyuda01-1024x682.jpg\" alt=\"\" class=\"wp-image-243770\" srcset=\"https:\/\/www.tucomarca.com\/wordpress\/segunda\/wp-content\/uploads\/2024\/11\/ChivaDanaAyuda01-1024x682.jpg 1024w, https:\/\/www.tucomarca.com\/wordpress\/segunda\/wp-content\/uploads\/2024\/11\/ChivaDanaAyuda01-300x200.jpg 300w, https:\/\/www.tucomarca.com\/wordpress\/segunda\/wp-content\/uploads\/2024\/11\/ChivaDanaAyuda01-768x512.jpg 768w, https:\/\/www.tucomarca.com\/wordpress\/segunda\/wp-content\/uploads\/2024\/11\/ChivaDanaAyuda01.jpg 1181w\" sizes=\"auto, (max-width: 1024px) 100vw, 1024px\" \/><\/figure>\n\n\n\n<figure class=\"wp-block-image size-large\"><img loading=\"lazy\" decoding=\"async\" width=\"1024\" height=\"682\" data-id=\"243772\" src=\"https:\/\/www.tucomarca.com\/wordpress\/segunda\/wp-content\/uploads\/2024\/11\/ChivaDanaAyuda02-1024x682.jpg\" alt=\"\" class=\"wp-image-243772\" srcset=\"https:\/\/www.tucomarca.com\/wordpress\/segunda\/wp-content\/uploads\/2024\/11\/ChivaDanaAyuda02-1024x682.jpg 1024w, https:\/\/www.tucomarca.com\/wordpress\/segunda\/wp-content\/uploads\/2024\/11\/ChivaDanaAyuda02-300x200.jpg 300w, https:\/\/www.tucomarca.com\/wordpress\/segunda\/wp-content\/uploads\/2024\/11\/ChivaDanaAyuda02-768x512.jpg 768w, https:\/\/www.tucomarca.com\/wordpress\/segunda\/wp-content\/uploads\/2024\/11\/ChivaDanaAyuda02.jpg 1181w\" sizes=\"auto, (max-width: 1024px) 100vw, 1024px\" \/><\/figure>\n\n\n\n<figure class=\"wp-block-image size-large\"><img loading=\"lazy\" decoding=\"async\" width=\"1024\" height=\"682\" data-id=\"243776\" src=\"https:\/\/www.tucomarca.com\/wordpress\/segunda\/wp-content\/uploads\/2024\/11\/ChivaDanaAyuda04-1024x682.jpg\" alt=\"\" class=\"wp-image-243776\" srcset=\"https:\/\/www.tucomarca.com\/wordpress\/segunda\/wp-content\/uploads\/2024\/11\/ChivaDanaAyuda04-1024x682.jpg 1024w, https:\/\/www.tucomarca.com\/wordpress\/segunda\/wp-content\/uploads\/2024\/11\/ChivaDanaAyuda04-300x200.jpg 300w, https:\/\/www.tucomarca.com\/wordpress\/segunda\/wp-content\/uploads\/2024\/11\/ChivaDanaAyuda04-768x512.jpg 768w, https:\/\/www.tucomarca.com\/wordpress\/segunda\/wp-content\/uploads\/2024\/11\/ChivaDanaAyuda04.jpg 1181w\" sizes=\"auto, (max-width: 1024px) 100vw, 1024px\" \/><\/figure>\n\n\n\n<figure class=\"wp-block-image size-large\"><img loading=\"lazy\" decoding=\"async\" width=\"1024\" height=\"700\" data-id=\"243786\" src=\"https:\/\/www.tucomarca.com\/wordpress\/segunda\/wp-content\/uploads\/2024\/11\/ChivaDanaAyuda10-1024x700.jpg\" alt=\"\" class=\"wp-image-243786\" srcset=\"https:\/\/www.tucomarca.com\/wordpress\/segunda\/wp-content\/uploads\/2024\/11\/ChivaDanaAyuda10-1024x700.jpg 1024w, https:\/\/www.tucomarca.com\/wordpress\/segunda\/wp-content\/uploads\/2024\/11\/ChivaDanaAyuda10-300x205.jpg 300w, https:\/\/www.tucomarca.com\/wordpress\/segunda\/wp-content\/uploads\/2024\/11\/ChivaDanaAyuda10-768x525.jpg 768w, https:\/\/www.tucomarca.com\/wordpress\/segunda\/wp-content\/uploads\/2024\/11\/ChivaDanaAyuda10.jpg 1181w\" sizes=\"auto, (max-width: 1024px) 100vw, 1024px\" \/><\/figure>\n<figcaption class=\"blocks-gallery-caption wp-element-caption\"><em>Els ve\u00efns han sigut ajudats per voluntaris arribats de molts pobles ve\u00efns.<\/em><\/figcaption><\/figure>\n\n\n\n<h2 class=\"wp-block-heading\"><strong>Voluntaris: joves, agricultors, metges&#8230;<\/strong><\/h2>\n\n\n\n<p>El voluntariat ha aconseguit fins al sector m\u00e8dic: &#8220;ens hem organitzat els sanitaris, infermers i metges, perqu\u00e8 ac\u00ed no hi ha organitzaci\u00f3, i hem decidit vindre a rec\u00f3rrer els carrers&#8221;, alguna cosa que estan fent des del dissabte, quan van comen\u00e7ar a atendre els ve\u00efns.<\/p>\n\n\n\n<p>&#8220;Afortunadament, la gent que ens diu que estan b\u00e9, que tenen subministraments de sobres&#8221;, tal com un grup de metges i infermers de diversos hospitals explicaven mentre anaven casa per casa preguntant als ve\u00efns pel seu estat de salut o les seues necessitats m\u00e8diques.<\/p>\n\n\n<div class=\"wp-block-image\">\n<figure class=\"alignright size-large is-resized\"><img loading=\"lazy\" decoding=\"async\" width=\"1024\" height=\"632\" src=\"http:\/\/www.tucomarca.com\/wordpress\/segunda\/wp-content\/uploads\/2024\/11\/ChivaDanaGuadalupe-1024x632.jpg\" alt=\"\" class=\"wp-image-243801\" style=\"width:387px;height:auto\" srcset=\"https:\/\/www.tucomarca.com\/wordpress\/segunda\/wp-content\/uploads\/2024\/11\/ChivaDanaGuadalupe-1024x632.jpg 1024w, https:\/\/www.tucomarca.com\/wordpress\/segunda\/wp-content\/uploads\/2024\/11\/ChivaDanaGuadalupe-300x185.jpg 300w, https:\/\/www.tucomarca.com\/wordpress\/segunda\/wp-content\/uploads\/2024\/11\/ChivaDanaGuadalupe-768x474.jpg 768w, https:\/\/www.tucomarca.com\/wordpress\/segunda\/wp-content\/uploads\/2024\/11\/ChivaDanaGuadalupe.jpg 1181w\" sizes=\"auto, (max-width: 1024px) 100vw, 1024px\" \/><figcaption class=\"wp-element-caption\"><em>Guadalupe Mart\u00ednez: &#8220;Aix\u00f2 saca el millor i el pitjor de la gent&#8221;.<\/em><\/figcaption><\/figure>\n<\/div>\n\n\n<p>Perqu\u00e8 aquesta situaci\u00f3 &#8220;est\u00e0 traient el millor i el pitjor de la gent. Tenim gent que s&#8217;ha quedat sense res i plora quan li donem un paquet d&#8217;aliment; i estan els que s&#8217;estan aprofitant de les desgr\u00e0cies de la gent per a entrar a les cases, realitzar pillatge i portar-li-ho tot&#8221;. Com a compte Guadalupe Mart\u00ednez, una de les ve\u00efnes que reparteix aliments i aigua entre els seus conve\u00efns.<\/p>\n\n\n\n<p>&#8220;El millor \u00e9s la quantitat de gent que ha vingut a ajudar, la quantitat de voluntaris i molta gent jove. Perqu\u00e8 diguen que despr\u00e9s la joventut no est\u00e0 compromesa, no \u00e9s cert, estem emocionats de veure a tanta gent jove ajudant&#8221;, assegura esperan\u00e7ada Guadalupe Mart\u00ednez, qui reclama &#8220;m\u00e9s vigil\u00e0ncia&#8221; per a combatre el pillatge, &#8220;encara que \u00e9s complicat perqu\u00e8 som moltes poblacions que atendre i aquest poble t\u00e9 molts disseminats, tenim moltes urbanitzacions i la Policia ha d&#8217;acudir a tot. Necessitem ajuda governamental&#8221;.<\/p>\n\n\n\n<p>&#8220;A nivell municipal estan tots els partits acostant el muscle i deixant les seues difer\u00e8ncies pol\u00edtiques al marge encara que s\u00ed que es troba a faltar un punt m\u00e9s organitzatiu, m\u00e9s coordinaci\u00f3. Hi ha treballadors de l&#8217;Ajuntament que l&#8217;estan donant tot, estan desbordats, igual que tothom&#8221;, reconeixia Guadalupe.<\/p>\n\n\n\n<figure class=\"wp-block-gallery has-nested-images columns-2 is-cropped wp-block-gallery-8 is-layout-flex wp-block-gallery-is-layout-flex\">\n<figure class=\"wp-block-image size-large\"><img loading=\"lazy\" decoding=\"async\" width=\"1024\" height=\"682\" data-id=\"244022\" src=\"https:\/\/www.tucomarca.com\/wordpress\/segunda\/wp-content\/uploads\/2024\/11\/ChivaDanaCasas19-1024x682.jpg\" alt=\"\" class=\"wp-image-244022\" srcset=\"https:\/\/www.tucomarca.com\/wordpress\/segunda\/wp-content\/uploads\/2024\/11\/ChivaDanaCasas19-1024x682.jpg 1024w, https:\/\/www.tucomarca.com\/wordpress\/segunda\/wp-content\/uploads\/2024\/11\/ChivaDanaCasas19-300x200.jpg 300w, https:\/\/www.tucomarca.com\/wordpress\/segunda\/wp-content\/uploads\/2024\/11\/ChivaDanaCasas19-768x512.jpg 768w, https:\/\/www.tucomarca.com\/wordpress\/segunda\/wp-content\/uploads\/2024\/11\/ChivaDanaCasas19.jpg 1181w\" sizes=\"auto, (max-width: 1024px) 100vw, 1024px\" \/><\/figure>\n\n\n\n<figure class=\"wp-block-image size-large\"><img loading=\"lazy\" decoding=\"async\" width=\"1024\" height=\"682\" data-id=\"244020\" src=\"https:\/\/www.tucomarca.com\/wordpress\/segunda\/wp-content\/uploads\/2024\/11\/ChivaDanaCasas18-1024x682.jpg\" alt=\"\" class=\"wp-image-244020\" srcset=\"https:\/\/www.tucomarca.com\/wordpress\/segunda\/wp-content\/uploads\/2024\/11\/ChivaDanaCasas18-1024x682.jpg 1024w, https:\/\/www.tucomarca.com\/wordpress\/segunda\/wp-content\/uploads\/2024\/11\/ChivaDanaCasas18-300x200.jpg 300w, https:\/\/www.tucomarca.com\/wordpress\/segunda\/wp-content\/uploads\/2024\/11\/ChivaDanaCasas18-768x512.jpg 768w, https:\/\/www.tucomarca.com\/wordpress\/segunda\/wp-content\/uploads\/2024\/11\/ChivaDanaCasas18.jpg 1181w\" sizes=\"auto, (max-width: 1024px) 100vw, 1024px\" \/><\/figure>\n\n\n\n<figure class=\"wp-block-image size-large\"><img loading=\"lazy\" decoding=\"async\" width=\"1024\" height=\"768\" data-id=\"243498\" src=\"https:\/\/www.tucomarca.com\/wordpress\/segunda\/wp-content\/uploads\/2024\/11\/Chiva-Derrumbe-1024x768.jpeg\" alt=\"\" class=\"wp-image-243498\" srcset=\"https:\/\/www.tucomarca.com\/wordpress\/segunda\/wp-content\/uploads\/2024\/11\/Chiva-Derrumbe-1024x768.jpeg 1024w, https:\/\/www.tucomarca.com\/wordpress\/segunda\/wp-content\/uploads\/2024\/11\/Chiva-Derrumbe-300x225.jpeg 300w, https:\/\/www.tucomarca.com\/wordpress\/segunda\/wp-content\/uploads\/2024\/11\/Chiva-Derrumbe-768x576.jpeg 768w, https:\/\/www.tucomarca.com\/wordpress\/segunda\/wp-content\/uploads\/2024\/11\/Chiva-Derrumbe-1536x1152.jpeg 1536w, https:\/\/www.tucomarca.com\/wordpress\/segunda\/wp-content\/uploads\/2024\/11\/Chiva-Derrumbe-678x509.jpeg 678w, https:\/\/www.tucomarca.com\/wordpress\/segunda\/wp-content\/uploads\/2024\/11\/Chiva-Derrumbe-326x245.jpeg 326w, https:\/\/www.tucomarca.com\/wordpress\/segunda\/wp-content\/uploads\/2024\/11\/Chiva-Derrumbe-80x60.jpeg 80w, https:\/\/www.tucomarca.com\/wordpress\/segunda\/wp-content\/uploads\/2024\/11\/Chiva-Derrumbe.jpeg 2048w\" sizes=\"auto, (max-width: 1024px) 100vw, 1024px\" \/><\/figure>\n\n\n\n<figure class=\"wp-block-image size-large\"><img loading=\"lazy\" decoding=\"async\" width=\"1024\" height=\"682\" data-id=\"243882\" src=\"https:\/\/www.tucomarca.com\/wordpress\/segunda\/wp-content\/uploads\/2024\/11\/ChivaDanaCasas07-1024x682.jpg\" alt=\"\" class=\"wp-image-243882\" srcset=\"https:\/\/www.tucomarca.com\/wordpress\/segunda\/wp-content\/uploads\/2024\/11\/ChivaDanaCasas07-1024x682.jpg 1024w, https:\/\/www.tucomarca.com\/wordpress\/segunda\/wp-content\/uploads\/2024\/11\/ChivaDanaCasas07-300x200.jpg 300w, https:\/\/www.tucomarca.com\/wordpress\/segunda\/wp-content\/uploads\/2024\/11\/ChivaDanaCasas07-768x512.jpg 768w, https:\/\/www.tucomarca.com\/wordpress\/segunda\/wp-content\/uploads\/2024\/11\/ChivaDanaCasas07.jpg 1181w\" sizes=\"auto, (max-width: 1024px) 100vw, 1024px\" \/><\/figure>\n\n\n\n<figure class=\"wp-block-image size-large\"><img loading=\"lazy\" decoding=\"async\" width=\"1024\" height=\"682\" data-id=\"243880\" src=\"https:\/\/www.tucomarca.com\/wordpress\/segunda\/wp-content\/uploads\/2024\/11\/ChivaDanaCasas02-1-1024x682.jpg\" alt=\"\" class=\"wp-image-243880\" srcset=\"https:\/\/www.tucomarca.com\/wordpress\/segunda\/wp-content\/uploads\/2024\/11\/ChivaDanaCasas02-1-1024x682.jpg 1024w, https:\/\/www.tucomarca.com\/wordpress\/segunda\/wp-content\/uploads\/2024\/11\/ChivaDanaCasas02-1-300x200.jpg 300w, https:\/\/www.tucomarca.com\/wordpress\/segunda\/wp-content\/uploads\/2024\/11\/ChivaDanaCasas02-1-768x512.jpg 768w, https:\/\/www.tucomarca.com\/wordpress\/segunda\/wp-content\/uploads\/2024\/11\/ChivaDanaCasas02-1.jpg 1181w\" sizes=\"auto, (max-width: 1024px) 100vw, 1024px\" \/><\/figure>\n<figcaption class=\"blocks-gallery-caption wp-element-caption\"><em>Un total de 130 familias han tenido que ser desalojadas de sus viviendas por el riesgo de derrumbe.<\/em><\/figcaption><\/figure>\n\n\n\n<h2 class=\"wp-block-heading\"><strong>Desenes de ve\u00efns desallotjats<\/strong><\/h2>\n\n\n\n<p>Els desallotjaments en habitatges de molts municipis s&#8217;han produ\u00eft fins i tot durant el mateix moment de la crescuda, com a Utiel, i a Xiva tamb\u00e9 s&#8217;han dut a terme motivats pel risc de solsida d&#8217;habitatges i fins i tot blocs sencers d&#8217;habitatges, com el cas del Barri de Bechinos o el carrer Ram\u00f3n y Cajal, on ha sigut desallotjat tot un bloc de cases.<\/p>\n\n\n<div class=\"wp-block-image\">\n<figure class=\"alignleft size-large is-resized\"><img loading=\"lazy\" decoding=\"async\" width=\"1024\" height=\"684\" src=\"http:\/\/www.tucomarca.com\/wordpress\/segunda\/wp-content\/uploads\/2024\/11\/ChivaDanaMariAngeles-1024x684.jpg\" alt=\"\" class=\"wp-image-243806\" style=\"width:383px;height:auto\" srcset=\"https:\/\/www.tucomarca.com\/wordpress\/segunda\/wp-content\/uploads\/2024\/11\/ChivaDanaMariAngeles-1024x684.jpg 1024w, https:\/\/www.tucomarca.com\/wordpress\/segunda\/wp-content\/uploads\/2024\/11\/ChivaDanaMariAngeles-300x200.jpg 300w, https:\/\/www.tucomarca.com\/wordpress\/segunda\/wp-content\/uploads\/2024\/11\/ChivaDanaMariAngeles-768x513.jpg 768w, https:\/\/www.tucomarca.com\/wordpress\/segunda\/wp-content\/uploads\/2024\/11\/ChivaDanaMariAngeles.jpg 1181w\" sizes=\"auto, (max-width: 1024px) 100vw, 1024px\" \/><figcaption class=\"wp-element-caption\"><em>Mar\u00eda \u00c1ngeles va ser desallotjada la nit de la cat\u00e0strofe.<\/em><\/figcaption><\/figure>\n<\/div>\n\n\n<p>I \u00e9s que en pobles tan danyats en les seues infraestructures municipals i personals com Xiva la xifra de desallotjats s&#8217;eleva, una setmana despr\u00e9s, fins a les 130 fam\u00edlies.<\/p>\n\n\n\n<p>Mar\u00eda \u00c1ngeles Bellido \u00e9s una de les persones desallotjades amb la seua fam\u00edlia, i relata amb tristesa &#8220;que \u00fanicament ens han ajudat els municipals i els gu\u00e0rdia civils del poble; ning\u00fa de fora. Els \u00fanics que ens han ajudat de fora han sigut els ve\u00efns de pobles ve\u00efns, quan han pogut arribar per camins secundaris, que ens han portat de tot: menjar i roba. Si no haguera sigut per ells, hem estats desemparats de la m\u00e0 de D\u00e9u. Ajudant-nos els uns als altres, compartint el poc que ens ha quedat. El poble ha ajudat al poble&#8221;.<\/p>\n\n\n\n<p>&#8220;I el pitjor \u00e9s que ens estan robant a les nostres cases, que estan desallotjades. Hem hagut de fer patrulles ciutadanes per a evitar que ens roben&#8221;, relata amb amargor Mar\u00eda \u00c1ngeles.<\/p>\n\n\n<div class=\"wp-block-image\">\n<figure class=\"alignright size-large is-resized\"><img loading=\"lazy\" decoding=\"async\" width=\"1024\" height=\"574\" src=\"http:\/\/www.tucomarca.com\/wordpress\/segunda\/wp-content\/uploads\/2024\/11\/ChivaDanaManolo-1024x574.jpg\" alt=\"\" class=\"wp-image-243808\" style=\"width:377px;height:auto\" srcset=\"https:\/\/www.tucomarca.com\/wordpress\/segunda\/wp-content\/uploads\/2024\/11\/ChivaDanaManolo-1024x574.jpg 1024w, https:\/\/www.tucomarca.com\/wordpress\/segunda\/wp-content\/uploads\/2024\/11\/ChivaDanaManolo-300x168.jpg 300w, https:\/\/www.tucomarca.com\/wordpress\/segunda\/wp-content\/uploads\/2024\/11\/ChivaDanaManolo-768x430.jpg 768w, https:\/\/www.tucomarca.com\/wordpress\/segunda\/wp-content\/uploads\/2024\/11\/ChivaDanaManolo-678x381.jpg 678w, https:\/\/www.tucomarca.com\/wordpress\/segunda\/wp-content\/uploads\/2024\/11\/ChivaDanaManolo.jpg 1181w\" sizes=\"auto, (max-width: 1024px) 100vw, 1024px\" \/><figcaption class=\"wp-element-caption\"><em>Manolo ha lloat l&#8217;ajuda dels voluntaris.<\/em><\/figcaption><\/figure>\n<\/div>\n\n\n<p>&#8220;I \u00e9s que l&#8217;ajuda de l&#8217;Administraci\u00f3, realment, la comencem a rebre el dissabte, quan comencem a veure uniformes&#8221;, relatava Manolo Cabero, recordant amb orgull &#8220;que el millor ha sigut l&#8217;ajuda de voluntaris, munt de gent jove que ha vingut a ajudar a netejar aquests dies&#8221;.<\/p>\n\n\n\n<p>&#8220;Hem passat por, ha sigut una experi\u00e8ncia horrible. Si f\u00edsicament estem malament, psicol\u00f2gicament estem destrossats&#8221;, com recordava Manolo.<\/p>\n\n\n<div class=\"wp-block-image\">\n<figure class=\"alignleft size-large is-resized\"><img loading=\"lazy\" decoding=\"async\" width=\"1024\" height=\"634\" src=\"http:\/\/www.tucomarca.com\/wordpress\/segunda\/wp-content\/uploads\/2024\/11\/ChivaDanaPilar-1024x634.jpg\" alt=\"\" class=\"wp-image-243972\" style=\"width:388px;height:auto\" srcset=\"https:\/\/www.tucomarca.com\/wordpress\/segunda\/wp-content\/uploads\/2024\/11\/ChivaDanaPilar-1024x634.jpg 1024w, https:\/\/www.tucomarca.com\/wordpress\/segunda\/wp-content\/uploads\/2024\/11\/ChivaDanaPilar-300x186.jpg 300w, https:\/\/www.tucomarca.com\/wordpress\/segunda\/wp-content\/uploads\/2024\/11\/ChivaDanaPilar-768x475.jpg 768w, https:\/\/www.tucomarca.com\/wordpress\/segunda\/wp-content\/uploads\/2024\/11\/ChivaDanaPilar.jpg 1181w\" sizes=\"auto, (max-width: 1024px) 100vw, 1024px\" \/><figcaption class=\"wp-element-caption\"><em>Pilar S\u00e1nchez davant el seu domicili.<\/em><\/figcaption><\/figure>\n<\/div>\n\n\n<p>&#8220;A les dues del mat\u00ed ens van desallotjar. Jo veia que el barranc s&#8217;estava desbordant, perqu\u00e8 la meua casa dona arrere tamb\u00e9. Els cotxes els veia baixar per a baix i era una bogeria, un infern&#8221;, relatava Pilar S\u00e1nchez recordant l&#8217;experi\u00e8ncia viscuda fa ara exactament set dies.<\/p>\n\n\n\n<p>&#8220;No ha quedat res, els meus nebot tenia a baix tots els equips del gimn\u00e0s, un munt d&#8217;aparells, la llitera de fisio\u2026 i no ha quedat res. Ha perdut tots els seus aparells valorats en un munt de diners. La meua neboda tamb\u00e9, est\u00e0 estudiant disseny de moda i tenia els seus vestits perqu\u00e8 anava a fer una desfilada de models i els estava confeccionant. I tamb\u00e9 ho ha perdut tot. Els baixos de comer\u00e7os de la zona ja no existeixen&#8221;, relatava Pilar amb tristesa, qui tamb\u00e9 es queixava del pillatge: &#8220;estem patint pillatge del poc que ens ha quedat, estem apuntant-nos de tant en tant per a veure, perqu\u00e8 hi ha gent que est\u00e0 controlant els baixos destrossats&#8221;.<\/p>\n\n\n<div class=\"wp-block-image\">\n<figure class=\"alignleft size-large is-resized\"><img loading=\"lazy\" decoding=\"async\" width=\"1024\" height=\"649\" src=\"http:\/\/www.tucomarca.com\/wordpress\/segunda\/wp-content\/uploads\/2024\/11\/ChivaDanaLaura-1-1024x649.jpg\" alt=\"\" class=\"wp-image-243817\" style=\"width:385px;height:auto\" srcset=\"https:\/\/www.tucomarca.com\/wordpress\/segunda\/wp-content\/uploads\/2024\/11\/ChivaDanaLaura-1-1024x649.jpg 1024w, https:\/\/www.tucomarca.com\/wordpress\/segunda\/wp-content\/uploads\/2024\/11\/ChivaDanaLaura-1-300x190.jpg 300w, https:\/\/www.tucomarca.com\/wordpress\/segunda\/wp-content\/uploads\/2024\/11\/ChivaDanaLaura-1-768x487.jpg 768w, https:\/\/www.tucomarca.com\/wordpress\/segunda\/wp-content\/uploads\/2024\/11\/ChivaDanaLaura-1.jpg 1181w\" sizes=\"auto, (max-width: 1024px) 100vw, 1024px\" \/><figcaption class=\"wp-element-caption\"><em>Laura S\u00e1nchez.<\/em><\/figcaption><\/figure>\n<\/div>\n\n\n<p>En el punt oposat al del pillatge, Laura i Natalia es retiraven esgotades dels barris m\u00e9s afectats despr\u00e9s de diversos dies retirant fang i enderrocs. &#8220;Ens hem bolcat des del primer moment; portem cinc dies sense descansar i ajudant en tot el que hem pogut&#8221;, explicava Laura S\u00e1nchez, una de les centenars de joves que s&#8217;han bolcat en les tasques de neteja i de socors als afectats.<\/p>\n\n\n\n<p>&#8220;Perqu\u00e8 aix\u00f2 ha sigut terror\u00edfic, tinc familiars a les quals els va arribar un metre huitanta d&#8217;aigua a casa i despr\u00e9s hi ha hagut que netejar tot aix\u00f2; anem de zona en zona ajudant en el que podem&#8221;.<\/p>\n\n\n<div class=\"wp-block-image\">\n<figure class=\"alignright size-large is-resized\"><img loading=\"lazy\" decoding=\"async\" width=\"1024\" height=\"639\" src=\"http:\/\/www.tucomarca.com\/wordpress\/segunda\/wp-content\/uploads\/2024\/11\/ChivaDanaNatalia-1024x639.jpg\" alt=\"\" class=\"wp-image-243814\" style=\"width:386px;height:auto\" srcset=\"https:\/\/www.tucomarca.com\/wordpress\/segunda\/wp-content\/uploads\/2024\/11\/ChivaDanaNatalia-1024x639.jpg 1024w, https:\/\/www.tucomarca.com\/wordpress\/segunda\/wp-content\/uploads\/2024\/11\/ChivaDanaNatalia-300x187.jpg 300w, https:\/\/www.tucomarca.com\/wordpress\/segunda\/wp-content\/uploads\/2024\/11\/ChivaDanaNatalia-768x479.jpg 768w, https:\/\/www.tucomarca.com\/wordpress\/segunda\/wp-content\/uploads\/2024\/11\/ChivaDanaNatalia.jpg 1181w\" sizes=\"auto, (max-width: 1024px) 100vw, 1024px\" \/><figcaption class=\"wp-element-caption\"><em>Natalia Mart\u00ed.<\/em><\/figcaption><\/figure>\n<\/div>\n\n\n<p>&#8220;Tot el poble s&#8217;ha bolcat i molt\u00edssimes gr\u00e0cies perqu\u00e8 han sigut milers de persones les que han vingut a ajudar-nos&#8221;, encara que tamb\u00e9 reconeix que han &#8220;trobat a faltar que tot l&#8217;hem hagut de fer nosaltres, sense l&#8217;ajuda de fora&#8221;.<\/p>\n\n\n\n<p>&#8220;Som un poble agr\u00edcola, hem tret els tractors i amb ells s&#8217;ha contribu\u00eft a una neteja r\u00e0pida del poble&#8221;, recalca amb orgull Natalia Mart\u00ed.<\/p>\n\n\n\n<p>&#8220;Per no parlar del drama dels desapareguts i morts&#8221;, encara que recorda emocionada que, malgrat totes les dificultats i impediments, &#8220;no hem necessitat a cap autoritat; el poble ha salvat al poble&#8221;.<\/p>\n","protected":false},"excerpt":{"rendered":"<div class=\"mh-excerpt\">Una setmana despr\u00e9s, la sensaci\u00f3 d&#8217;aband\u00f3, d&#8217;impot\u00e8ncia i de desemparament encara segueix present entre la ciutadania dels pobles afectats per la major cat\u00e0strofe natural de la nostra hist\u00f2ria recent. Milers de volunt\u00e0ries i voluntaris, la <a class=\"mh-excerpt-more\" href=\"https:\/\/www.tucomarca.com\/wordpress\/segunda\/ca\/el-pueblo-salva-al-pueblo-la-solidaridad-se-impone-al-caos\/\" title=\"&#8220;El poble salva al poble&#8221;: la solidaritat s&#8217;imposa al caos\">[+] <\/a><\/div>\n","protected":false},"author":1,"featured_media":244002,"comment_status":"open","ping_status":"open","sticky":false,"template":"","format":"gallery","meta":{"footnotes":""},"categories":[11010,21466,10898,10948,10894,10904,10912,11004,10903,10947,10909,10896,10897,11059,10975],"tags":[11195,10914,10910,11174],"class_list":{"0":"post-243991","1":"post","2":"type-post","3":"status-publish","4":"format-gallery","5":"has-post-thumbnail","7":"category-canal-salud","8":"category-dana-ca","9":"category-ventana-ca","10":"category-infraestructuras-ca","11":"category-la-comarca-ca","12":"category-sin-categorizar-ca","13":"category-la-hoya-ca","14":"category-la-semana-en-imagenes-ca","15":"category-medio-ambiente-la-comarca-ca","16":"category-politica","17":"category-requena-utiel-ca","18":"category-seccion-ca","19":"category-sucesos-la-comarca-ca","20":"category-utiel-ca","21":"category-chiva-ca","22":"tag-chiva-ca","23":"tag-la-hoya-de-bunol-chiva-ca","24":"tag-requena-utiel-ca","25":"tag-utiel-ca","26":"post_format-post-format-gallery"},"_links":{"self":[{"href":"https:\/\/www.tucomarca.com\/wordpress\/segunda\/ca\/wp-json\/wp\/v2\/posts\/243991","targetHints":{"allow":["GET"]}}],"collection":[{"href":"https:\/\/www.tucomarca.com\/wordpress\/segunda\/ca\/wp-json\/wp\/v2\/posts"}],"about":[{"href":"https:\/\/www.tucomarca.com\/wordpress\/segunda\/ca\/wp-json\/wp\/v2\/types\/post"}],"author":[{"embeddable":true,"href":"https:\/\/www.tucomarca.com\/wordpress\/segunda\/ca\/wp-json\/wp\/v2\/users\/1"}],"replies":[{"embeddable":true,"href":"https:\/\/www.tucomarca.com\/wordpress\/segunda\/ca\/wp-json\/wp\/v2\/comments?post=243991"}],"version-history":[{"count":0,"href":"https:\/\/www.tucomarca.com\/wordpress\/segunda\/ca\/wp-json\/wp\/v2\/posts\/243991\/revisions"}],"wp:featuredmedia":[{"embeddable":true,"href":"https:\/\/www.tucomarca.com\/wordpress\/segunda\/ca\/wp-json\/wp\/v2\/media\/244002"}],"wp:attachment":[{"href":"https:\/\/www.tucomarca.com\/wordpress\/segunda\/ca\/wp-json\/wp\/v2\/media?parent=243991"}],"wp:term":[{"taxonomy":"category","embeddable":true,"href":"https:\/\/www.tucomarca.com\/wordpress\/segunda\/ca\/wp-json\/wp\/v2\/categories?post=243991"},{"taxonomy":"post_tag","embeddable":true,"href":"https:\/\/www.tucomarca.com\/wordpress\/segunda\/ca\/wp-json\/wp\/v2\/tags?post=243991"}],"curies":[{"name":"wp","href":"https:\/\/api.w.org\/{rel}","templated":true}]}}