{"id":244114,"date":"2024-11-06T13:00:00","date_gmt":"2024-11-06T11:00:00","guid":{"rendered":"https:\/\/www.tucomarca.com\/wordpress\/segunda\/?p=244114"},"modified":"2024-11-06T14:23:02","modified_gmt":"2024-11-06T12:23:02","slug":"vocacio-de-servei-posar-en-risc-la-teua-vida-per-a-salvar-la-dels-altres","status":"publish","type":"post","link":"https:\/\/www.tucomarca.com\/wordpress\/segunda\/ca\/vocacio-de-servei-posar-en-risc-la-teua-vida-per-a-salvar-la-dels-altres\/","title":{"rendered":"Vocaci\u00f3 de servei: posar en risc la teua vida per a salvar la dels altres"},"content":{"rendered":"\n<p>Conforme van passant els dies es van coneixent situacions i episodis que durant la tr\u00e0gica nit del dimarts passat es van viure en molts llocs afectats per la DANA, entre ells moltes de les hero\u00efcitats per part de membres dels cossos de seguretat l&#8217;Estat, Gu\u00e0rdia Civil, Policia Local i fins i tot per part de particulars; que es van dur a terme a l&#8217;ample i llarg dels nostres pobles i termes municipals afectats per la major cat\u00e0strofe de la nostra hist\u00f2ria recent.<\/p>\n\n\n\n<figure class=\"wp-block-image size-full\"><img loading=\"lazy\" decoding=\"async\" width=\"850\" height=\"579\" src=\"http:\/\/www.tucomarca.com\/wordpress\/segunda\/wp-content\/uploads\/2024\/11\/DanaChivaAgua.png\" alt=\"\" class=\"wp-image-244103\" srcset=\"https:\/\/www.tucomarca.com\/wordpress\/segunda\/wp-content\/uploads\/2024\/11\/DanaChivaAgua.png 850w, https:\/\/www.tucomarca.com\/wordpress\/segunda\/wp-content\/uploads\/2024\/11\/DanaChivaAgua-300x204.png 300w, https:\/\/www.tucomarca.com\/wordpress\/segunda\/wp-content\/uploads\/2024\/11\/DanaChivaAgua-768x523.png 768w\" sizes=\"auto, (max-width: 850px) 100vw, 850px\" \/><figcaption class=\"wp-element-caption\"><em>Els carrers de Xiva van ser negades i van patir la for\u00e7a de l&#8217;aigua.<\/em><\/figcaption><\/figure>\n\n\n\n<p>Aquest \u00e9s el cas de molts membres de la Gu\u00e0rdia Civil destinats als pobles de l&#8217;interior per on va disc\u00f3rrer la riuada, i en concret el de dos gu\u00e0rdies civils destinats (i al seu torn ve\u00efns) de Xiva: el cap David M\u00fagica i el tinent Christian Lacalle, els qui es van convertir en aut\u00e8ntics \u00e0ngels de la guarda per a molts dels seus conve\u00efns en rec\u00f3rrer els carrers convertits en rius de la zona m\u00e9s afectada del municipi per a soc\u00f3rrer, especialment, als m\u00e9s necessitats a causa dels seus problemes de mobilitat.<\/p>\n\n\n\n<p>Uns membres de la Gu\u00e0rdia Civil els qui tamb\u00e9 han volgut subratllar &#8220;l&#8217;ajuda durant eixa vesprada i nit fat\u00eddica d&#8217;alguns paisans, que es van jugar tamb\u00e9 el tipus com nosaltres ajudant als seus conve\u00efns&#8221;.<\/p>\n\n\n\n<p>Ells van poder ajudar a molts ve\u00efns posant de deb\u00f2 risc les seues vides per moments; per\u00f2 si un cas \u00e9s encara m\u00e9s escruixidor \u00e9s el d&#8217;un Gu\u00e0rdia Civil (que prefereix que ocultem el seu nom) que va acudir al costat de diversos companys al fat\u00eddic punt de l&#8217;Autovia A3 entre Bunyol i Xiva per a ajudar als centenars de persones all\u00ed atrapades en els seus vehicles i que quasi va perdre la vida en l&#8217;intent en ser arrossegat per les aig\u00fces.<\/p>\n\n\n\n<p>&#8220;L&#8217;aigua ho va arrossegar i li ho va engolir. L&#8217;aigua, el fang, les pedres li van entrar per la boca; i durant un moment l&#8217;aigua va fer una ona i va aconseguir traure un bra\u00e7 i agarrar-se a un ferro per a traure el cap i respirar. Va salvar la vida de miracle&#8221;, com ha relatat un dels seus companys que ha viscut molt de prop la trag\u00e8dia.<\/p>\n\n\n\n<figure class=\"wp-block-image size-full\"><img loading=\"lazy\" decoding=\"async\" width=\"1181\" height=\"775\" src=\"http:\/\/www.tucomarca.com\/wordpress\/segunda\/wp-content\/uploads\/2024\/11\/DanaA3Bunol_Chiva.jpg\" alt=\"\" class=\"wp-image-244128\" srcset=\"https:\/\/www.tucomarca.com\/wordpress\/segunda\/wp-content\/uploads\/2024\/11\/DanaA3Bunol_Chiva.jpg 1181w, https:\/\/www.tucomarca.com\/wordpress\/segunda\/wp-content\/uploads\/2024\/11\/DanaA3Bunol_Chiva-300x197.jpg 300w, https:\/\/www.tucomarca.com\/wordpress\/segunda\/wp-content\/uploads\/2024\/11\/DanaA3Bunol_Chiva-1024x672.jpg 1024w, https:\/\/www.tucomarca.com\/wordpress\/segunda\/wp-content\/uploads\/2024\/11\/DanaA3Bunol_Chiva-768x504.jpg 768w\" sizes=\"auto, (max-width: 1181px) 100vw, 1181px\" \/><\/figure>\n\n\n\n<p>&#8220;Va estar ajudant a tots els conductors atrapats en el parany mortal de l&#8217;Autovia A3 en la qual es va convertir el tram entre Xiva i Bunyol sota el viaducte; en el qual es van quedar atrapats prop de tres centenars vehicles; i durant un moment el corrent era tan intensa que va poder amb ell i se&#8217;l va emportar, va salvar la vida de miracle&#8221;, reitera el company.<\/p>\n\n\n\n<p>&#8220;Aix\u00f2 va succeir sobre les set de la vesprada, en ple moment de la riuada, quan corria un aut\u00e8ntic riu per l&#8217;Autovia en la qual hi ha hagut persones mortes&#8221;, tal com descriu.<\/p>\n\n\n\n<p>Gr\u00e0cies als seus esfor\u00e7os i a posar en risc en les seues vides, van ser m\u00e9s de 130 les persones que van poder ser ateses la nit del dimarts a Bunyol. Persones que van ser acollides per l&#8217;Ajuntament de la localitat a la Sala El Mercat.&nbsp;<\/p>\n\n\n\n<p>No obstant aix\u00f2, el propi Gu\u00e0rdia Civil consultat per <strong>tucomarca.com<\/strong> no vol atribuir-se cap m\u00e8rit i assegura que es &#8220;va banyar, vaig eixir, em vaig vindre per a casa i em vaig dutxar. I l&#8217;endem\u00e0 a treballar, no li vaig voler donar m\u00e9s voltes&#8221;. Una experi\u00e8ncia l\u00edmit la viscuda en un tram de l&#8217;autovia A3 convertit en un aut\u00e8ntic drama, &#8220;en el qual intentem ajudar a la gent; vam fer el que vam poder&#8221;.<\/p>\n","protected":false},"excerpt":{"rendered":"<div class=\"mh-excerpt\">Conforme van passant els dies es van coneixent situacions i episodis que durant la tr\u00e0gica nit del dimarts passat es van viure en molts llocs afectats per la DANA, entre ells moltes de les hero\u00efcitats <a class=\"mh-excerpt-more\" href=\"https:\/\/www.tucomarca.com\/wordpress\/segunda\/ca\/vocacio-de-servei-posar-en-risc-la-teua-vida-per-a-salvar-la-dels-altres\/\" title=\"Vocaci\u00f3 de servei: posar en risc la teua vida per a salvar la dels altres\">[+] <\/a><\/div>\n","protected":false},"author":1,"featured_media":244113,"comment_status":"open","ping_status":"open","sticky":false,"template":"","format":"standard","meta":{"footnotes":""},"categories":[10911,21466,10898,10948,10894,10904,10912,10903,10947,10896,10897,10975],"tags":[10913,15409,10914],"class_list":{"0":"post-244114","1":"post","2":"type-post","3":"status-publish","4":"format-standard","5":"has-post-thumbnail","7":"category-bunol-ca","8":"category-dana-ca","9":"category-ventana-ca","10":"category-infraestructuras-ca","11":"category-la-comarca-ca","12":"category-sin-categorizar-ca","13":"category-la-hoya-ca","14":"category-medio-ambiente-la-comarca-ca","15":"category-politica","16":"category-seccion-ca","17":"category-sucesos-la-comarca-ca","18":"category-chiva-ca","19":"tag-bunol-ca","20":"tag-dana-2-ca","21":"tag-la-hoya-de-bunol-chiva-ca"},"_links":{"self":[{"href":"https:\/\/www.tucomarca.com\/wordpress\/segunda\/ca\/wp-json\/wp\/v2\/posts\/244114","targetHints":{"allow":["GET"]}}],"collection":[{"href":"https:\/\/www.tucomarca.com\/wordpress\/segunda\/ca\/wp-json\/wp\/v2\/posts"}],"about":[{"href":"https:\/\/www.tucomarca.com\/wordpress\/segunda\/ca\/wp-json\/wp\/v2\/types\/post"}],"author":[{"embeddable":true,"href":"https:\/\/www.tucomarca.com\/wordpress\/segunda\/ca\/wp-json\/wp\/v2\/users\/1"}],"replies":[{"embeddable":true,"href":"https:\/\/www.tucomarca.com\/wordpress\/segunda\/ca\/wp-json\/wp\/v2\/comments?post=244114"}],"version-history":[{"count":0,"href":"https:\/\/www.tucomarca.com\/wordpress\/segunda\/ca\/wp-json\/wp\/v2\/posts\/244114\/revisions"}],"wp:featuredmedia":[{"embeddable":true,"href":"https:\/\/www.tucomarca.com\/wordpress\/segunda\/ca\/wp-json\/wp\/v2\/media\/244113"}],"wp:attachment":[{"href":"https:\/\/www.tucomarca.com\/wordpress\/segunda\/ca\/wp-json\/wp\/v2\/media?parent=244114"}],"wp:term":[{"taxonomy":"category","embeddable":true,"href":"https:\/\/www.tucomarca.com\/wordpress\/segunda\/ca\/wp-json\/wp\/v2\/categories?post=244114"},{"taxonomy":"post_tag","embeddable":true,"href":"https:\/\/www.tucomarca.com\/wordpress\/segunda\/ca\/wp-json\/wp\/v2\/tags?post=244114"}],"curies":[{"name":"wp","href":"https:\/\/api.w.org\/{rel}","templated":true}]}}