{"id":244135,"date":"2024-11-06T08:15:00","date_gmt":"2024-11-06T06:15:00","guid":{"rendered":"https:\/\/www.tucomarca.com\/wordpress\/segunda\/?p=244135"},"modified":"2024-11-06T19:09:00","modified_gmt":"2024-11-06T17:09:00","slug":"la-generalitat-activa-protocols-datencio-i-rescat-durgencia-per-a-animals-de-protectores-i-centres-dacollida-de-municipis-afectats-per-la-dana","status":"publish","type":"post","link":"https:\/\/www.tucomarca.com\/wordpress\/segunda\/ca\/la-generalitat-activa-protocols-datencio-i-rescat-durgencia-per-a-animals-de-protectores-i-centres-dacollida-de-municipis-afectats-per-la-dana\/","title":{"rendered":"La Generalitat activa protocols d\u2019atenci\u00f3 i rescat d\u2019urg\u00e8ncia per a animals de protectores i centres d\u2019acollida de municipis afectats per la DANA"},"content":{"rendered":"\n<h3 class=\"wp-block-heading\">Medi Ambient establix punts de subministrament d\u2019aliments i atenci\u00f3 veterin\u00e0ria prim\u00e0ria en diverses ubicacions de la prov\u00edncia de Val\u00e8ncia.<\/h3>\n\n\n\n<h3 class=\"wp-block-heading\">Amb la col\u00b7laboraci\u00f3 d\u2019hospitals cl\u00ednics veterinaris, s\u2019atendr\u00e0 tamb\u00e9 els animals que requerisquen atenci\u00f3 veterin\u00e0ria urgent.<\/h3>\n\n\n\n<p>La Conselleria de Medi Ambient, Infraestructures i Territori ha activat protocols d\u2019atenci\u00f3 i rescat d\u2019urg\u00e8ncia d\u2019animals que es trobaven en protectores i centres d\u2019acollida de municipis afectats per la DANA.<\/p>\n\n\n\n<p>Des de la setmana passada, agents mediambientals de la Generalitat participen en este operatiu destinat a garantir el benestar dels animals rescatats. Per a atendre les seues necessitats, s\u2019han establit diferents punts de subministrament i atenci\u00f3 veterin\u00e0ria prim\u00e0ria en diverses ubicacions de la prov\u00edncia de Val\u00e8ncia.<\/p>\n\n\n\n<p>A Catarroja, el punt es troba en el carrer Pr\u00edncep d\u2019Ast\u00faries, 1; a Picanya, s\u2019oferix assist\u00e8ncia veterin\u00e0ria en Vetology i distribuci\u00f3 d\u2019alimentaci\u00f3 en l\u2019Institut Enric Valor. Per la seua banda, a Paiporta, el punt d\u2019atenci\u00f3 s\u2019ha establit en l\u2019avinguda Francisco C\u00edscar, prop de la rotonda de la Gu\u00e0rdia Civil, mentres que a Benet\u00fasser es troba en el Col\u00b7legi Blasco Ib\u00e1\u00f1ez. Estos centres seran clau per a la gesti\u00f3 de l\u2019ajuda als animals rescatats.<\/p>\n\n\n\n<p>A m\u00e9s, s\u2019est\u00e0 treballant per a coordinar estes labors en altres zones afectades, com Albal, Alfafar, Algemes\u00ed, Almussafes, Pedralba, Sedav\u00ed i Torrent, i establir ubicacions oficials per a atendre de manera eficient les necessitats locals.<\/p>\n\n\n\n<p>El Col\u00b7legi Oficial de Veterinaris de Val\u00e8ncia (ICOVV) ser\u00e0 l\u2019encarregat de gestionar els nous punts veterinaris i avaluar la necessitat de centralitzar o diversificar els subministraments.<\/p>\n\n\n\n<p><strong>Log\u00edstica i emmagatzematge de subministraments<\/strong><\/p>\n\n\n\n<p>Respecte a les labors de repartiment de subministraments i medicacions, seran centralitzades i coordinades pel Bioparc i l\u2019Hospital Cl\u00ednic Veterinari. Els donatius, principalment de pinso, seran emmagatzemats en el Bioparc, situat en l\u2019avinguda P\u00edo Baroja, 3, Campanar, i els medicaments s\u2019arreplegaran en les instal\u00b7lacions de l\u2019ICOVV, en el carrer de Guillem de Castro, 8 de Val\u00e8ncia.<\/p>\n\n\n\n<p>Les donacions de fen\u00e0s i encenalls s\u2019emmagatzemaran en la Granja Docent i d\u2019Investigaci\u00f3 Veterin\u00e0ria del CEU.<\/p>\n\n\n\n<p><strong>Proc\u00e9s de rescat i atenci\u00f3 veterin\u00e0ria<\/strong><\/p>\n\n\n\n<p>Tal com establix el protocol activat per la Generalitat, els animals rescatats que es troben aparentment sans seran condu\u00efts a la zona de Benimaclet, a on m\u00e9s de 10 veterinaris coordinaran el seu triatge i posterior entrega a cases d\u2019acollida temporal.<\/p>\n\n\n\n<p>Per a aquells que requerisquen atenci\u00f3 veterin\u00e0ria urgent, s\u2019han habilitat diversos centres: hospitals cl\u00ednics veterinaris del CEU, d\u2019UCV, AUNA i IVC Evidensia Torrent, a on s\u2019atendr\u00e0 tamb\u00e9 en horari nocturn i disposaran de l\u00ednies de contacte espec\u00edfiques per a animals grans i xicotets.<\/p>\n\n\n\n<p><strong>Accions complement\u00e0ries i donacions<\/strong><\/p>\n\n\n\n<p>Donada la urg\u00e8ncia de la situaci\u00f3, es duran a terme accions addicionals com la retirada d\u2019animals morts. Per a fer-ho, es disposa de personal i vehicles i la col\u00b7laboraci\u00f3 dels ajuntaments.<\/p>\n\n\n\n<p>Aix\u00ed mateix, al llarg d\u2019esta setmana es rebran diversos tr\u00e0ilers des de diferents localitats d\u2019Alacant que portaran pinso i altres materials. Esta ajuda i la procedent de la Direcci\u00f3 General dels Drets dels Animals del Ministeri de Drets Socials, Consum i Agenda 2030 seran canalitzades a trav\u00e9s del Banc d\u2019Aliments gestionat per Vaersa, assegurant aix\u00ed una adequada distribuci\u00f3 de recursos.<\/p>\n\n\n\n<p>Culminant estes accions, este dimecres han partit huit vehicles&nbsp;<em>pick up<\/em>&nbsp;de la Direcci\u00f3 General de Medi Natural i Animal de la Conselleria per a donar suport i col\u00b7laborar amb el CEU en la gesti\u00f3 d\u2019animals ferits.<\/p>\n","protected":false},"excerpt":{"rendered":"<div class=\"mh-excerpt\">Medi Ambient establix punts de subministrament d\u2019aliments i atenci\u00f3 veterin\u00e0ria prim\u00e0ria en diverses ubicacions de la prov\u00edncia de Val\u00e8ncia. Amb la col\u00b7laboraci\u00f3 d\u2019hospitals cl\u00ednics veterinaris, s\u2019atendr\u00e0 tamb\u00e9 els animals que requerisquen atenci\u00f3 veterin\u00e0ria urgent. La <a class=\"mh-excerpt-more\" href=\"https:\/\/www.tucomarca.com\/wordpress\/segunda\/ca\/la-generalitat-activa-protocols-datencio-i-rescat-durgencia-per-a-animals-de-protectores-i-centres-dacollida-de-municipis-afectats-per-la-dana\/\" title=\"La Generalitat activa protocols d\u2019atenci\u00f3 i rescat d\u2019urg\u00e8ncia per a animals de protectores i centres d\u2019acollida de municipis afectats per la DANA\">[+] <\/a><\/div>\n","protected":false},"author":13,"featured_media":244132,"comment_status":"open","ping_status":"open","sticky":false,"template":"","format":"standard","meta":{"footnotes":""},"categories":[10983,21466,11046,10898,10948,10894,10904,10902,10903,11025,10947,10896,10897],"tags":[15409,12903,11199,12166],"class_list":{"0":"post-244135","1":"post","2":"type-post","3":"status-publish","4":"format-standard","5":"has-post-thumbnail","7":"category-algemesi-ca","8":"category-dana-ca","9":"category-los-serranos-ca","10":"category-ventana-ca","11":"category-infraestructuras-ca","12":"category-la-comarca-ca","13":"category-sin-categorizar-ca","14":"category-la-ribera-ca","15":"category-medio-ambiente-la-comarca-ca","16":"category-pedralba-ca","17":"category-politica","18":"category-seccion-ca","19":"category-sucesos-la-comarca-ca","20":"tag-dana-2-ca","21":"tag-infraestructuras-ca","22":"tag-la-comunitat-ca","23":"tag-medio-ambiente-ca"},"_links":{"self":[{"href":"https:\/\/www.tucomarca.com\/wordpress\/segunda\/ca\/wp-json\/wp\/v2\/posts\/244135","targetHints":{"allow":["GET"]}}],"collection":[{"href":"https:\/\/www.tucomarca.com\/wordpress\/segunda\/ca\/wp-json\/wp\/v2\/posts"}],"about":[{"href":"https:\/\/www.tucomarca.com\/wordpress\/segunda\/ca\/wp-json\/wp\/v2\/types\/post"}],"author":[{"embeddable":true,"href":"https:\/\/www.tucomarca.com\/wordpress\/segunda\/ca\/wp-json\/wp\/v2\/users\/13"}],"replies":[{"embeddable":true,"href":"https:\/\/www.tucomarca.com\/wordpress\/segunda\/ca\/wp-json\/wp\/v2\/comments?post=244135"}],"version-history":[{"count":0,"href":"https:\/\/www.tucomarca.com\/wordpress\/segunda\/ca\/wp-json\/wp\/v2\/posts\/244135\/revisions"}],"wp:featuredmedia":[{"embeddable":true,"href":"https:\/\/www.tucomarca.com\/wordpress\/segunda\/ca\/wp-json\/wp\/v2\/media\/244132"}],"wp:attachment":[{"href":"https:\/\/www.tucomarca.com\/wordpress\/segunda\/ca\/wp-json\/wp\/v2\/media?parent=244135"}],"wp:term":[{"taxonomy":"category","embeddable":true,"href":"https:\/\/www.tucomarca.com\/wordpress\/segunda\/ca\/wp-json\/wp\/v2\/categories?post=244135"},{"taxonomy":"post_tag","embeddable":true,"href":"https:\/\/www.tucomarca.com\/wordpress\/segunda\/ca\/wp-json\/wp\/v2\/tags?post=244135"}],"curies":[{"name":"wp","href":"https:\/\/api.w.org\/{rel}","templated":true}]}}