{"id":244250,"date":"2024-11-07T12:00:00","date_gmt":"2024-11-07T10:00:00","guid":{"rendered":"https:\/\/www.tucomarca.com\/wordpress\/segunda\/?p=244250"},"modified":"2024-11-07T19:36:19","modified_gmt":"2024-11-07T17:36:19","slug":"la-diputacio-oferix-ajuda-als-municipis-afectats-per-la-dana-per-a-recuperar-la-cobertura-i-millorar-les-telecomunicacions","status":"publish","type":"post","link":"https:\/\/www.tucomarca.com\/wordpress\/segunda\/ca\/la-diputacio-oferix-ajuda-als-municipis-afectats-per-la-dana-per-a-recuperar-la-cobertura-i-millorar-les-telecomunicacions\/","title":{"rendered":"La Diputaci\u00f3 oferix ajuda als municipis afectats per la DANA per a recuperar la cobertura i millorar les telecomunicacions"},"content":{"rendered":"\n<h3 class=\"wp-block-heading\">La corporaci\u00f3 provincial ha gestionat ja la millora de la cobertura en els municipis de Paiporta, Picanya, Alfafar, Montroi, Montserrat, Real, Millares i Utiel.<\/h3>\n\n\n\n<h3 class=\"wp-block-heading\">Des del servici d&#8217;Inform\u00e0tica de la Diputaci\u00f3 tamb\u00e9 s&#8217;ha contactat amb els municipis afectats per a oferir-los suport t\u00e8cnic. L&#8217;objectiu \u00e9s que els portals web municipals continuen funcionant.<\/h3>\n\n\n\n<p>La Diputaci\u00f3 de Val\u00e8ncia ha oferit la seua ajuda als municipis de la prov\u00edncia afectats per la DANA per a gestionar la recuperaci\u00f3 de la cobertura telef\u00f2nica i millorar les telecomunicacions que s&#8217;han vist interrompudes despr\u00e9s de les inundacions que van tindre lloc el passat 29 d&#8217;octubre. D&#8217;esta manera, si alguna de les 69 localitats afectades requerix d&#8217;ajuda per a mediar amb els operadors de telecomunicacions, ho pot sol\u00b7licitar a la corporaci\u00f3 provincial.<\/p>\n\n\n\n<p>Fins a este moment, el servici d&#8217;Inform\u00e0tica de la instituci\u00f3 provincial ja ha at\u00e9s les peticions que li han arribat dels municipis de Paiporta, Picanya, Alfafar, Montroi, Montserrat, Real, Millares i Utiel. En els casos de Paiporta i Picanya, la Diputaci\u00f3 de Val\u00e8ncia s&#8217;ha posat en contacte amb Vodafone i amb Telef\u00f3nica per a coordinar l&#8217;enviament d&#8217;un cami\u00f3 de telecomunicacions a les dos localitats, la qual cosa ja s&#8217;ha fet efectiva. A m\u00e9s, s&#8217;ha aconseguit arreglar la cobertura tant del centre de salut com de l&#8217;Ajuntament de Paiporta.<\/p>\n\n\n\n<figure class=\"wp-block-image size-large\"><img loading=\"lazy\" decoding=\"async\" width=\"1024\" height=\"575\" src=\"http:\/\/www.tucomarca.com\/wordpress\/segunda\/wp-content\/uploads\/2024\/11\/DipuDananformatica-1024x575.jpg\" alt=\"\" class=\"wp-image-244245\" srcset=\"https:\/\/www.tucomarca.com\/wordpress\/segunda\/wp-content\/uploads\/2024\/11\/DipuDananformatica-1024x575.jpg 1024w, https:\/\/www.tucomarca.com\/wordpress\/segunda\/wp-content\/uploads\/2024\/11\/DipuDananformatica-300x168.jpg 300w, https:\/\/www.tucomarca.com\/wordpress\/segunda\/wp-content\/uploads\/2024\/11\/DipuDananformatica-768x431.jpg 768w, https:\/\/www.tucomarca.com\/wordpress\/segunda\/wp-content\/uploads\/2024\/11\/DipuDananformatica-678x381.jpg 678w, https:\/\/www.tucomarca.com\/wordpress\/segunda\/wp-content\/uploads\/2024\/11\/DipuDananformatica.jpg 1181w\" sizes=\"auto, (max-width: 1024px) 100vw, 1024px\" \/><\/figure>\n\n\n\n<p>En el cas d&#8217;Alfafar, la Diputaci\u00f3, davant el requeriment del propi ajuntament, ha realitzat gestions amb Telef\u00f3nica per a millorar la cobertura m\u00f2bil del municipi. Als ajuntaments de Montroi, Montserrat i Real se&#8217;ls ha enviat, per part de la corporaci\u00f3, antenes Starlink, mentre que els problemes de connexi\u00f3 a Utiel ja s&#8217;han aconseguit solucionar. Quant al municipi de Millares, s&#8217;estan duent a terme les gestions per a solucionar les fallades de cobertura.<\/p>\n\n\n\n<p>En paraules del president, Vicent Momp\u00f3, \u201cel que volem \u00e9s que els ajuntaments s\u00e0pien que la Diputaci\u00f3 estar\u00e0 al seu costat en estos moments tan complicats, ajudant-los en tot el que ens sol\u00b7liciten i solucionant els seus problemes, no sols en mat\u00e8ries que s\u00f3n de la nostra compet\u00e8ncia, sin\u00f3 tamb\u00e9 en aquelles en les quals, sense ser responsabilitat del govern provincial, podem mediar i gestionar amb les entitats competents\u201d.<\/p>\n\n\n\n<p><strong>Portals web municipals<\/strong><\/p>\n\n\n\n<p>A m\u00e9s, des del servici d&#8217;Inform\u00e0tica de la Diputaci\u00f3 tamb\u00e9 s&#8217;ha contactat amb els municipis als quals se&#8217;ls gestionen els portals web municipals (el 50% dels afectats) per a oferir-los el suport t\u00e8cnic des dels servidors de la instituci\u00f3, amb la intenci\u00f3 que els portals continuen funcionant i puguen ser utilitzats per a b\u00e0ndols municipals.<\/p>\n\n\n\n<p>Cal recordar que la Diputaci\u00f3 de Val\u00e8ncia posa a la disposici\u00f3 d&#8217;ajuntaments i mancomunitats de la prov\u00edncia portals web municipals amb l&#8217;objectiu de garantir la seua pres\u00e8ncia en Internet, amb informaci\u00f3 i servicis orientats a ciutadans i empreses.<\/p>\n\n\n\n<p>El servici de la instituci\u00f3 provincial inclou l&#8217;assist\u00e8ncia t\u00e8cnica per a l&#8217;administraci\u00f3, suport i evoluci\u00f3 de la plataforma de portals web i tots els seus continguts, i la garantia de la disponibilitat de la plataforma. Aix\u00ed mateix, s&#8217;oferix la integraci\u00f3 amb una aplicaci\u00f3 m\u00f2bil (app).<\/p>\n","protected":false},"excerpt":{"rendered":"<div class=\"mh-excerpt\">La corporaci\u00f3 provincial ha gestionat ja la millora de la cobertura en els municipis de Paiporta, Picanya, Alfafar, Montroi, Montserrat, Real, Millares i Utiel. Des del servici d&#8217;Inform\u00e0tica de la Diputaci\u00f3 tamb\u00e9 s&#8217;ha contactat amb <a class=\"mh-excerpt-more\" href=\"https:\/\/www.tucomarca.com\/wordpress\/segunda\/ca\/la-diputacio-oferix-ajuda-als-municipis-afectats-per-la-dana-per-a-recuperar-la-cobertura-i-millorar-les-telecomunicacions\/\" title=\"La Diputaci\u00f3 oferix ajuda als municipis afectats per la DANA per a recuperar la cobertura i millorar les telecomunicacions\">[+] <\/a><\/div>\n","protected":false},"author":12,"featured_media":244248,"comment_status":"open","ping_status":"open","sticky":false,"template":"","format":"standard","meta":{"footnotes":""},"categories":[21466,10898,10948,10963,10894,10904,10902,10970,11000,11001,10947,11051,10909,10896,10897,11059],"tags":[13821,15409,11246],"class_list":{"0":"post-244250","1":"post","2":"type-post","3":"status-publish","4":"format-standard","5":"has-post-thumbnail","7":"category-dana-ca","8":"category-ventana-ca","9":"category-infraestructuras-ca","10":"category-la-canal-de-navarres-ca","11":"category-la-comarca-ca","12":"category-sin-categorizar-ca","13":"category-la-ribera-ca","14":"category-millares-ca","15":"category-monserrat-ca","16":"category-montroi-ca","17":"category-politica","18":"category-real-de-montroi-ca","19":"category-requena-utiel-ca","20":"category-seccion-ca","21":"category-sucesos-la-comarca-ca","22":"category-utiel-ca","23":"tag-ayudas-ca","24":"tag-dana-2-ca","25":"tag-diputacio-de-valencia-ca"},"_links":{"self":[{"href":"https:\/\/www.tucomarca.com\/wordpress\/segunda\/ca\/wp-json\/wp\/v2\/posts\/244250","targetHints":{"allow":["GET"]}}],"collection":[{"href":"https:\/\/www.tucomarca.com\/wordpress\/segunda\/ca\/wp-json\/wp\/v2\/posts"}],"about":[{"href":"https:\/\/www.tucomarca.com\/wordpress\/segunda\/ca\/wp-json\/wp\/v2\/types\/post"}],"author":[{"embeddable":true,"href":"https:\/\/www.tucomarca.com\/wordpress\/segunda\/ca\/wp-json\/wp\/v2\/users\/12"}],"replies":[{"embeddable":true,"href":"https:\/\/www.tucomarca.com\/wordpress\/segunda\/ca\/wp-json\/wp\/v2\/comments?post=244250"}],"version-history":[{"count":0,"href":"https:\/\/www.tucomarca.com\/wordpress\/segunda\/ca\/wp-json\/wp\/v2\/posts\/244250\/revisions"}],"wp:featuredmedia":[{"embeddable":true,"href":"https:\/\/www.tucomarca.com\/wordpress\/segunda\/ca\/wp-json\/wp\/v2\/media\/244248"}],"wp:attachment":[{"href":"https:\/\/www.tucomarca.com\/wordpress\/segunda\/ca\/wp-json\/wp\/v2\/media?parent=244250"}],"wp:term":[{"taxonomy":"category","embeddable":true,"href":"https:\/\/www.tucomarca.com\/wordpress\/segunda\/ca\/wp-json\/wp\/v2\/categories?post=244250"},{"taxonomy":"post_tag","embeddable":true,"href":"https:\/\/www.tucomarca.com\/wordpress\/segunda\/ca\/wp-json\/wp\/v2\/tags?post=244250"}],"curies":[{"name":"wp","href":"https:\/\/api.w.org\/{rel}","templated":true}]}}