{"id":244346,"date":"2024-11-07T12:55:00","date_gmt":"2024-11-07T10:55:00","guid":{"rendered":"https:\/\/www.tucomarca.com\/wordpress\/segunda\/?p=244346"},"modified":"2024-11-07T20:13:22","modified_gmt":"2024-11-07T18:13:22","slug":"lajuntament-de-bunyol-planteja-als-estudiants-oferir-un-servei-alternatiu-dautobus-pel-tall-de-la-linia-c3","status":"publish","type":"post","link":"https:\/\/www.tucomarca.com\/wordpress\/segunda\/ca\/lajuntament-de-bunyol-planteja-als-estudiants-oferir-un-servei-alternatiu-dautobus-pel-tall-de-la-linia-c3\/","title":{"rendered":"L&#8217;Ajuntament de Bunyol planteja als estudiants oferir un servei alternatiu d&#8217;autob\u00fas pel tall de la l\u00ednia C3"},"content":{"rendered":"\n<p>L&#8217;Ajuntament de Bunyol ha dif\u00f3s un comunicat per als estudiants que necessiten despla\u00e7ar-se fora de Bunyol per a acudir a centres educatius i universitaris.<\/p>\n\n\n\n<p>Donada la suspensi\u00f3 del servei de la l\u00ednia C3 i els talls d&#8217;alguns trams de carreteres, l&#8217;ajuntament necessita con\u00e9ixer quines s\u00f3n les necessitats de despla\u00e7ament dels estudiants de cara a poder oferir-los un servei alternatiu d&#8217;autob\u00fas.<\/p>\n\n\n\n<p>Enviar un correu electr\u00f2nic a alcaldia@bunyol.es, amb l&#8217;assumpte \u201cAutob\u00fas Educaci\u00f3\u2019\u2019, amb les seg\u00fcents dades:<\/p>\n\n\n\n<ul class=\"wp-block-list\">\n<li>Nom i cognoms<\/li>\n\n\n\n<li>Tel\u00e8fon de contacte<\/li>\n\n\n\n<li>Ciutat a la qual us desplaceu<\/li>\n\n\n\n<li>Universitat o centre educatiu on estudieu<\/li>\n\n\n\n<li>Horari<\/li>\n<\/ul>\n\n\n\n<p>La Universitat de Val\u00e8ncia, la Universitat Polit\u00e8cnica de Val\u00e8ncia i el Complex Educatiu de Xest, entre altres, per aquesta setmana, han susp\u00e9s les seues classes.<\/p>\n","protected":false},"excerpt":{"rendered":"<div class=\"mh-excerpt\">L&#8217;Ajuntament de Bunyol ha dif\u00f3s un comunicat per als estudiants que necessiten despla\u00e7ar-se fora de Bunyol per a acudir a centres educatius i universitaris. Donada la suspensi\u00f3 del servei de la l\u00ednia C3 i els <a class=\"mh-excerpt-more\" href=\"https:\/\/www.tucomarca.com\/wordpress\/segunda\/ca\/lajuntament-de-bunyol-planteja-als-estudiants-oferir-un-servei-alternatiu-dautobus-pel-tall-de-la-linia-c3\/\" title=\"L&#8217;Ajuntament de Bunyol planteja als estudiants oferir un servei alternatiu d&#8217;autob\u00fas pel tall de la l\u00ednia C3\">[+] <\/a><\/div>\n","protected":false},"author":12,"featured_media":126023,"comment_status":"open","ping_status":"open","sticky":false,"template":"","format":"standard","meta":{"footnotes":""},"categories":[10911,21466,10898,10948,10894,10904,10912,10947,10896,10897],"tags":[10913,21495,15409,10914,21496],"class_list":{"0":"post-244346","1":"post","2":"type-post","3":"status-publish","4":"format-standard","5":"has-post-thumbnail","7":"category-bunol-ca","8":"category-dana-ca","9":"category-ventana-ca","10":"category-infraestructuras-ca","11":"category-la-comarca-ca","12":"category-sin-categorizar-ca","13":"category-la-hoya-ca","14":"category-politica","15":"category-seccion-ca","16":"category-sucesos-la-comarca-ca","17":"tag-bunol-ca","18":"tag-corte-linea-c3-ca","19":"tag-dana-2-ca","20":"tag-la-hoya-de-bunol-chiva-ca","21":"tag-servicio-alternativo-ca"},"_links":{"self":[{"href":"https:\/\/www.tucomarca.com\/wordpress\/segunda\/ca\/wp-json\/wp\/v2\/posts\/244346","targetHints":{"allow":["GET"]}}],"collection":[{"href":"https:\/\/www.tucomarca.com\/wordpress\/segunda\/ca\/wp-json\/wp\/v2\/posts"}],"about":[{"href":"https:\/\/www.tucomarca.com\/wordpress\/segunda\/ca\/wp-json\/wp\/v2\/types\/post"}],"author":[{"embeddable":true,"href":"https:\/\/www.tucomarca.com\/wordpress\/segunda\/ca\/wp-json\/wp\/v2\/users\/12"}],"replies":[{"embeddable":true,"href":"https:\/\/www.tucomarca.com\/wordpress\/segunda\/ca\/wp-json\/wp\/v2\/comments?post=244346"}],"version-history":[{"count":0,"href":"https:\/\/www.tucomarca.com\/wordpress\/segunda\/ca\/wp-json\/wp\/v2\/posts\/244346\/revisions"}],"wp:featuredmedia":[{"embeddable":true,"href":"https:\/\/www.tucomarca.com\/wordpress\/segunda\/ca\/wp-json\/wp\/v2\/media\/126023"}],"wp:attachment":[{"href":"https:\/\/www.tucomarca.com\/wordpress\/segunda\/ca\/wp-json\/wp\/v2\/media?parent=244346"}],"wp:term":[{"taxonomy":"category","embeddable":true,"href":"https:\/\/www.tucomarca.com\/wordpress\/segunda\/ca\/wp-json\/wp\/v2\/categories?post=244346"},{"taxonomy":"post_tag","embeddable":true,"href":"https:\/\/www.tucomarca.com\/wordpress\/segunda\/ca\/wp-json\/wp\/v2\/tags?post=244346"}],"curies":[{"name":"wp","href":"https:\/\/api.w.org\/{rel}","templated":true}]}}