{"id":244610,"date":"2024-11-11T08:03:00","date_gmt":"2024-11-11T06:03:00","guid":{"rendered":"https:\/\/www.tucomarca.com\/wordpress\/segunda\/?p=244610"},"modified":"2024-11-11T19:43:42","modified_gmt":"2024-11-11T17:43:42","slug":"el-projecte-adaptt-llanca-la-segona-edicio-del-curs-tierra-bobal-wine-tourism","status":"publish","type":"post","link":"https:\/\/www.tucomarca.com\/wordpress\/segunda\/ca\/el-projecte-adaptt-llanca-la-segona-edicio-del-curs-tierra-bobal-wine-tourism\/","title":{"rendered":"El Projecte Adapt@+t llan\u00e7a la segona edici\u00f3 del curs \u201cTierra Bobal Wine Tourism\u201d"},"content":{"rendered":"\n<h3 class=\"wp-block-heading\">La proposta formativa est\u00e0 dissenyada per l&#8217;equip del Projecte Adapt@+t per a donar resposta a la necessitat de comptar amb un nivell d&#8217;angl\u00e9s especialitzat en enoturismo, a trav\u00e9s d&#8217;una aproximaci\u00f3 a la cultura, paisatge i patrimoni del vi de Tierra Bobal.<\/h3>\n\n\n\n<p>El Projecte Adapt@+t de la Mancomunitat de l&#8217;Interior Tierra del Vino (MITV) llan\u00e7a la segona edici\u00f3 del curs \u201cTierra Bobal Wine Tourism\u201d, l&#8217;objectiu de la qual \u00e9s donar resposta a la necessitat, plantejada per ocupadors i demandants d&#8217;\u00fas del sector tur\u00edstic, de millorar el nivell d&#8217;angl\u00e9s dels guies i acompanyants tur\u00edstics de Tierra Bobal. D&#8217;aquesta manera, aquesta segona edici\u00f3 busca aproximar-se a la cultura, paisatge i patrimoni del vi de Tierra Bobal, a trav\u00e9s de continguts en angl\u00e9s especialment enfocats en el enoturismo, un dels sectors m\u00e9s din\u00e0mics de la zona.<br>El curs est\u00e0 dirigit especialment a persones demandants d&#8217;\u00fas del sector tur\u00edstic i enotur\u00edstico de la comarca, inscrites en LABORA o treballant en els departaments de enoturismo dels cellers de Tierra Bobal, amb coneixements previs d&#8217;angl\u00e9s (nivell B1 MECR).<br>El curs tindr\u00e0 una duraci\u00f3 de 24 hores lectives i es desenvolupar\u00e0 de manera presencial del 28 de novembre al 9 de desembre, en horari de 9.30 a 13.30 hores, en la seu de la MITV.<br>En aquest sentit la inscripci\u00f3 \u00e9s completament gratu\u00efta i ha de formalitzar-se de l&#8217;11 al 25 de novembre, a trav\u00e9s d&#8217;inst\u00e0ncia general en la Seu Electr\u00f2nica de la MITV, adjuntant tan sols la taula d&#8217;autobaremaci\u00f3 que es troba en aquest enlla\u00e7.<\/p>\n\n\n\n<p><strong>Vitivinicultura de Tierra Bobal en angl\u00e9s<\/strong><\/p>\n\n\n\n<p>A trav\u00e9s d&#8217;una metodologia basada a treballar la comprensi\u00f3 i expressi\u00f3 escrita i oral en angl\u00e9s, el curs est\u00e0 centrat en la vitivinicultura de Tierra Bobal: les caracter\u00edstiques del nostre terroir i les nostres varietats, aix\u00ed com dels processos espec\u00edfics de vinificaci\u00f3, i la hist\u00f2ria i evoluci\u00f3 d&#8217;aquests, amb totes les particularitats de la comarca, i de les denominacions d&#8217;origen que alberga (la DO Utiel-Requena, la DO Cava de Requena i vins amb DO Pago), una hist\u00f2ria que \u00e9s pr\u00f2pia i diferent de la d&#8217;altres territoris vitivin\u00edcoles.<br>A m\u00e9s, s&#8217;arrepleguen tamb\u00e9 continguts b\u00e0sics relacionats amb altres aspectes d&#8217;inter\u00e9s tur\u00edstic de Tierra Bobal, com s\u00f3n l&#8217;aproximaci\u00f3 a la nostra cultura, paisatge i patrimoni del vi utilitzant l&#8217;angl\u00e9s com a via de comunicaci\u00f3, l&#8217;aplicaci\u00f3 de la terminologia especialitzada en cadascuna de les fases de l&#8217;elaboraci\u00f3 dels diferents tipus de vi de Tierra Bobal i la promoci\u00f3 del paisatge i del m\u00f3n del vi, boval fonamentalment, des del punt de vista tur\u00edstic<br>En la primera Edici\u00f3 del curs \u201cTierra Bobal Wine Tourism\u201d un total de 12 persones van perfeccionar els seus coneixements sobre la vinya i el vi en angl\u00e9s, contribuint a la millora de les seues capacitats professionals.<\/p>\n\n\n\n<p>ADAPT@+T \u00e9s el projecte d&#8217;Ocupaci\u00f3, Emprenedoria, Economia Social i Desenvolupament Local de la MITV, emmarcat en els programes AVALEM TERRITORI i EMPACE 2023-2024 del Servici Valenci\u00e0 d&#8217;Ocupaci\u00f3 i Formaci\u00f3 (LABORA), que persegueix els objectius fixats pel Pacte Territorial per l&#8217;Ocupaci\u00f3 i el Desenvolupament Local, signant per la MITV al costat dels nou municipis de la comarca: Camporrobles, Caudete de las Fuentes, Xera, Fuenterrobles, Requena, Sinarques, Utiel, Venta del Moro i Villargordo del Cabriel.<\/p>\n","protected":false},"excerpt":{"rendered":"<div class=\"mh-excerpt\">La proposta formativa est\u00e0 dissenyada per l&#8217;equip del Projecte Adapt@+t per a donar resposta a la necessitat de comptar amb un nivell d&#8217;angl\u00e9s especialitzat en enoturismo, a trav\u00e9s d&#8217;una aproximaci\u00f3 a la cultura, paisatge i <a class=\"mh-excerpt-more\" href=\"https:\/\/www.tucomarca.com\/wordpress\/segunda\/ca\/el-projecte-adaptt-llanca-la-segona-edicio-del-curs-tierra-bobal-wine-tourism\/\" title=\"El Projecte Adapt@+t llan\u00e7a la segona edici\u00f3 del curs \u201cTierra Bobal Wine Tourism\u201d\">[+] <\/a><\/div>\n","protected":false},"author":12,"featured_media":244609,"comment_status":"open","ping_status":"open","sticky":false,"template":"","format":"standard","meta":{"footnotes":""},"categories":[11019,10905,11031,11006,11032,11054,11055,10948,10894,10903,11007,10947,10908,10909,10896,11058,11059,11060,11061],"tags":[20458,12387,10910,12388],"class_list":{"0":"post-244610","1":"post","2":"type-post","3":"status-publish","4":"format-standard","5":"has-post-thumbnail","7":"category-agenda-ca","8":"category-agricultura-la-comarca-ca","9":"category-camporrobles-ca","10":"category-canal-vinos","11":"category-caudete-ca","12":"category-chera-ca","13":"category-fuenterrobles-ca","14":"category-infraestructuras-ca","15":"category-la-comarca-ca","16":"category-medio-ambiente-la-comarca-ca","17":"category-ocio-y-cultura-ca","18":"category-politica","19":"category-requena-ca","20":"category-requena-utiel-ca","21":"category-seccion-ca","22":"category-sinarcas-ca","23":"category-utiel-ca","24":"category-venta-del-moro-ca","25":"category-villargordo-del-cabriel-ca","26":"tag-adaptt-ca","27":"tag-mancomunidad-del-interior-tierra-del-vino-ca","28":"tag-requena-utiel-ca","29":"tag-tierra-bobal-ca"},"_links":{"self":[{"href":"https:\/\/www.tucomarca.com\/wordpress\/segunda\/ca\/wp-json\/wp\/v2\/posts\/244610","targetHints":{"allow":["GET"]}}],"collection":[{"href":"https:\/\/www.tucomarca.com\/wordpress\/segunda\/ca\/wp-json\/wp\/v2\/posts"}],"about":[{"href":"https:\/\/www.tucomarca.com\/wordpress\/segunda\/ca\/wp-json\/wp\/v2\/types\/post"}],"author":[{"embeddable":true,"href":"https:\/\/www.tucomarca.com\/wordpress\/segunda\/ca\/wp-json\/wp\/v2\/users\/12"}],"replies":[{"embeddable":true,"href":"https:\/\/www.tucomarca.com\/wordpress\/segunda\/ca\/wp-json\/wp\/v2\/comments?post=244610"}],"version-history":[{"count":0,"href":"https:\/\/www.tucomarca.com\/wordpress\/segunda\/ca\/wp-json\/wp\/v2\/posts\/244610\/revisions"}],"wp:featuredmedia":[{"embeddable":true,"href":"https:\/\/www.tucomarca.com\/wordpress\/segunda\/ca\/wp-json\/wp\/v2\/media\/244609"}],"wp:attachment":[{"href":"https:\/\/www.tucomarca.com\/wordpress\/segunda\/ca\/wp-json\/wp\/v2\/media?parent=244610"}],"wp:term":[{"taxonomy":"category","embeddable":true,"href":"https:\/\/www.tucomarca.com\/wordpress\/segunda\/ca\/wp-json\/wp\/v2\/categories?post=244610"},{"taxonomy":"post_tag","embeddable":true,"href":"https:\/\/www.tucomarca.com\/wordpress\/segunda\/ca\/wp-json\/wp\/v2\/tags?post=244610"}],"curies":[{"name":"wp","href":"https:\/\/api.w.org\/{rel}","templated":true}]}}