{"id":244622,"date":"2024-11-11T08:05:00","date_gmt":"2024-11-11T06:05:00","guid":{"rendered":"https:\/\/www.tucomarca.com\/wordpress\/segunda\/?p=244622"},"modified":"2024-11-11T19:39:27","modified_gmt":"2024-11-11T17:39:27","slug":"la-do-utiel-requena-agraeix-les-mostres-dafecte-rebudes-despres-de-la-dana","status":"publish","type":"post","link":"https:\/\/www.tucomarca.com\/wordpress\/segunda\/ca\/la-do-utiel-requena-agraeix-les-mostres-dafecte-rebudes-despres-de-la-dana\/","title":{"rendered":"La DO Utiel-Requena agraeix les mostres d&#8217;afecte rebudes despr\u00e9s de la DANA"},"content":{"rendered":"\n<p>Des de la Denominaci\u00f3 d&#8217;Origen Utiel-Requena volen &#8220;agrair totes les mostres d&#8217;afecte i suport que hem rebut despr\u00e9s de la DANA del passat 29 d&#8217;octubre. A Utiel, on es troba la seu del Consell Regulador, segueixen les labors de neteja i reconstrucci\u00f3. Cellers, viticultors i ciutadans estan reprenent l&#8217;activitat per a tornar la rutina i seguir, no com si res, sin\u00f3 malgrat tot&#8221;.<\/p>\n\n\n\n<p>&#8220;La nostra demarcaci\u00f3 ha patit danys substancials de diversa \u00edndole: en infraestructures i instal\u00b7lacions, vinyes, espatleres, camins agr\u00edcoles i marges, i maquin\u00e0ria agr\u00edcola. Afortunadament, la verema havia finalitzat en tota la demarcaci\u00f3, per la qual cosa la campanya est\u00e0 fora de perill i podrem gaudir dels vins de l&#8217;anyada 2024 sense problemes. Les organitzacions agr\u00e0ries continuen valorant les conseq\u00fc\u00e8ncies de la DANA, per\u00f2 encara \u00e9s prompte per a donar xifres oficials per la dificultat d&#8217;acc\u00e9s a algunes zones. Tot el sector vitivin\u00edcola local est\u00e0 en contacte per a traslladar els desperfectes a les institucions i que la resoluci\u00f3 d&#8217;aquestes problem\u00e0tiques, aix\u00ed com la posada en marxa d&#8217;ajudes, siga imminent&#8221;.<br><br>&#8220;L&#8217;aigua va assotar diversos municipis deixant imatges per a la hist\u00f2ria. La riuada va apagar les nostres paraules i el nostre \u00e0nim, i tamb\u00e9 el de tota Espanya. Per\u00f2 la sorpresa que ens esperava era una ona molt m\u00e9s gran: la de la solidaritat. Un tsunami de voluntaris es va contagiar com la p\u00f3lvora i els pobles afectats van rebre ve\u00efns de tot arreu d&#8217;Espanya. L&#8217;empatia es va tacar de fang, va regar l&#8217;esperan\u00e7a de milers de persones i la Comunitat es va tornar comunitat&#8221;.<br><br>&#8220;Milers de joves van demostrar que ja s\u00f3n una generaci\u00f3 preparada per al que vulga que vinga. Centenars de viticultors no van dubtar a traure el seu tractor i rec\u00f3rrer el que fera falta per a carregar, buidar o arreplegar el que se&#8217;ls demanara. Una vegada m\u00e9s, la vida deixa clar que s\u00f3n imprescindibles en la cadena. Tots ells van mostrar valors, exemplaritat i germanor&#8221;.<br><br>&#8220;Estem segurs que en un curt per\u00edode de temps els carrers reprendran les seues formes, i les seues gents l&#8217;alegria. Ens al\u00e7arem, com fem davant cada adversitat, i demostrarem que Val\u00e8ncia, Castella-la Manxa i Andalusia es consoliden de voluntat, for\u00e7a i positivitat&#8221;.<br><br>&#8220;Utiel-Requena respira. Afrontarem els reptes i el treball, que n&#8217;hi ha, per a preparar la seg\u00fcent campanya. Continuarem celebrant l&#8217;estar i l&#8217;\u00e9sser, i amb un vi d&#8217;Utiel-Requena brindarem tots a una veu i amb orgull per tots vosaltres&#8221;.<br><br>&#8220;D&#8217;Utiel-Requena al m\u00f3n, amb la nostra terra per bandera, gr\u00e0cies de cor&#8221;, han finalitzat.<\/p>\n","protected":false},"excerpt":{"rendered":"<div class=\"mh-excerpt\">Des de la Denominaci\u00f3 d&#8217;Origen Utiel-Requena volen &#8220;agrair totes les mostres d&#8217;afecte i suport que hem rebut despr\u00e9s de la DANA del passat 29 d&#8217;octubre. A Utiel, on es troba la seu del Consell Regulador, <a class=\"mh-excerpt-more\" href=\"https:\/\/www.tucomarca.com\/wordpress\/segunda\/ca\/la-do-utiel-requena-agraeix-les-mostres-dafecte-rebudes-despres-de-la-dana\/\" title=\"La DO Utiel-Requena agraeix les mostres d&#8217;afecte rebudes despr\u00e9s de la DANA\">[+] <\/a><\/div>\n","protected":false},"author":12,"featured_media":244621,"comment_status":"open","ping_status":"open","sticky":false,"template":"","format":"standard","meta":{"footnotes":""},"categories":[21466,10898,10948,10894,10904,10903,10947,10908,10909,10896,10897,11059],"tags":[15409,12747,10910],"class_list":{"0":"post-244622","1":"post","2":"type-post","3":"status-publish","4":"format-standard","5":"has-post-thumbnail","7":"category-dana-ca","8":"category-ventana-ca","9":"category-infraestructuras-ca","10":"category-la-comarca-ca","11":"category-sin-categorizar-ca","12":"category-medio-ambiente-la-comarca-ca","13":"category-politica","14":"category-requena-ca","15":"category-requena-utiel-ca","16":"category-seccion-ca","17":"category-sucesos-la-comarca-ca","18":"category-utiel-ca","19":"tag-dana-2-ca","20":"tag-do-utiel-requena-ca","21":"tag-requena-utiel-ca"},"_links":{"self":[{"href":"https:\/\/www.tucomarca.com\/wordpress\/segunda\/ca\/wp-json\/wp\/v2\/posts\/244622","targetHints":{"allow":["GET"]}}],"collection":[{"href":"https:\/\/www.tucomarca.com\/wordpress\/segunda\/ca\/wp-json\/wp\/v2\/posts"}],"about":[{"href":"https:\/\/www.tucomarca.com\/wordpress\/segunda\/ca\/wp-json\/wp\/v2\/types\/post"}],"author":[{"embeddable":true,"href":"https:\/\/www.tucomarca.com\/wordpress\/segunda\/ca\/wp-json\/wp\/v2\/users\/12"}],"replies":[{"embeddable":true,"href":"https:\/\/www.tucomarca.com\/wordpress\/segunda\/ca\/wp-json\/wp\/v2\/comments?post=244622"}],"version-history":[{"count":0,"href":"https:\/\/www.tucomarca.com\/wordpress\/segunda\/ca\/wp-json\/wp\/v2\/posts\/244622\/revisions"}],"wp:featuredmedia":[{"embeddable":true,"href":"https:\/\/www.tucomarca.com\/wordpress\/segunda\/ca\/wp-json\/wp\/v2\/media\/244621"}],"wp:attachment":[{"href":"https:\/\/www.tucomarca.com\/wordpress\/segunda\/ca\/wp-json\/wp\/v2\/media?parent=244622"}],"wp:term":[{"taxonomy":"category","embeddable":true,"href":"https:\/\/www.tucomarca.com\/wordpress\/segunda\/ca\/wp-json\/wp\/v2\/categories?post=244622"},{"taxonomy":"post_tag","embeddable":true,"href":"https:\/\/www.tucomarca.com\/wordpress\/segunda\/ca\/wp-json\/wp\/v2\/tags?post=244622"}],"curies":[{"name":"wp","href":"https:\/\/api.w.org\/{rel}","templated":true}]}}