{"id":244637,"date":"2024-11-11T12:00:00","date_gmt":"2024-11-11T10:00:00","guid":{"rendered":"https:\/\/www.tucomarca.com\/wordpress\/segunda\/?p=244637"},"modified":"2024-11-11T20:05:33","modified_gmt":"2024-11-11T18:05:33","slug":"ruraltec-presenta-a-la-generalitat-els-resultats-de-les-actuacions-desenvolupades-durant-els-ultims-mesos","status":"publish","type":"post","link":"https:\/\/www.tucomarca.com\/wordpress\/segunda\/ca\/ruraltec-presenta-a-la-generalitat-els-resultats-de-les-actuacions-desenvolupades-durant-els-ultims-mesos\/","title":{"rendered":"RuralTEC presenta a la Generalitat els resultats de les actuacions desenvolupades durant els \u00faltims mesos"},"content":{"rendered":"\n<p>Les l\u00ednies de treball implantades pel Centre d&#8217;Innovaci\u00f3 Territorial RuralTEC, comencen a definir canvis en mat\u00e8ria de digitalitzaci\u00f3 en la seua \u00e0rea d&#8217;influ\u00e8ncia.<\/p>\n\n\n\n<p>Aquesta \u00e9s una de les principals conclusions presentades en la comissi\u00f3 de seguiment del conveni signat entre la Fundaci\u00f3 l&#8217;Olmo i la Conselleria d&#8217;Innovaci\u00f3 per a la posada en marxa de diferents accions del CIT RuralTEC en el seu entorn d&#8217;influ\u00e8ncia.<\/p>\n\n\n\n<p>Durant aquests mesos, l&#8217;equip de professionals del projecte RuralTEC han posat en marxa, les seues activitats a l&#8217;entorn dels municipis adscrits a la Reserva de la Biosfera Alt T\u00faria (Cases Altes, Cases Baixes, Santa Cruz de Moya, Aras de los Olmos, Titaig\u00fces, Benaixeve, Xelva i Tuejar).<\/p>\n\n\n\n<p>El treball s&#8217;ha desenvolupat entorn a quatre grans eixos:&nbsp;<\/p>\n\n\n\n<p>Salut i de serveis socials mitjan\u00e7ant el desenvolupament de sistemes d&#8217;informaci\u00f3 orientat a la interacci\u00f3 amb persones en situaci\u00f3 de soledat no desitjada del programa RuralLife.<\/p>\n\n\n\n<p>Digitalitzaci\u00f3 del sector agrari i ramader, mitjan\u00e7ant el desenvolupem i implantaci\u00f3 de processos d&#8217;aprenentatge i adaptaci\u00f3 dels requisits derivats de la digitalitzaci\u00f3 en tots dos sectors.<\/p>\n\n\n\n<p>Divulgaci\u00f3 dels recursos digitals. campanyes dirigides a incrementar l&#8217;\u00fas de les eines com la plataforma de formaci\u00f3, el sistema d&#8217;indicadors socials, els sistemes d&#8217;informaci\u00f3 geogr\u00e0fica, el quadern digital o els m\u00f2duls d&#8217;alfabetitzaci\u00f3 digital b\u00e0sics.<\/p>\n\n\n\n<p>Incorporaci\u00f3 de serveis de la plataforma de formaci\u00f3 RuralTEC en el seu entorn d&#8217;influ\u00e8ncia.<\/p>\n\n\n\n<p>L&#8217;avaluaci\u00f3 d&#8217;aquestes actuacions, segons el parer dels responsables del projecte, suposa un punt d&#8217;inflexi\u00f3 en mat\u00e8ria de digitalitzaci\u00f3 en el territori d&#8217;influ\u00e8ncia, sent un model que permet ser replicat amb facilitat en altres entorns que reprodueixen aquest mateix tipus de necessitats i que responen a un patr\u00f3 similar; la necessitat d&#8217;oferir resposta als municipis d&#8217;interior de la prov\u00edncia de Val\u00e8ncia en risc de despoblaci\u00f3.<\/p>\n","protected":false},"excerpt":{"rendered":"<div class=\"mh-excerpt\">Les l\u00ednies de treball implantades pel Centre d&#8217;Innovaci\u00f3 Territorial RuralTEC, comencen a definir canvis en mat\u00e8ria de digitalitzaci\u00f3 en la seua \u00e0rea d&#8217;influ\u00e8ncia. Aquesta \u00e9s una de les principals conclusions presentades en la comissi\u00f3 de <a class=\"mh-excerpt-more\" href=\"https:\/\/www.tucomarca.com\/wordpress\/segunda\/ca\/ruraltec-presenta-a-la-generalitat-els-resultats-de-les-actuacions-desenvolupades-durant-els-ultims-mesos\/\" title=\"RuralTEC presenta a la Generalitat els resultats de les actuacions desenvolupades durant els \u00faltims mesos\">[+] <\/a><\/div>\n","protected":false},"author":13,"featured_media":244635,"comment_status":"open","ping_status":"open","sticky":false,"template":"","format":"standard","meta":{"footnotes":""},"categories":[10890,10905,11042,11041,11010,10923,10924,11039,11046,10948,10894,10903,10947,10896,11027],"tags":[11097,11309,11201,11198,11870,11871,11083,12903,11080,12925],"class_list":{"0":"post-244637","1":"post","2":"type-post","3":"status-publish","4":"format-standard","5":"has-post-thumbnail","7":"category-ademus","8":"category-agricultura-la-comarca-ca","9":"category-aras-de-olmos-ca","10":"category-benageber-ca","11":"category-canal-salud","12":"category-cases-altes","13":"category-cases-baixes","14":"category-chelva-ca","15":"category-los-serranos-ca","16":"category-infraestructuras-ca","17":"category-la-comarca-ca","18":"category-medio-ambiente-la-comarca-ca","19":"category-politica","20":"category-seccion-ca","21":"category-titaguas-ca","22":"tag-ademuz-ca","23":"tag-agricultura-ca","24":"tag-aras-de-olmos-ca","25":"tag-benageber-ca","26":"tag-casas-altas-ca","27":"tag-casas-bajas-ca","28":"tag-chelva-ca","29":"tag-infraestructuras-ca","30":"tag-los-serranos-ca","31":"tag-titaguas-ca"},"_links":{"self":[{"href":"https:\/\/www.tucomarca.com\/wordpress\/segunda\/ca\/wp-json\/wp\/v2\/posts\/244637","targetHints":{"allow":["GET"]}}],"collection":[{"href":"https:\/\/www.tucomarca.com\/wordpress\/segunda\/ca\/wp-json\/wp\/v2\/posts"}],"about":[{"href":"https:\/\/www.tucomarca.com\/wordpress\/segunda\/ca\/wp-json\/wp\/v2\/types\/post"}],"author":[{"embeddable":true,"href":"https:\/\/www.tucomarca.com\/wordpress\/segunda\/ca\/wp-json\/wp\/v2\/users\/13"}],"replies":[{"embeddable":true,"href":"https:\/\/www.tucomarca.com\/wordpress\/segunda\/ca\/wp-json\/wp\/v2\/comments?post=244637"}],"version-history":[{"count":0,"href":"https:\/\/www.tucomarca.com\/wordpress\/segunda\/ca\/wp-json\/wp\/v2\/posts\/244637\/revisions"}],"wp:featuredmedia":[{"embeddable":true,"href":"https:\/\/www.tucomarca.com\/wordpress\/segunda\/ca\/wp-json\/wp\/v2\/media\/244635"}],"wp:attachment":[{"href":"https:\/\/www.tucomarca.com\/wordpress\/segunda\/ca\/wp-json\/wp\/v2\/media?parent=244637"}],"wp:term":[{"taxonomy":"category","embeddable":true,"href":"https:\/\/www.tucomarca.com\/wordpress\/segunda\/ca\/wp-json\/wp\/v2\/categories?post=244637"},{"taxonomy":"post_tag","embeddable":true,"href":"https:\/\/www.tucomarca.com\/wordpress\/segunda\/ca\/wp-json\/wp\/v2\/tags?post=244637"}],"curies":[{"name":"wp","href":"https:\/\/api.w.org\/{rel}","templated":true}]}}