{"id":244748,"date":"2024-11-12T09:00:00","date_gmt":"2024-11-12T07:00:00","guid":{"rendered":"https:\/\/www.tucomarca.com\/wordpress\/segunda\/?p=244748"},"modified":"2024-11-12T18:38:52","modified_gmt":"2024-11-12T16:38:52","slug":"cellers-i-cooperatives-de-la-do-valencia-reclamen-solucions-logistiques-despres-dels-danys-de-la-dana","status":"publish","type":"post","link":"https:\/\/www.tucomarca.com\/wordpress\/segunda\/ca\/cellers-i-cooperatives-de-la-do-valencia-reclamen-solucions-logistiques-despres-dels-danys-de-la-dana\/","title":{"rendered":"Cellers i cooperatives de la DO Val\u00e8ncia reclamen solucions log\u00edstiques despr\u00e9s dels danys de la Dana"},"content":{"rendered":"\n<p>Mentre en els camps els perits de Agroseguro porten dies avaluant els danys causats per les riuades, durant la jornada d&#8217;ahir, el Consell Regulador de vins DOP Val\u00e8ncia va reunir un gabinet per a contactar amb cadascuna dels cellers emparats (radicades o no en les localitats m\u00e9s perjudicades) per a interessar-se per l&#8217;estat del seu personal, aix\u00ed com per a ponderar els danys patits, si \u00e9s el cas, tant en celler, com en vinya; i en quin estat d&#8217;operativitat es troben.<\/p>\n\n\n\n<p>Els danys en vinya en les localitats colpejades per la DANA s\u00f3n, sobretot, f\u00edsics, amb camps que han desaparegut fins i tot. \u201cEl paisatge ha canviat, hi ha bancals que no existeixen\u201d, van relatar cellerers i altres parcel\u00b7les arrasades fins a tal punt que els viticultors valoren no replantar. Danys que caldr\u00e0 esperar a con\u00e9ixer la seua quantia i superf\u00edcie exacta encara alguns dies m\u00e9s.<\/p>\n\n\n\n<p>En la part de celler, els danys, amb ser seriosos, s\u00f3n molt m\u00e9s t\u00e8nues, excepte algun cas puntual en el terme de Xiva, com va arreplegar ahir la prestigiosa Revista del sector vitivin\u00edcola, La Setmana Vitivin\u00edcola. Informa, <strong>Luis Ib\u00e1\u00f1ez<\/strong>.<\/p>\n","protected":false},"excerpt":{"rendered":"<div class=\"mh-excerpt\">Mentre en els camps els perits de Agroseguro porten dies avaluant els danys causats per les riuades, durant la jornada d&#8217;ahir, el Consell Regulador de vins DOP Val\u00e8ncia va reunir un gabinet per a contactar <a class=\"mh-excerpt-more\" href=\"https:\/\/www.tucomarca.com\/wordpress\/segunda\/ca\/cellers-i-cooperatives-de-la-do-valencia-reclamen-solucions-logistiques-despres-dels-danys-de-la-dana\/\" title=\"Cellers i cooperatives de la DO Val\u00e8ncia reclamen solucions log\u00edstiques despr\u00e9s dels danys de la Dana\">[+] <\/a><\/div>\n","protected":false},"author":13,"featured_media":244746,"comment_status":"open","ping_status":"open","sticky":false,"template":"","format":"standard","meta":{"footnotes":""},"categories":[10905,11006,21466,10948,10894,10904,10903,11007,10947,10896,10897],"tags":[11309,21075,15409,11199,15856],"class_list":{"0":"post-244748","1":"post","2":"type-post","3":"status-publish","4":"format-standard","5":"has-post-thumbnail","7":"category-agricultura-la-comarca-ca","8":"category-canal-vinos","9":"category-dana-ca","10":"category-infraestructuras-ca","11":"category-la-comarca-ca","12":"category-sin-categorizar-ca","13":"category-medio-ambiente-la-comarca-ca","14":"category-ocio-y-cultura-ca","15":"category-politica","16":"category-seccion-ca","17":"category-sucesos-la-comarca-ca","18":"tag-agricultura-ca","19":"tag-canal-vinos-ca","20":"tag-dana-2-ca","21":"tag-la-comunitat-ca","22":"tag-ocio-y-cultura-ca"},"_links":{"self":[{"href":"https:\/\/www.tucomarca.com\/wordpress\/segunda\/ca\/wp-json\/wp\/v2\/posts\/244748","targetHints":{"allow":["GET"]}}],"collection":[{"href":"https:\/\/www.tucomarca.com\/wordpress\/segunda\/ca\/wp-json\/wp\/v2\/posts"}],"about":[{"href":"https:\/\/www.tucomarca.com\/wordpress\/segunda\/ca\/wp-json\/wp\/v2\/types\/post"}],"author":[{"embeddable":true,"href":"https:\/\/www.tucomarca.com\/wordpress\/segunda\/ca\/wp-json\/wp\/v2\/users\/13"}],"replies":[{"embeddable":true,"href":"https:\/\/www.tucomarca.com\/wordpress\/segunda\/ca\/wp-json\/wp\/v2\/comments?post=244748"}],"version-history":[{"count":0,"href":"https:\/\/www.tucomarca.com\/wordpress\/segunda\/ca\/wp-json\/wp\/v2\/posts\/244748\/revisions"}],"wp:featuredmedia":[{"embeddable":true,"href":"https:\/\/www.tucomarca.com\/wordpress\/segunda\/ca\/wp-json\/wp\/v2\/media\/244746"}],"wp:attachment":[{"href":"https:\/\/www.tucomarca.com\/wordpress\/segunda\/ca\/wp-json\/wp\/v2\/media?parent=244748"}],"wp:term":[{"taxonomy":"category","embeddable":true,"href":"https:\/\/www.tucomarca.com\/wordpress\/segunda\/ca\/wp-json\/wp\/v2\/categories?post=244748"},{"taxonomy":"post_tag","embeddable":true,"href":"https:\/\/www.tucomarca.com\/wordpress\/segunda\/ca\/wp-json\/wp\/v2\/tags?post=244748"}],"curies":[{"name":"wp","href":"https:\/\/api.w.org\/{rel}","templated":true}]}}