{"id":244761,"date":"2024-11-12T10:10:00","date_gmt":"2024-11-12T08:10:00","guid":{"rendered":"https:\/\/www.tucomarca.com\/wordpress\/segunda\/?p=244761"},"modified":"2024-11-12T18:42:15","modified_gmt":"2024-11-12T16:42:15","slug":"la-universitat-politecnica-de-valencia-imparteix-el-curs-comerc-internacional-per-al-sector-del-vi-dirigit-a-cellers-de-la-comarca","status":"publish","type":"post","link":"https:\/\/www.tucomarca.com\/wordpress\/segunda\/ca\/la-universitat-politecnica-de-valencia-imparteix-el-curs-comerc-internacional-per-al-sector-del-vi-dirigit-a-cellers-de-la-comarca\/","title":{"rendered":"La Universitat Polit\u00e8cnica de Val\u00e8ncia imparteix el curs \u201cComer\u00e7 internacional per al sector del vi\u201d dirigit a cellers de la comarca"},"content":{"rendered":"\n<h3 class=\"wp-block-heading\">Aquesta formaci\u00f3 especialitzada \u00e9s finan\u00e7ada per la Diputaci\u00f3 de Val\u00e8ncia i el programa s&#8217;ha dissenyat de manera col\u00b7laborativa entre el Projecte Adapt@+t de la Mancomunitat de l&#8217;Interior Terra del Vi, la DO Utiel-Requena, l&#8217;Escola de Viticultura i Enologia de Requena i Grup Covi\u00f1as.<\/h3>\n\n\n\n<p>Divendres passat 8 de novembre arrancava la primera sessi\u00f3 amb la participaci\u00f3 de 20 persones treballadores o gerents de diferents cellers de la comarca, aix\u00ed com titulats en vitivinicultura. La jornada d&#8217;inauguraci\u00f3 va comptar amb la pres\u00e8ncia de representants del Departament de Desenvolupament Rural i Despoblaci\u00f3 de la Diputaci\u00f3 de Val\u00e8ncia, aix\u00ed com del president de la MITV, Luis Francisco L\u00f3pez Yeves, que va voler destacar la import\u00e0ncia d&#8217;apostar per \u201cformacions m\u00e9s espec\u00edfiques i especialitzades, ja que permeten adquirir una visi\u00f3 m\u00e9s estrat\u00e8gica del treball de comercialitzaci\u00f3, que \u00e9s i exigeix ser m\u00e9s competitiu en el mercat global\u201d.<\/p>\n\n\n\n<p>Aquesta formaci\u00f3 <strong>impartida per la Universitat Polit\u00e8cnica de Val\u00e8ncia (UPV) \u00e9s possible gr\u00e0cies al finan\u00e7ament de la Diputaci\u00f3 de Val\u00e8ncia<\/strong> i ha sigut impulsada des del Projecte Adapt@+t de la Mancomunitat de l&#8217;Interior Terra del Vi (MITV). Una nova formaci\u00f3 especialitzada que sorgeix d&#8217;una necessitat comunicada pel sector en la Taula Sectorial d&#8217;Agricultura de l&#8217;Acord Territorial per l&#8217;Ocupaci\u00f3 i el Desenvolupament Local (ATEDL) de la MITV i que reafirma el comprom\u00eds d&#8217;aquesta entitat per fomentar la competitivitat del sector vin\u00edcola, un dels pilars de desenvolupament socioecon\u00f2mic de la comarca.<\/p>\n\n\n\n<p>L&#8217;objectiu d&#8217;aquesta formaci\u00f3 \u00e9s proporcionar coneixements clau per a la presa de decisions estrat\u00e8giques per a la internacionalitzaci\u00f3 de les empreses del sector del vi en tres eixos fonamentals: la diversificaci\u00f3 de mercats, la diferenciaci\u00f3 de productes i la digitalitzaci\u00f3.&nbsp;<\/p>\n\n\n\n<p>El <strong>programa did\u00e0ctic<\/strong> del curs s&#8217;ha <strong>dissenyat de manera col\u00b7laborativa entre el Projecte Adapt@+t de la MITV, la DO Utiel-Requena, l&#8217;Escola de Viticultura i Enologia de Requena i Grup Covi\u00f1as<\/strong>.<\/p>\n\n\n\n<p><strong>Implementar una estrat\u00e8gia d&#8217;internacionalitzaci\u00f3&nbsp;<\/strong><\/p>\n\n\n\n<p>El curs \u201cComer\u00e7 Internacional per al Sector del Vi\u201d consta de <strong>5 m\u00f2duls amb una duraci\u00f3 total de 75 hores<\/strong>, que s&#8217;imparteixen per professors amb \u00e0mplia experi\u00e8ncia en internacionalitzaci\u00f3, de manera <strong>semipresencial en la plataforma d&#8217;e-learning de la UPV i la seu de l&#8217;Escola de Vinicultura i Enologia de Requena.&nbsp;<\/strong><\/p>\n\n\n\n<p>Fins al 14 de desembre, l&#8217;alumnat treballar\u00e0 les principals t\u00e8cniques de diagn\u00f2stic d&#8217;internacionalitzaci\u00f3 i el context actual del mercat internacional del vi, les eines per a conformar una estrat\u00e8gia d&#8217;internacionalitzaci\u00f3 i m\u00e0rqueting dels seus productes, aix\u00ed com els models de negoci comer\u00e7 electr\u00f2nic i l&#8217;operativa d&#8217;exportaci\u00f3.&nbsp;<\/p>\n\n\n\n<p>ADAPT@+T \u00e9s el projecte d&#8217;Ocupaci\u00f3, Emprenedoria, Economia Social i Desenvolupament Local de la MITV, emmarcat en els programes AVALEM TERRITORI i EMPACE 2023-2024 del Servici Valenci\u00e0 d&#8217;Ocupaci\u00f3 i Formaci\u00f3 (LABORA), que persegueix els objectius fixats pel Pacte Territorial per l&#8217;Ocupaci\u00f3 i el Desenvolupament Local, signant per la MITV al costat dels nou municipis de la comarca: Camporrobles, Caudete de las Fuentes, Xera, Fuenterrobles, Requena, Sinarques, Utiel, Venta del Moro i Villargordo del Cabriel.<\/p>\n","protected":false},"excerpt":{"rendered":"<div class=\"mh-excerpt\">Aquesta formaci\u00f3 especialitzada \u00e9s finan\u00e7ada per la Diputaci\u00f3 de Val\u00e8ncia i el programa s&#8217;ha dissenyat de manera col\u00b7laborativa entre el Projecte Adapt@+t de la Mancomunitat de l&#8217;Interior Terra del Vi, la DO Utiel-Requena, l&#8217;Escola de <a class=\"mh-excerpt-more\" href=\"https:\/\/www.tucomarca.com\/wordpress\/segunda\/ca\/la-universitat-politecnica-de-valencia-imparteix-el-curs-comerc-internacional-per-al-sector-del-vi-dirigit-a-cellers-de-la-comarca\/\" title=\"La Universitat Polit\u00e8cnica de Val\u00e8ncia imparteix el curs \u201cComer\u00e7 internacional per al sector del vi\u201d dirigit a cellers de la comarca\">[+] <\/a><\/div>\n","protected":false},"author":13,"featured_media":244758,"comment_status":"open","ping_status":"open","sticky":false,"template":"","format":"standard","meta":{"footnotes":""},"categories":[11019,10905,11006,10948,10894,10903,11007,10947,10908,10909,10896],"tags":[21075,15856,11099,10910],"class_list":{"0":"post-244761","1":"post","2":"type-post","3":"status-publish","4":"format-standard","5":"has-post-thumbnail","7":"category-agenda-ca","8":"category-agricultura-la-comarca-ca","9":"category-canal-vinos","10":"category-infraestructuras-ca","11":"category-la-comarca-ca","12":"category-medio-ambiente-la-comarca-ca","13":"category-ocio-y-cultura-ca","14":"category-politica","15":"category-requena-ca","16":"category-requena-utiel-ca","17":"category-seccion-ca","18":"tag-canal-vinos-ca","19":"tag-ocio-y-cultura-ca","20":"tag-requena-ca","21":"tag-requena-utiel-ca"},"_links":{"self":[{"href":"https:\/\/www.tucomarca.com\/wordpress\/segunda\/ca\/wp-json\/wp\/v2\/posts\/244761","targetHints":{"allow":["GET"]}}],"collection":[{"href":"https:\/\/www.tucomarca.com\/wordpress\/segunda\/ca\/wp-json\/wp\/v2\/posts"}],"about":[{"href":"https:\/\/www.tucomarca.com\/wordpress\/segunda\/ca\/wp-json\/wp\/v2\/types\/post"}],"author":[{"embeddable":true,"href":"https:\/\/www.tucomarca.com\/wordpress\/segunda\/ca\/wp-json\/wp\/v2\/users\/13"}],"replies":[{"embeddable":true,"href":"https:\/\/www.tucomarca.com\/wordpress\/segunda\/ca\/wp-json\/wp\/v2\/comments?post=244761"}],"version-history":[{"count":0,"href":"https:\/\/www.tucomarca.com\/wordpress\/segunda\/ca\/wp-json\/wp\/v2\/posts\/244761\/revisions"}],"wp:featuredmedia":[{"embeddable":true,"href":"https:\/\/www.tucomarca.com\/wordpress\/segunda\/ca\/wp-json\/wp\/v2\/media\/244758"}],"wp:attachment":[{"href":"https:\/\/www.tucomarca.com\/wordpress\/segunda\/ca\/wp-json\/wp\/v2\/media?parent=244761"}],"wp:term":[{"taxonomy":"category","embeddable":true,"href":"https:\/\/www.tucomarca.com\/wordpress\/segunda\/ca\/wp-json\/wp\/v2\/categories?post=244761"},{"taxonomy":"post_tag","embeddable":true,"href":"https:\/\/www.tucomarca.com\/wordpress\/segunda\/ca\/wp-json\/wp\/v2\/tags?post=244761"}],"curies":[{"name":"wp","href":"https:\/\/api.w.org\/{rel}","templated":true}]}}