{"id":244842,"date":"2024-11-12T09:10:00","date_gmt":"2024-11-12T07:10:00","guid":{"rendered":"https:\/\/www.tucomarca.com\/wordpress\/segunda\/?p=244842"},"modified":"2024-11-12T19:02:33","modified_gmt":"2024-11-12T17:02:33","slug":"la-diputacio-de-valencia-coordina-amb-creu-roja-lentrega-de-kits-dabric-en-municipis-afectats-per-la-dana","status":"publish","type":"post","link":"https:\/\/www.tucomarca.com\/wordpress\/segunda\/ca\/la-diputacio-de-valencia-coordina-amb-creu-roja-lentrega-de-kits-dabric-en-municipis-afectats-per-la-dana\/","title":{"rendered":"La Diputaci\u00f3 de Val\u00e8ncia coordina amb Creu Roja l\u2019entrega de kits d&#8217;abric en municipis afectats per la DANA"},"content":{"rendered":"\n<h3 class=\"wp-block-heading\">Durant el dimarts i el dimecres, es repartiran 1.800 caixes amb materials estandarditzats de la Direcci\u00f3 General de Protecci\u00f3 Civil i Emerg\u00e8ncies del Ministeri de l&#8217;Interior, que donaran cobertura a 9.000 persones d&#8217;Aldaia, Catarroja, Paiporta, Sedav\u00ed, Picanya, Albal, Alfafar i Beniparrell.<\/h3>\n\n\n\n<p>La Diputaci\u00f3 de Val\u00e8ncia coordina amb Creu Roja l\u2019entrega de kits d&#8217;abric i higiene de la Direcci\u00f3 General de Protecci\u00f3 Civil a la poblaci\u00f3 afectada per la DANA en els municipis d&#8217;Aldaia, Catarroja, Paiporta, Sedav\u00ed, Picanya, Albal, Alfafar i Beniparrell. El dispositiu, que es dur\u00e0 a terme durant les jornades del dimarts i el dimecres davant la previsi\u00f3 del descens de les temperatures, suposar\u00e0 el repartiment per part de Creu Roja de 1.800 caixes que donaran cobertura a 9.000 persones; es tracta de kits amb materials estandarditzats de Protecci\u00f3 Civil que, mitjan\u00e7ant un acord entre el Ministeri de l&#8217;Interior i l&#8217;entitat social, esta \u00faltima realitza l\u2019entrega amb la col\u00b7laboraci\u00f3 de la Diputaci\u00f3 de Val\u00e8ncia, que coordina la distribuci\u00f3 en les poblacions.<\/p>\n\n\n\n<p>El repartiment s&#8217;est\u00e0 duent a terme en diferents punts de distribuci\u00f3 d&#8217;estos municipis, que han sigut seleccionats per la Diputaci\u00f3 de Val\u00e8ncia juntament amb els ajuntaments. Es tracta de caixes que inclouen elements essencials per al descans i la higiene d&#8217;una fam\u00edlia integrada per cinc persones; cont\u00e9 cinc llits inflables, cinc mantes acr\u00edliques polars, una bomba d&#8217;unflat manual i cinc necessers amb productes d&#8217;higiene, una tovallola i un llen\u00e7ol d&#8217;un sol \u00fas.<\/p>\n\n\n\n<figure class=\"wp-block-image size-large\"><img loading=\"lazy\" decoding=\"async\" width=\"1024\" height=\"684\" src=\"http:\/\/www.tucomarca.com\/wordpress\/segunda\/wp-content\/uploads\/2024\/11\/DANADipu_CruzRoja1-1024x684.jpg\" alt=\"\" class=\"wp-image-244833\" srcset=\"https:\/\/www.tucomarca.com\/wordpress\/segunda\/wp-content\/uploads\/2024\/11\/DANADipu_CruzRoja1-1024x684.jpg 1024w, https:\/\/www.tucomarca.com\/wordpress\/segunda\/wp-content\/uploads\/2024\/11\/DANADipu_CruzRoja1-300x200.jpg 300w, https:\/\/www.tucomarca.com\/wordpress\/segunda\/wp-content\/uploads\/2024\/11\/DANADipu_CruzRoja1-768x513.jpg 768w, https:\/\/www.tucomarca.com\/wordpress\/segunda\/wp-content\/uploads\/2024\/11\/DANADipu_CruzRoja1.jpg 1181w\" sizes=\"auto, (max-width: 1024px) 100vw, 1024px\" \/><\/figure>\n\n\n\n<p>\u201cEstem posant totes les nostres ferramentes al servici de les entitats per a donar resposta als nostres pobles, amb les persones en el centre de les nostres actuacions\u201d, ha apuntat el president de la Diputaci\u00f3 de Val\u00e8ncia, Vicent Momp\u00f3. En este sentit, ha assenyalat que des del primer moment la corporaci\u00f3 provincial ha posat tots els seus mitjans al servici dels alcaldes i alcaldesses. \u201cVolem que s\u00e0pien que en estos moments tan complicats, la Diputaci\u00f3 est\u00e0 al seu costat, ajudant-los en tot el que necessiten; a les actuacions de reparaci\u00f3 en carreteres, recuperaci\u00f3 de les xarxes d&#8217;aigua potable, treballs d&#8217;auxili i neteja per part del Consorci de Bombers i les inversions d&#8217;urg\u00e8ncia, s&#8217;han sumat tamb\u00e9 altres mesures de car\u00e0cter administratiu i tributari amb la finalitat de facilitar el treball als alcaldes i alcaldesses, a m\u00e9s de mediar i col\u00b7laborar amb altres institucions i organismes\u201d, ha destacat.<\/p>\n","protected":false},"excerpt":{"rendered":"<div class=\"mh-excerpt\">Durant el dimarts i el dimecres, es repartiran 1.800 caixes amb materials estandarditzats de la Direcci\u00f3 General de Protecci\u00f3 Civil i Emerg\u00e8ncies del Ministeri de l&#8217;Interior, que donaran cobertura a 9.000 persones d&#8217;Aldaia, Catarroja, Paiporta, <a class=\"mh-excerpt-more\" href=\"https:\/\/www.tucomarca.com\/wordpress\/segunda\/ca\/la-diputacio-de-valencia-coordina-amb-creu-roja-lentrega-de-kits-dabric-en-municipis-afectats-per-la-dana\/\" title=\"La Diputaci\u00f3 de Val\u00e8ncia coordina amb Creu Roja l\u2019entrega de kits d&#8217;abric en municipis afectats per la DANA\">[+] <\/a><\/div>\n","protected":false},"author":12,"featured_media":244836,"comment_status":"open","ping_status":"open","sticky":false,"template":"","format":"standard","meta":{"footnotes":""},"categories":[21466,10898,10948,10894,10904,10947,10896,10897],"tags":[12468,15409,11246],"class_list":{"0":"post-244842","1":"post","2":"type-post","3":"status-publish","4":"format-standard","5":"has-post-thumbnail","7":"category-dana-ca","8":"category-ventana-ca","9":"category-infraestructuras-ca","10":"category-la-comarca-ca","11":"category-sin-categorizar-ca","12":"category-politica","13":"category-seccion-ca","14":"category-sucesos-la-comarca-ca","15":"tag-cruz-roja-ca","16":"tag-dana-2-ca","17":"tag-diputacio-de-valencia-ca"},"_links":{"self":[{"href":"https:\/\/www.tucomarca.com\/wordpress\/segunda\/ca\/wp-json\/wp\/v2\/posts\/244842","targetHints":{"allow":["GET"]}}],"collection":[{"href":"https:\/\/www.tucomarca.com\/wordpress\/segunda\/ca\/wp-json\/wp\/v2\/posts"}],"about":[{"href":"https:\/\/www.tucomarca.com\/wordpress\/segunda\/ca\/wp-json\/wp\/v2\/types\/post"}],"author":[{"embeddable":true,"href":"https:\/\/www.tucomarca.com\/wordpress\/segunda\/ca\/wp-json\/wp\/v2\/users\/12"}],"replies":[{"embeddable":true,"href":"https:\/\/www.tucomarca.com\/wordpress\/segunda\/ca\/wp-json\/wp\/v2\/comments?post=244842"}],"version-history":[{"count":0,"href":"https:\/\/www.tucomarca.com\/wordpress\/segunda\/ca\/wp-json\/wp\/v2\/posts\/244842\/revisions"}],"wp:featuredmedia":[{"embeddable":true,"href":"https:\/\/www.tucomarca.com\/wordpress\/segunda\/ca\/wp-json\/wp\/v2\/media\/244836"}],"wp:attachment":[{"href":"https:\/\/www.tucomarca.com\/wordpress\/segunda\/ca\/wp-json\/wp\/v2\/media?parent=244842"}],"wp:term":[{"taxonomy":"category","embeddable":true,"href":"https:\/\/www.tucomarca.com\/wordpress\/segunda\/ca\/wp-json\/wp\/v2\/categories?post=244842"},{"taxonomy":"post_tag","embeddable":true,"href":"https:\/\/www.tucomarca.com\/wordpress\/segunda\/ca\/wp-json\/wp\/v2\/tags?post=244842"}],"curies":[{"name":"wp","href":"https:\/\/api.w.org\/{rel}","templated":true}]}}