{"id":244868,"date":"2024-11-12T08:15:00","date_gmt":"2024-11-12T06:15:00","guid":{"rendered":"https:\/\/www.tucomarca.com\/wordpress\/segunda\/?p=244868"},"modified":"2024-11-12T20:17:05","modified_gmt":"2024-11-12T18:17:05","slug":"la-generalitat-centralitza-la-informacio-sobre-ajudes-a-les-persones-afectades-per-la-dana-en-la-pagina-web-som-solidaritat","status":"publish","type":"post","link":"https:\/\/www.tucomarca.com\/wordpress\/segunda\/ca\/la-generalitat-centralitza-la-informacio-sobre-ajudes-a-les-persones-afectades-per-la-dana-en-la-pagina-web-som-solidaritat\/","title":{"rendered":"La Generalitat centralitza la informaci\u00f3 sobre ajudes a les persones afectades per la dana en la p\u00e0gina web som solidaritat"},"content":{"rendered":"\n<h3 class=\"wp-block-heading\">La web\u00a0<a href=\"https:\/\/somsolidaritat.gva.es\/\" target=\"_blank\" rel=\"noreferrer noopener\">somsolidaritat.gva.es<\/a>\u00a0ofereix la possibilitat de tramitar les ajudes telem\u00e0ticament.<\/h3>\n\n\n\n<h3 class=\"wp-block-heading\">Aquesta eina tamb\u00e9 permet consultar l&#8217;estat dels serveis del transport p\u00fablic i els diferents avisos i actualitzacions de Metrovalencia, Renfe i Metrob\u00fas.<\/h3>\n\n\n\n<p>La Generalitat ha actualitzat la p\u00e0gina web som solidaritat per a oferir de manera centralitzada tota la informaci\u00f3 de servei p\u00fablic dirigida a les persones afectades per la dana.&nbsp;<\/p>\n\n\n\n<p>Aquesta nova eina facilita la tramitaci\u00f3 de les ajudes directes de la Generalitat per a b\u00e9ns de primera necessitat, i ofereix informaci\u00f3 sobre noves rutes del transport metropolit\u00e0, punts on acudir per a rebre suport psicosocial, recomanacions sanit\u00e0ries, com realitzar donacions o la coordinaci\u00f3 del voluntariat.<\/p>\n\n\n\n<p>En concret, les persones damnificades poden presentar la seua sol\u00b7licitud d&#8217;ajuda de manera telem\u00e0tica i tamb\u00e9 pot trobar els enlla\u00e7os al registre de la propietat o al col\u00b7legi notarial de Val\u00e8ncia per a poder obtindre la tramitaci\u00f3 de la nota simple del registre, c\u00f2pies de les escriptures p\u00fabliques de les seues propietats i aquelles actes notarials que necessiten presentar per a gestionar les ajudes d&#8217;habitatges davant les asseguradores o el Consorci de Compensaci\u00f3 d&#8217;Assegurances.<\/p>\n\n\n\n<p>En la p\u00e0gina web tamb\u00e9 es pot trobar el llistat d&#8217;oficines de coordinaci\u00f3 de postemerg\u00e8ncia, on es poden realitzar els tr\u00e0mits de manera presencial.<\/p>\n\n\n\n<p>De la mateixa manera, tamb\u00e9 s&#8217;ofereix informaci\u00f3 sobre la tramitaci\u00f3 de les ajudes dirigides als municipis, un enlla\u00e7 a les ajudes de l&#8217;Administraci\u00f3 General de l&#8217;Estat, un apartat per a consultar l&#8217;estat dels serveis del transport p\u00fablic i els diferents avisos i actualitzacions de Metrovalencia, Renfe i Metrob\u00fas, recomanacions sanit\u00e0ries, i el llistat d&#8217;oficines d&#8217;ajuda psicosocial.<\/p>\n\n\n\n<p><strong>Gesti\u00f3 de voluntariat i donacions<\/strong><\/p>\n\n\n\n<p>En la web tamb\u00e9 poden trobar un apartat perqu\u00e8 les persones que ho desitgen puguen inscriure&#8217;s per a fer tasques de voluntariat, aix\u00ed com un formulari per a canalitzar de manera ordenada l&#8217;ajuda material per a les persones i fam\u00edlies afectades, en funci\u00f3 de les necessitats i demandes de les entitats locals, informaci\u00f3 sobre els contractes d&#8217;urg\u00e8ncia i emerg\u00e8ncia i informaci\u00f3 cartogr\u00e0fica<\/p>\n","protected":false},"excerpt":{"rendered":"<div class=\"mh-excerpt\">La web\u00a0somsolidaritat.gva.es\u00a0ofereix la possibilitat de tramitar les ajudes telem\u00e0ticament. Aquesta eina tamb\u00e9 permet consultar l&#8217;estat dels serveis del transport p\u00fablic i els diferents avisos i actualitzacions de Metrovalencia, Renfe i Metrob\u00fas. La Generalitat ha actualitzat <a class=\"mh-excerpt-more\" href=\"https:\/\/www.tucomarca.com\/wordpress\/segunda\/ca\/la-generalitat-centralitza-la-informacio-sobre-ajudes-a-les-persones-afectades-per-la-dana-en-la-pagina-web-som-solidaritat\/\" title=\"La Generalitat centralitza la informaci\u00f3 sobre ajudes a les persones afectades per la dana en la p\u00e0gina web som solidaritat\">[+] <\/a><\/div>\n","protected":false},"author":13,"featured_media":243785,"comment_status":"open","ping_status":"open","sticky":false,"template":"","format":"standard","meta":{"footnotes":""},"categories":[21466,10898,10948,10894,10904,10947,10896,10897],"tags":[16483,15409,12903,11199],"class_list":{"0":"post-244868","1":"post","2":"type-post","3":"status-publish","4":"format-standard","5":"has-post-thumbnail","7":"category-dana-ca","8":"category-ventana-ca","9":"category-infraestructuras-ca","10":"category-la-comarca-ca","11":"category-sin-categorizar-ca","12":"category-politica","13":"category-seccion-ca","14":"category-sucesos-la-comarca-ca","15":"tag-ayuda-ca","16":"tag-dana-2-ca","17":"tag-infraestructuras-ca","18":"tag-la-comunitat-ca"},"_links":{"self":[{"href":"https:\/\/www.tucomarca.com\/wordpress\/segunda\/ca\/wp-json\/wp\/v2\/posts\/244868","targetHints":{"allow":["GET"]}}],"collection":[{"href":"https:\/\/www.tucomarca.com\/wordpress\/segunda\/ca\/wp-json\/wp\/v2\/posts"}],"about":[{"href":"https:\/\/www.tucomarca.com\/wordpress\/segunda\/ca\/wp-json\/wp\/v2\/types\/post"}],"author":[{"embeddable":true,"href":"https:\/\/www.tucomarca.com\/wordpress\/segunda\/ca\/wp-json\/wp\/v2\/users\/13"}],"replies":[{"embeddable":true,"href":"https:\/\/www.tucomarca.com\/wordpress\/segunda\/ca\/wp-json\/wp\/v2\/comments?post=244868"}],"version-history":[{"count":0,"href":"https:\/\/www.tucomarca.com\/wordpress\/segunda\/ca\/wp-json\/wp\/v2\/posts\/244868\/revisions"}],"wp:featuredmedia":[{"embeddable":true,"href":"https:\/\/www.tucomarca.com\/wordpress\/segunda\/ca\/wp-json\/wp\/v2\/media\/243785"}],"wp:attachment":[{"href":"https:\/\/www.tucomarca.com\/wordpress\/segunda\/ca\/wp-json\/wp\/v2\/media?parent=244868"}],"wp:term":[{"taxonomy":"category","embeddable":true,"href":"https:\/\/www.tucomarca.com\/wordpress\/segunda\/ca\/wp-json\/wp\/v2\/categories?post=244868"},{"taxonomy":"post_tag","embeddable":true,"href":"https:\/\/www.tucomarca.com\/wordpress\/segunda\/ca\/wp-json\/wp\/v2\/tags?post=244868"}],"curies":[{"name":"wp","href":"https:\/\/api.w.org\/{rel}","templated":true}]}}