{"id":244971,"date":"2024-11-13T08:00:00","date_gmt":"2024-11-13T06:00:00","guid":{"rendered":"https:\/\/www.tucomarca.com\/wordpress\/segunda\/?p=244971"},"modified":"2024-11-13T12:48:46","modified_gmt":"2024-11-13T10:48:46","slug":"opinio-cristobal-aguado-laza-president-de-ava-asaja-lecologisme-radical-mata","status":"publish","type":"post","link":"https:\/\/www.tucomarca.com\/wordpress\/segunda\/ca\/opinio-cristobal-aguado-laza-president-de-ava-asaja-lecologisme-radical-mata\/","title":{"rendered":"Opini\u00f3. Crist\u00f3bal Aguado Laza, President de AVA-Asaja: &#8220;L&#8217;ecologisme radical mata&#8221;"},"content":{"rendered":"\n<p>A priori, saps que una DANA \u00e9s un fenomen que provocar\u00e0 problemes. Desconeixes exactament quants litres cauran per metre quadrat, o quines zones concretes seran les m\u00e9s castigades. Per\u00f2 aquesta part del Mediterrani \u00e9s propensa a aquests temporals, han ocorregut sempre i el m\u00e9s segur \u00e9s que tornen a succeir.<\/p>\n\n\n\n<p>Quan la riuada de 1957 els valencians vam aprendre que calia evitar que la pluja tornara a arrasar la ciutat i es va fer un llit nou del riu T\u00faria. Per\u00f2 en els \u00faltims anys els governants semblaven haver oblidat la lli\u00e7\u00f3 i no van fer pr\u00e0cticament res malgrat els advertiments que d\u00e9iem des de AVA-ASAJA. Aquesta DANA ha posat en relleu que necessitem m\u00e9s infraestructures d&#8217;emmagatzematge, retenci\u00f3 i conducci\u00f3 d&#8217;aigua que hagueren minimitzat l&#8217;impacte. Quant temps portem parlant de construir una presa a Vilamarxant, una presa a Xest o una connexi\u00f3 dels diferents rius i barrancs? Fixeu-vos en el paper que va fer la presa de Forata: si no arriba a estar, quin m\u00e9s haguera passat?<\/p>\n\n\n\n<p>Tamb\u00e9 hem estat insistint en la necessitat de netejar els llits i barrancs. Perqu\u00e8 si no es fa, i fins i tot si es multa als agricultors i ve\u00efns que volen donar un \u00fas a les canyes com feien tota la vida, les aig\u00fces torrencials, repletes de material vegetal, trenquen ponts i tot al seu pas. Que hi ha zones inundables on no hauria d&#8217;haver-se constru\u00eft? En eixos casos, ara ja est\u00e0 edificat i l&#8217;\u00fanica cosa que podem fer \u00e9s protegir-ho de futures inundacions.<\/p>\n\n\n\n<p>En efecte, el primer \u00e9s ajudar a tots els damnificats, i el segon, decidir com evitem que aquesta cat\u00e0strofe torne a succeir. En aquest sentit, entenem que totes aquestes infraestructures a les quals al\u00b7ludia no s&#8217;han fet b\u00e0sicament per ideologia. Un absurd pseudoecologisme radical ha impedit que es fera el que el sentit com\u00fa i la ci\u00e8ncia constrenyen. Enlairar els peus de la terra i escriure en l&#8217;aire, pensar que s&#8217;ha de deixar tot natural i aprovar lleis de l&#8217;horta sense tindre en compte a les persones que fan possible eixa horta, o lleis de restauraci\u00f3 de la naturalesa que destrueixen l&#8217;agricultura, eixe ecologisme radical, com hem vist, mata.&nbsp;<\/p>\n\n\n\n<p>Estem farts que les riuades una vegada i una altra castiguen el sector agrari. Estem cansats de replantar arbres de la nostra butxaca, de refer camins, reactivar pous de reg, recol\u00b7locar tanques i recomprar maquin\u00e0ria. Per favor, una vegada fem costat r\u00e0pidament a tots els afectats en tots els nivells, no perdem ni un minut a anteposar la ci\u00e8ncia a la filosofia, a buscar experts que aconseguisquen un pla de futur consensuat de tots els partits pol\u00edtics i a posar en marxa una nova pol\u00edtica hidrol\u00f2gica per a evitar que una altra DANA cause tants danys i mat. I si de pas ens permet emmagatzemar m\u00e9s aigua en temps de sequera, doncs millor.<\/p>\n\n\n\n<figure class=\"wp-block-image size-full\"><img loading=\"lazy\" decoding=\"async\" width=\"900\" height=\"561\" src=\"https:\/\/www.tucomarca.com\/wordpress\/segunda\/wp-content\/uploads\/2024\/11\/ava_asaja_dana_naranjas.jpg\" alt=\"\" class=\"wp-image-244968\" srcset=\"https:\/\/www.tucomarca.com\/wordpress\/segunda\/wp-content\/uploads\/2024\/11\/ava_asaja_dana_naranjas.jpg 900w, https:\/\/www.tucomarca.com\/wordpress\/segunda\/wp-content\/uploads\/2024\/11\/ava_asaja_dana_naranjas-300x187.jpg 300w, https:\/\/www.tucomarca.com\/wordpress\/segunda\/wp-content\/uploads\/2024\/11\/ava_asaja_dana_naranjas-768x479.jpg 768w\" sizes=\"auto, (max-width: 900px) 100vw, 900px\" \/><\/figure>\n","protected":false},"excerpt":{"rendered":"<div class=\"mh-excerpt\">A priori, saps que una DANA \u00e9s un fenomen que provocar\u00e0 problemes. Desconeixes exactament quants litres cauran per metre quadrat, o quines zones concretes seran les m\u00e9s castigades. Per\u00f2 aquesta part del Mediterrani \u00e9s propensa <a class=\"mh-excerpt-more\" href=\"https:\/\/www.tucomarca.com\/wordpress\/segunda\/ca\/opinio-cristobal-aguado-laza-president-de-ava-asaja-lecologisme-radical-mata\/\" title=\"Opini\u00f3. Crist\u00f3bal Aguado Laza, President de AVA-Asaja: &#8220;L&#8217;ecologisme radical mata&#8221;\">[+] <\/a><\/div>\n","protected":false},"author":12,"featured_media":183872,"comment_status":"open","ping_status":"open","sticky":false,"template":"","format":"standard","meta":{"footnotes":""},"categories":[10905,10892,21466,10898,10948,10894,10904,10912,10903,11020,11021,10947,10896,10897,10927,10974],"tags":[11309,11924,15409,11199,12166,11958],"class_list":{"0":"post-244971","1":"post","2":"type-post","3":"status-publish","4":"format-standard","5":"has-post-thumbnail","7":"category-agricultura-la-comarca-ca","8":"category-camp-de-turia-ca","9":"category-dana-ca","10":"category-ventana-ca","11":"category-infraestructuras-ca","12":"category-la-comarca-ca","13":"category-sin-categorizar-ca","14":"category-la-hoya-ca","15":"category-medio-ambiente-la-comarca-ca","16":"category-opinion-ca","17":"category-opinion-ca-2","18":"category-politica","19":"category-seccion-ca","20":"category-sucesos-la-comarca-ca","21":"category-vilamarxant-ca","22":"category-cheste-ca","23":"tag-agricultura-ca","24":"tag-ava-asaja-ca","25":"tag-dana-2-ca","26":"tag-la-comunitat-ca","27":"tag-medio-ambiente-ca","28":"tag-opinion-3-ca"},"_links":{"self":[{"href":"https:\/\/www.tucomarca.com\/wordpress\/segunda\/ca\/wp-json\/wp\/v2\/posts\/244971","targetHints":{"allow":["GET"]}}],"collection":[{"href":"https:\/\/www.tucomarca.com\/wordpress\/segunda\/ca\/wp-json\/wp\/v2\/posts"}],"about":[{"href":"https:\/\/www.tucomarca.com\/wordpress\/segunda\/ca\/wp-json\/wp\/v2\/types\/post"}],"author":[{"embeddable":true,"href":"https:\/\/www.tucomarca.com\/wordpress\/segunda\/ca\/wp-json\/wp\/v2\/users\/12"}],"replies":[{"embeddable":true,"href":"https:\/\/www.tucomarca.com\/wordpress\/segunda\/ca\/wp-json\/wp\/v2\/comments?post=244971"}],"version-history":[{"count":0,"href":"https:\/\/www.tucomarca.com\/wordpress\/segunda\/ca\/wp-json\/wp\/v2\/posts\/244971\/revisions"}],"wp:featuredmedia":[{"embeddable":true,"href":"https:\/\/www.tucomarca.com\/wordpress\/segunda\/ca\/wp-json\/wp\/v2\/media\/183872"}],"wp:attachment":[{"href":"https:\/\/www.tucomarca.com\/wordpress\/segunda\/ca\/wp-json\/wp\/v2\/media?parent=244971"}],"wp:term":[{"taxonomy":"category","embeddable":true,"href":"https:\/\/www.tucomarca.com\/wordpress\/segunda\/ca\/wp-json\/wp\/v2\/categories?post=244971"},{"taxonomy":"post_tag","embeddable":true,"href":"https:\/\/www.tucomarca.com\/wordpress\/segunda\/ca\/wp-json\/wp\/v2\/tags?post=244971"}],"curies":[{"name":"wp","href":"https:\/\/api.w.org\/{rel}","templated":true}]}}