{"id":245022,"date":"2024-11-13T14:00:00","date_gmt":"2024-11-13T12:00:00","guid":{"rendered":"https:\/\/www.tucomarca.com\/wordpress\/segunda\/?p=245022"},"modified":"2024-11-13T16:46:05","modified_gmt":"2024-11-13T14:46:05","slug":"testimoniatges-de-la-tragedia-el-drama-de-les-families-desallotjades-dels-seus-habitatges-a-causa-de-la-dana","status":"publish","type":"post","link":"https:\/\/www.tucomarca.com\/wordpress\/segunda\/ca\/testimoniatges-de-la-tragedia-el-drama-de-les-families-desallotjades-dels-seus-habitatges-a-causa-de-la-dana\/","title":{"rendered":"Testimoniatges de la trag\u00e8dia: el drama de les fam\u00edlies desallotjades dels seus habitatges a causa de la DANA"},"content":{"rendered":"\n<figure class=\"wp-block-embed is-type-video is-provider-youtube wp-block-embed-youtube wp-embed-aspect-16-9 wp-has-aspect-ratio\"><div class=\"wp-block-embed__wrapper\">\n<iframe loading=\"lazy\" title=\"Testimonios de la tragedia: el drama de las familias desalojadas de sus viviendas a causa de la DANA\" width=\"500\" height=\"281\" src=\"https:\/\/www.youtube.com\/embed\/vhoaNW2a-zQ?feature=oembed\" frameborder=\"0\" allow=\"accelerometer; autoplay; clipboard-write; encrypted-media; gyroscope; picture-in-picture; web-share\" referrerpolicy=\"strict-origin-when-cross-origin\" allowfullscreen><\/iframe>\n<\/div><\/figure>\n\n\n\n<p>Els desallotjaments en habitatges s&#8217;han produ\u00eft durant el mateix moment de la crescuda, com a Utiel i a Xiva, i tamb\u00e9 s&#8217;han dut a terme posteriorment motivats pel risc de solsida d&#8217;habitatges, com el cas del Barri de Bechinos o el carrer Ram\u00f3n y Cajal, on ha sigut desallotjat tot un bloc de cases, com Mar\u00eda \u00c1ngeles Bellido, desallotjada amb la seua fam\u00edlia, relata amb tristesa.<\/p>\n","protected":false},"excerpt":{"rendered":"<div class=\"mh-excerpt\">Els desallotjaments en habitatges s&#8217;han produ\u00eft durant el mateix moment de la crescuda, com a Utiel i a Xiva, i tamb\u00e9 s&#8217;han dut a terme posteriorment motivats pel risc de solsida d&#8217;habitatges, com el cas <a class=\"mh-excerpt-more\" href=\"https:\/\/www.tucomarca.com\/wordpress\/segunda\/ca\/testimoniatges-de-la-tragedia-el-drama-de-les-families-desallotjades-dels-seus-habitatges-a-causa-de-la-dana\/\" title=\"Testimoniatges de la trag\u00e8dia: el drama de les fam\u00edlies desallotjades dels seus habitatges a causa de la DANA\">[+] <\/a><\/div>\n","protected":false},"author":1,"featured_media":245020,"comment_status":"open","ping_status":"open","sticky":false,"template":"","format":"video","meta":{"footnotes":""},"categories":[21466,10898,10948,10894,10904,10912,10896,10897,11062,10975],"tags":[11195,15409,21544,10914],"class_list":{"0":"post-245022","1":"post","2":"type-post","3":"status-publish","4":"format-video","5":"has-post-thumbnail","7":"category-dana-ca","8":"category-ventana-ca","9":"category-infraestructuras-ca","10":"category-la-comarca-ca","11":"category-sin-categorizar-ca","12":"category-la-hoya-ca","13":"category-seccion-ca","14":"category-sucesos-la-comarca-ca","15":"category-videos","16":"category-chiva-ca","17":"tag-chiva-ca","18":"tag-dana-2-ca","19":"tag-desalojados-ca","20":"tag-la-hoya-de-bunol-chiva-ca","21":"post_format-post-format-video"},"_links":{"self":[{"href":"https:\/\/www.tucomarca.com\/wordpress\/segunda\/ca\/wp-json\/wp\/v2\/posts\/245022","targetHints":{"allow":["GET"]}}],"collection":[{"href":"https:\/\/www.tucomarca.com\/wordpress\/segunda\/ca\/wp-json\/wp\/v2\/posts"}],"about":[{"href":"https:\/\/www.tucomarca.com\/wordpress\/segunda\/ca\/wp-json\/wp\/v2\/types\/post"}],"author":[{"embeddable":true,"href":"https:\/\/www.tucomarca.com\/wordpress\/segunda\/ca\/wp-json\/wp\/v2\/users\/1"}],"replies":[{"embeddable":true,"href":"https:\/\/www.tucomarca.com\/wordpress\/segunda\/ca\/wp-json\/wp\/v2\/comments?post=245022"}],"version-history":[{"count":0,"href":"https:\/\/www.tucomarca.com\/wordpress\/segunda\/ca\/wp-json\/wp\/v2\/posts\/245022\/revisions"}],"wp:featuredmedia":[{"embeddable":true,"href":"https:\/\/www.tucomarca.com\/wordpress\/segunda\/ca\/wp-json\/wp\/v2\/media\/245020"}],"wp:attachment":[{"href":"https:\/\/www.tucomarca.com\/wordpress\/segunda\/ca\/wp-json\/wp\/v2\/media?parent=245022"}],"wp:term":[{"taxonomy":"category","embeddable":true,"href":"https:\/\/www.tucomarca.com\/wordpress\/segunda\/ca\/wp-json\/wp\/v2\/categories?post=245022"},{"taxonomy":"post_tag","embeddable":true,"href":"https:\/\/www.tucomarca.com\/wordpress\/segunda\/ca\/wp-json\/wp\/v2\/tags?post=245022"}],"curies":[{"name":"wp","href":"https:\/\/api.w.org\/{rel}","templated":true}]}}